{"id":28770,"date":"2025-11-16T23:32:34","date_gmt":"2025-11-17T02:32:34","guid":{"rendered":"https:\/\/www.sportchaco.com.ar\/?p=28770"},"modified":"2025-11-16T23:32:37","modified_gmt":"2025-11-17T02:32:37","slug":"efemerides-del-17-de-noviembre-4","status":"publish","type":"post","link":"https:\/\/www.sportchaco.com.ar\/?p=28770","title":{"rendered":"Efem\u00e9rides del 17 de noviembre"},"content":{"rendered":"<div class=\"container fullwidth-entry-title-wrapper\">\n<div class=\"container-wrapper fullwidth-entry-title\">\n<header class=\"entry-header-outer\">\n<div class=\"entry-header\">\n<div class=\"single-post-meta post-meta clearfix\">\n<div class=\"tie-alignright\">32<\/div>\n<\/div>\n<\/div>\n<\/header>\n<\/div>\n<\/div>\n<div id=\"content\" class=\"site-content container\">\n<div id=\"main-content-row\" class=\"tie-row main-content-row\">\n<div class=\"main-content tie-col-md-8 tie-col-xs-12\" role=\"main\">\n<article id=\"the-post\" class=\"container-wrapper post-content tie-standard\">\n<div class=\"featured-area\">\n<div class=\"featured-area-inner\"><\/div>\n<\/div>\n<div class=\"entry-content entry clearfix\">\n<p>&nbsp;<\/p>\n<p><strong>Esta es la Efem\u00e9rides del Deporte en el Chaco de un 18 de noviembre del periodista Luis Dar\u00edo Molodezky.<\/strong><\/p>\n<p style=\"text-align: center;\"><img loading=\"lazy\" decoding=\"async\" class=\"alignnone size-medium wp-image-28771\" src=\"https:\/\/www.sportchaco.com.ar\/wp-content\/uploads\/2025\/11\/Luis-Dario-11-08-2025-61-300x239.jpeg\" alt=\"\" width=\"300\" height=\"239\" srcset=\"https:\/\/www.sportchaco.com.ar\/wp-content\/uploads\/2025\/11\/Luis-Dario-11-08-2025-61-300x239.jpeg 300w, https:\/\/www.sportchaco.com.ar\/wp-content\/uploads\/2025\/11\/Luis-Dario-11-08-2025-61-768x612.jpeg 768w, https:\/\/www.sportchaco.com.ar\/wp-content\/uploads\/2025\/11\/Luis-Dario-11-08-2025-61.jpeg 805w\" sizes=\"auto, (max-width: 300px) 100vw, 300px\" \/><\/p>\n<p><strong>1931 \/\u00a0<\/strong>Nace en General Pinedo Juan Alberto \u201cPolo\u201d Garc\u00eda. De familia de alba\u00f1iles se inici\u00f3 en esa profesi\u00f3n. Form\u00f3 la empresa constructora con sus hermanos varones Humberto \u201cEl Gaita\u201d, Pedro \u201cPerico\u201d, y. N\u00e9stor Amado \u201cTito\u201d. \u201cPolo\u201d Ten\u00eda dos pasiones, el futbol y el tango, con el primero en su Pinedo natal fue dirigente del Club Uni\u00f3n de Pinedo y ya instalado en Resistencia su pasi\u00f3n fue Chaco For Ever llegando a ocupar la presidencia, en cuyo mandato construyo el estadio \u201cEl Gigante\u201d que hoy lleva su nombre. En la vida social adem\u00e1s de For Ever, presidio el Club Progreso y el Club Social.\u00a0 Falleci\u00f3 el 26 de septiembre de 2014<\/p>\n<p><strong>\u00a0<\/strong><\/p>\n<p><strong>1971 \/\u00a0<\/strong>Bobby Fischer, un genio del ajedrez y futuro campe\u00f3n mundial juega simult\u00e1neas en Resistencia, por gestiones realizadas por la Federaci\u00f3n Chaque\u00f1a de Ajedrez, presidida por Abel Rodr\u00edguez, quien acompa\u00f1\u00f3 a Fischer en su estad\u00eda en la provincia. El encuentro se realiza ante una multitud en el club Villa San Mart\u00edn. Enfrent\u00f3 a 20 tableros, ganando 19 y la \u00fanica partida tabla la consigui\u00f3 Rolando C\u00e1nepa. Entre los chaque\u00f1os se encontraban adem\u00e1s H\u00e9ctor Blanco, Julio Luna, el Ing. Maurokefalidis, Abel Ulises Rodr\u00edguez. En su estad\u00eda en el pa\u00eds Fischer solo perdi\u00f3 una partida y cedi\u00f3 un par de empates entre los que se encontr\u00f3 el de nuestro ajedrecista, escritor y periodista Canepa, lo que vali\u00f3 ser noticia nacional.<\/p>\n<p>&nbsp;<\/p>\n<p><strong>1985\u00a0<\/strong>\/ Marcelo C\u00e1ceres se impone en el 13\u00ba Torneo Abierto de Golf del Nordeste, que se disputa en los links del Chaco Golf Club. Por equipos el galard\u00f3n fue para el equipo local integrado por Angel Puga, Alfredo Bradford, Germ\u00e1n Rosas y Federico Maidana.<\/p>\n<p>&nbsp;<\/p>\n<p><strong>2001 \/<\/strong>\u00a0Se jug\u00f3 el partido m\u00e1s corto de la historia en la Liga Chaque\u00f1a y dur\u00f3 dos tiempos de 30 segundos y hasta tuvo un gol. Fue durante una definici\u00f3n eliminatoria entre los equipos Fontana y Jos\u00e9 Mar\u00eda Paz (Nacional). Eran las semifinales del Sub 21 y a un minuto del final, con el marcador 2-1 a favor de Fontana, el \u00e1rbitro Miguel \u00c1ngel Maz\u00f3n decidi\u00f3 suspenderlo luego de que se cortara la luz en el estadio producto de una tormenta el\u00e9ctrica. Una resoluci\u00f3n de la Liga Chaque\u00f1a determin\u00f3 d\u00edas despu\u00e9s que se deb\u00eda completar el partido con dos etapas de 30 segundos, por considerar que en ese tiempo suficiente Mar\u00eda Paz pod\u00eda torcer la serie con un gol porque si empataban iban a penales. En los primeros 30 segundos, la pelota no sali\u00f3 del medio. En el segundo tiempo, Nacional sac\u00f3, sali\u00f3 con todo hacia adelante a buscar el empate y tuvo una chance de gol, pero anticip\u00f3 el arquero Alfredo Rodr\u00edguez. Este arranc\u00f3 r\u00e1pido el contragolpe y Fernando Obreg\u00f3n marc\u00f3 el 3-1 final tras rematar desde lejos por arriba del guardameta rival, ya ocho segundos despu\u00e9s del tiempo cumplido.<\/p>\n<p>&nbsp;<\/p>\n<p><strong>2003 \/<\/strong>\u00a0Santiago Moreno Kaenel, logra el t\u00edtulo de campe\u00f3n Argentino sub 8, en Esperanza, Santa Fe, se clasifica al Mundial de Grecia de la categor\u00eda.<\/p>\n<p>&nbsp;<\/p>\n<p><strong>2006\u00a0<\/strong>\/ Chaco logra dos subcampeonatos en el Regional de Tiro Pr\u00e1ctico en Formosa, con Claudio Osasuna (Tres Isletas) y Antonia Yaniselli (Resistencia). La prueba se cumpli\u00f3 en cinco etapas o recorridos de tiro pr\u00e1ctico, con armas de grueso calibre en las categor\u00edas est\u00e1ndar, producci\u00f3n y open.<\/p>\n<p>&nbsp;<\/p>\n<\/div>\n<\/article>\n<\/div>\n<\/div>\n<\/div>\n","protected":false},"excerpt":{"rendered":"<p>32 &nbsp; Esta es la Efem\u00e9rides del Deporte en el Chaco de un 18 de noviembre del periodista Luis Dar\u00edo Molodezky. 1931 \/\u00a0Nace en General Pinedo Juan Alberto \u201cPolo\u201d Garc\u00eda. De familia de alba\u00f1iles se inici\u00f3 en esa profesi\u00f3n. Form\u00f3 la empresa constructora con sus hermanos varones Humberto \u201cEl Gaita\u201d, Pedro \u201cPerico\u201d, y. N\u00e9stor Amado &hellip;<\/p>\n","protected":false},"author":2,"featured_media":28772,"comment_status":"open","ping_status":"open","sticky":false,"template":"","format":"standard","meta":{"footnotes":""},"categories":[45,41],"tags":[],"class_list":["post-28770","post","type-post","status-publish","format-standard","has-post-thumbnail","hentry","category-efemerides-dia-por-dia","category-noviembre"],"_links":{"self":[{"href":"https:\/\/www.sportchaco.com.ar\/index.php?rest_route=\/wp\/v2\/posts\/28770","targetHints":{"allow":["GET"]}}],"collection":[{"href":"https:\/\/www.sportchaco.com.ar\/index.php?rest_route=\/wp\/v2\/posts"}],"about":[{"href":"https:\/\/www.sportchaco.com.ar\/index.php?rest_route=\/wp\/v2\/types\/post"}],"author":[{"embeddable":true,"href":"https:\/\/www.sportchaco.com.ar\/index.php?rest_route=\/wp\/v2\/users\/2"}],"replies":[{"embeddable":true,"href":"https:\/\/www.sportchaco.com.ar\/index.php?rest_route=%2Fwp%2Fv2%2Fcomments&post=28770"}],"version-history":[{"count":3,"href":"https:\/\/www.sportchaco.com.ar\/index.php?rest_route=\/wp\/v2\/posts\/28770\/revisions"}],"predecessor-version":[{"id":28805,"href":"https:\/\/www.sportchaco.com.ar\/index.php?rest_route=\/wp\/v2\/posts\/28770\/revisions\/28805"}],"wp:featuredmedia":[{"embeddable":true,"href":"https:\/\/www.sportchaco.com.ar\/index.php?rest_route=\/wp\/v2\/media\/28772"}],"wp:attachment":[{"href":"https:\/\/www.sportchaco.com.ar\/index.php?rest_route=%2Fwp%2Fv2%2Fmedia&parent=28770"}],"wp:term":[{"taxonomy":"category","embeddable":true,"href":"https:\/\/www.sportchaco.com.ar\/index.php?rest_route=%2Fwp%2Fv2%2Fcategories&post=28770"},{"taxonomy":"post_tag","embeddable":true,"href":"https:\/\/www.sportchaco.com.ar\/index.php?rest_route=%2Fwp%2Fv2%2Ftags&post=28770"}],"curies":[{"name":"wp","href":"https:\/\/api.w.org\/{rel}","templated":true}]}}