{"id":28863,"date":"2025-11-18T23:39:18","date_gmt":"2025-11-19T02:39:18","guid":{"rendered":"https:\/\/www.sportchaco.com.ar\/?p=28863"},"modified":"2025-11-19T11:32:24","modified_gmt":"2025-11-19T14:32:24","slug":"desde-las-2115-por-radio-provincia-jujuy-villa","status":"publish","type":"post","link":"https:\/\/www.sportchaco.com.ar\/?p=28863","title":{"rendered":"Desde las 21,15 por Radio Provincia Jujuy-Villa"},"content":{"rendered":"<p>Todo el b\u00e1squet de La Liga Argentina lo viv\u00eds por Radio Provincia junto al equipo de Cara y Ceca del Deporte.<\/p>\n<p>\ufe0f Este mi\u00e9rcoles, desde las 21:15 horas, disfrutamos del sexto duelo del \u00abtricolor en la Conferencia Norte. Jujuy B\u00e1squet recibe a Villa San Mart\u00edn y lo disfrutas por la 101.5 del dial.<\/p>\n<header class=\"news-headline\">\n<h1 class=\"news-headline__title\">Jujuy B\u00e1squet debuta de local ante Villa San Mart\u00edn de Chaco: horario y entradas<\/h1>\n<p class=\"ignore-parser\">Este mi\u00e9rcoles\u00a0<strong class=\"ignore-parser\">Jujuy B\u00e1squet<\/strong>\u00a0har\u00e1 su debut como local ante\u00a0<strong class=\"ignore-parser\">Villa San Mart\u00edn en el Estadio Federaci\u00f3n.\u00a0<\/strong>Conoc\u00e9 todos los detalles.<\/p>\n<\/header>\n<div class=\"news-headline__author-and-share-wrapper red--border-left\">\n<div class=\"news-article__journalist \">\n<div class=\"profile\"><img loading=\"lazy\" decoding=\"async\" class=\"img-fluid\" src=\"https:\/\/media.todojujuy.com\/p\/79b007886f97e6a5cf14ea4103af0645\/adjuntos\/227\/autores\/003\/383\/0003383235\/gabriela-bernasconijpg.jpg\" alt=\"Gabriela Bernasconi\" width=\"58\" height=\"58\" data-td-src-property=\"https:\/\/media.todojujuy.com\/p\/79b007886f97e6a5cf14ea4103af0645\/adjuntos\/227\/autores\/003\/383\/0003383235\/gabriela-bernasconijpg.jpg\" \/> <span class=\"news-article__journalist-by\">Por\u00a0<\/span>\u00a0<a href=\"https:\/\/www.todojujuy.com\/perfil\/6475-gabriela-bernasconi\" rel=\"nofollow noindex\"><span class=\"news-article__journalist-name\">Gabriela Bernasconi &#8211; TodoJujuy.com<\/span><\/a><\/div>\n<\/div>\n<div class=\"news-headline__share-buttons-wrapper \"><span class=\"news-headline__share-caption\">Compart\u00ed esta nota<\/span><\/div>\n<\/div>\n<div class=\"row\">\n<div class=\"col-12 col-lg-8\">\n<div class=\"detail-gallery\">\n<div class=\"detail-gallery__slide-wrapper\">\n<div class=\"detail-gallery__slide\">\n<figure class=\"detail-gallery__figure\"><img loading=\"lazy\" decoding=\"async\" class=\"detail-gallery__figure-img img-fluid\" src=\"https:\/\/media.todojujuy.com\/p\/0b8a8488c20a562579e7b44dc4f1c238\/adjuntos\/227\/imagenes\/003\/438\/0003438499\/790x0\/smart\/jujuy-basquet-2025-2026.jpg\" alt=\"Jujuy B\u00e1squet 2025 - 2026\" width=\"1200\" height=\"675\" data-td-src-property=\"https:\/\/media.todojujuy.com\/p\/0b8a8488c20a562579e7b44dc4f1c238\/adjuntos\/227\/imagenes\/003\/438\/0003438499\/790x0\/smart\/jujuy-basquet-2025-2026.jpg\" \/><\/p>\n<div class=\"detail-gallery__nav\"><\/div>\n<\/figure>\n<\/div>\n<div class=\"detail-gallery__caption \">\n<p>&nbsp;<\/p>\n<\/div>\n<\/div>\n<\/div>\n<article class=\"article-body article-body--first-paragraph\" data-td-script-src=\"https:\/\/www.todojujuy.com\/js-custom\/vendor\/jquery\/jquery-3.6.0.min-min-version-1763438739.js\"><strong><a href=\"https:\/\/www.todojujuy.com\/jujuy-basquet-a17435\" target=\"_blank\" rel=\"follow noopener\">Jujuy B\u00e1squet<\/a><\/strong>\u00a0debuta de local en el\u00a0<strong><a href=\"https:\/\/www.todojujuy.com\/estadio-federacion-basquet-a17165\" target=\"_blank\" rel=\"follow noopener\">Estadio Federaci\u00f3n<\/a><\/strong>\u00a0este mi\u00e9rcoles ante\u00a0<strong>Villa San Mart\u00edn de Chaco.\u00a0<\/strong>Nicol\u00e1s D\u00b4Anna ser\u00e1 el primer juez, mientras que Gustavo D\u00b4Anna ser\u00e1 el segundo juez.<\/p>\n<\/article>\n<section class=\"recommended-news\">\n<div class=\"recommended-news__news-wrapper\">\n<article class=\"recommended-news__article\">\n<div class=\"recommended-news__border-wrapper\">\n<div class=\"recommended-news__info-wrapper\"><\/div>\n<\/div>\n<\/article>\n<article class=\"recommended-news__article\">\n<div class=\"recommended-news__border-wrapper\">\n<div class=\"recommended-news__info-wrapper\"><\/div>\n<\/div>\n<\/article>\n<\/div>\n<\/section>\n<article class=\"article-body article-body--second-paragraph\">\n<h2><\/h2>\n<p>Entonado despu\u00e9s de lograr la primera victoria de la temporada de<strong>\u00a0<a href=\"https:\/\/www.todojujuy.com\/liga-argentina-a18448\" target=\"_blank\" rel=\"follow noopener\">la Liga Argentina<\/a><\/strong>\u00a0ante\u00a0<strong><a href=\"https:\/\/www.todojujuy.com\/jujuy\/jujuy-basquet-le-gano-independiente-santiago-del-estero-n282283\" target=\"_blank\" rel=\"follow noopener\">Independiente BBCC de Santiago del Estero,<\/a><\/strong>\u00a0los \u201cc\u00f3ndores\u201d van por m\u00e1s en lo que ser\u00e1 su primera presentaci\u00f3n del calendario en el Estadio Federaci\u00f3n de B\u00e1squet.\u00a0<em><strong>El encuentro iniciar\u00e1 a las 21.30 horas.<\/strong><\/em><\/p>\n<\/article>\n<article class=\"article-body article-body--second-paragraph\">\u201cEsperamos seguir creciendo como equipo, mejorar en el aspecto defensivo en unos peque\u00f1os detalles que lo vamos trabajando en cancha, y mantener el ritmo ofensivo incluso un poquito m\u00e1s r\u00e1pido de lo que lo hicimos all\u00e1 en Santiago\u201d, apunt\u00f3 Guillermo Tasso, entrenador del equipo juje\u00f1o.<\/p>\n<\/article>\n<article class=\"article-body article-body--second-paragraph\">\n<figure id=\"572946-Libre-1891656388_wrap\" class=\"embed_cont type_imagen\" contenteditable=\"false\">\n<div id=\"572946-Libre-1891656388_content\" class=\"embed_content\"><img loading=\"lazy\" decoding=\"async\" id=\"572946-Libre-1891656388_embed\" title=\"Jujuy B\u00e1squet.\" src=\"https:\/\/media.todojujuy.com\/p\/a409b630fef230abe406b57b50df4e48\/adjuntos\/227\/imagenes\/003\/437\/0003437287\/790x0\/smart\/jujuy-basquet.png\" alt=\"Jujuy B\u00e1squet.\" width=\"790\" height=\"538\" data-td-src-property=\"https:\/\/media.todojujuy.com\/p\/a409b630fef230abe406b57b50df4e48\/adjuntos\/227\/imagenes\/003\/437\/0003437287\/790x0\/smart\/jujuy-basquet.png\" \/><\/div><figcaption id=\"572946-Libre-1891656388_epigrafe\" class=\"embed_epigrafe\">Jujuy B\u00e1squet.<\/p>\n<\/figcaption><\/figure>\n<p>En otro sentido, manifest\u00f3 que espera el respaldo del p\u00fablico juje\u00f1o \u201cel famoso jugador n\u00famero 6&#8243;. En ese marco expres\u00f3: \u00abEstamos ansiosos y expectantes del aliento, jugar como lo hicieron toda la temporada pasada, a estadio lleno, es un orgullo para todos\u201d.<\/p>\n<\/article>\n<article class=\"article-body article-body--third-paragraph\">Por su parte\u00a0<strong>Villa San Mart\u00edn llega de caer en su visita a Salta Basket<\/strong>, por lo que buscar\u00e1 cerrar la gira lejos de Chaco con una alegr\u00eda, ya que intentar\u00e1 amargar al elenco juje\u00f1o en su primera presentaci\u00f3n de local en LaLiga Argentina.<\/p>\n<p>Los de Eduardo Japez intentar\u00e1n cambiar la imagen de visitante, apoyado en el juego y la experiencia de Facundo Gago, y el goleo de Elian Centeno, el alero de 25 a\u00f1os fue el m\u00e1ximo anotador en la fecha pasada e intentar\u00e1 hacerse fuerte otra vez en la zona pintada.<\/p>\n<figure id=\"573472-Libre-1534204149_wrap\" class=\"embed_cont type_imagen\" contenteditable=\"false\"><\/figure>\n<\/article>\n<\/div>\n<\/div>\n","protected":false},"excerpt":{"rendered":"<p>Todo el b\u00e1squet de La Liga Argentina lo viv\u00eds por Radio Provincia junto al equipo de Cara y Ceca del Deporte. \ufe0f Este mi\u00e9rcoles, desde las 21:15 horas, disfrutamos del sexto duelo del \u00abtricolor en la Conferencia Norte. Jujuy B\u00e1squet recibe a Villa San Mart\u00edn y lo disfrutas por la 101.5 del dial. Jujuy B\u00e1squet &hellip;<\/p>\n","protected":false},"author":2,"featured_media":28864,"comment_status":"open","ping_status":"open","sticky":false,"template":"","format":"standard","meta":{"footnotes":""},"categories":[3],"tags":[],"class_list":["post-28863","post","type-post","status-publish","format-standard","has-post-thumbnail","hentry","category-basquetbol"],"_links":{"self":[{"href":"https:\/\/www.sportchaco.com.ar\/index.php?rest_route=\/wp\/v2\/posts\/28863","targetHints":{"allow":["GET"]}}],"collection":[{"href":"https:\/\/www.sportchaco.com.ar\/index.php?rest_route=\/wp\/v2\/posts"}],"about":[{"href":"https:\/\/www.sportchaco.com.ar\/index.php?rest_route=\/wp\/v2\/types\/post"}],"author":[{"embeddable":true,"href":"https:\/\/www.sportchaco.com.ar\/index.php?rest_route=\/wp\/v2\/users\/2"}],"replies":[{"embeddable":true,"href":"https:\/\/www.sportchaco.com.ar\/index.php?rest_route=%2Fwp%2Fv2%2Fcomments&post=28863"}],"version-history":[{"count":3,"href":"https:\/\/www.sportchaco.com.ar\/index.php?rest_route=\/wp\/v2\/posts\/28863\/revisions"}],"predecessor-version":[{"id":28870,"href":"https:\/\/www.sportchaco.com.ar\/index.php?rest_route=\/wp\/v2\/posts\/28863\/revisions\/28870"}],"wp:featuredmedia":[{"embeddable":true,"href":"https:\/\/www.sportchaco.com.ar\/index.php?rest_route=\/wp\/v2\/media\/28864"}],"wp:attachment":[{"href":"https:\/\/www.sportchaco.com.ar\/index.php?rest_route=%2Fwp%2Fv2%2Fmedia&parent=28863"}],"wp:term":[{"taxonomy":"category","embeddable":true,"href":"https:\/\/www.sportchaco.com.ar\/index.php?rest_route=%2Fwp%2Fv2%2Fcategories&post=28863"},{"taxonomy":"post_tag","embeddable":true,"href":"https:\/\/www.sportchaco.com.ar\/index.php?rest_route=%2Fwp%2Fv2%2Ftags&post=28863"}],"curies":[{"name":"wp","href":"https:\/\/api.w.org\/{rel}","templated":true}]}}