{"id":28866,"date":"2025-11-19T11:29:33","date_gmt":"2025-11-19T14:29:33","guid":{"rendered":"https:\/\/www.sportchaco.com.ar\/?p=28866"},"modified":"2025-11-19T11:29:33","modified_gmt":"2025-11-19T14:29:33","slug":"una-carrera-inolvidable-para-stefano-polini-terminamos-gritando-victoria","status":"publish","type":"post","link":"https:\/\/www.sportchaco.com.ar\/?p=28866","title":{"rendered":"Una carrera inolvidable para St\u00e9fano Polini: \u00abTerminamos gritando victoria\u00bb"},"content":{"rendered":"<nav id=\"breadcrumb\" class=\"breadcrumbs is-full-width breadcrumbs-a\"><\/nav>\n<div class=\"main ts-contain cf right-sidebar\" data-title=\"Una carrera inolvidable para St\u00e9fano Polini: \u00abTerminamos gritando victoria\u00bb - Diario La Voz del Chaco\" data-url=\"https:\/\/www.diariolavozdelchaco.com\/2025\/11\/19\/una-carrera-inolvidable-para-stefano-polini-terminamos-gritando-victoria\/\">\n<div class=\"ts-row has-head-below\">\n<div class=\"col-8 main-content s-post-contain\">\n<div class=\"the-post-header s-head-modern s-head-modern-a s-head-modern-below\">\n<div class=\"post-meta post-meta-a post-meta-left post-meta-single has-below\">\n<div class=\"post-meta-items meta-above\"><\/div>\n<h1 class=\"is-title post-title\"><\/h1>\n<div class=\"post-meta-items meta-below\"><span class=\"meta-item date\"><time class=\"post-date\" datetime=\"2025-11-19T00:58:32-03:00\">19-11-2025<\/time><\/span><\/div>\n<\/div>\n<\/div>\n<div class=\"single-featured\">\n<div class=\"featured\">\n<figure class=\"image-link media-ratio ratio-16-9\"><\/figure>\n<\/div>\n<\/div>\n<div class=\"the-post s-post-modern-below\">\n<article id=\"post-304625\" class=\"post-304625 post type-post status-publish format-standard has-post-thumbnail category-deportes\">\n<div class=\"post-content-wrap has-share-float\">\n<div class=\"post-content cf entry-content content-spacious\">\n<h5 class=\"a-wrap a-wrap-base a-wrap-5\"><\/h5>\n<h5>St\u00e9fano Polini vivi\u00f3 un fin de semana intenso en la F\u00f3rmula 3 Metropolitana y lo cerr\u00f3 de la mejor manera: con una victoria trabajada, emocionante y celebrada en cada metro del aut\u00f3dromo de Toay, en La Pampa.<\/h5>\n<p>Avanz\u00f3 desde el s\u00e9ptimo lugar en la largada y termin\u00f3 adelante en una de las carreras m\u00e1s disputadas de la temporada. \u00abFue una carrera muy entretenida\u00bb, resumi\u00f3 el piloto chaque\u00f1o en declaraciones a Radio Nordeste, todav\u00eda con la adrenalina del triunfo.<\/p>\n<p>El desarrollo tuvo de todo. Polini cargaba con una penalizaci\u00f3n de diez puestos por una fecha anterior, lo que complic\u00f3 su clasificaci\u00f3n. Qued\u00f3 afuera de la inversi\u00f3n de grilla por apenas un lugar y eso le impidi\u00f3 largar adelante el s\u00e1bado.<\/p>\n<p>\u00abSab\u00edamos que iba a ser una final para cualquiera. Ten\u00edamos un auto muy r\u00e1pido y la carrera se dio para atacarla en cada vuelta\u00bb, explic\u00f3.<\/p>\n<p>El domingo, ya en ritmo y con claras posibilidades de avanzar, encontr\u00f3 su mejor versi\u00f3n. \u00abTerminamos gritando victoria\u00bb, dijo al repasar el momento en el que tom\u00f3 la punta y administr\u00f3 la diferencia. El piloto destac\u00f3 la paridad de la categor\u00eda y la din\u00e1mica de la carrera.<\/p>\n<p>\u00abLa F3 es una de las mejores categor\u00edas del pa\u00eds\u00bb, afirm\u00f3. Valor\u00f3 el espect\u00e1culo que genera la igualdad entre equipos y autos: aceleraciones parejas, maniobras al l\u00edmite y definiciones hasta el final. \u00abArriba del auto me divert\u00ed much\u00edsimo. Ya sab\u00eda que iba a ser linda para verla desde la tele\u00bb, agreg\u00f3. La emoci\u00f3n del triunfo tambi\u00e9n tuvo un costado familiar. El v\u00ednculo con su pap\u00e1 apareci\u00f3 varias veces en la charla.<\/p>\n<p>\u00abMi pap\u00e1 est\u00e1 siempre conmigo y me acompa\u00f1a\u00bb, remarc\u00f3. Viajaron juntos m\u00e1s de 2.400 kil\u00f3metros entre ida y vuelta, compartieron concentraciones, mates y rutinas. \u00abApenas me bajo del auto, al primero que abrazo es a \u00e9l\u00bb, dijo, con una mezcla de orgullo y gratitud. Seg\u00fan cont\u00f3, tambi\u00e9n fue quien m\u00e1s disfrut\u00f3 el viaje de regreso: \u00abLo vive con mucha pasi\u00f3n\u00bb.<\/p>\n<p>Mientras piensa en el cierre del a\u00f1o, Polini mantiene los pies en la tierra y mira las posibilidades que se abren. Llega con chances matem\u00e1ticas tanto en la F\u00f3rmula 3 Metropolitana como en la F\u00f3rmula 2 Argentina. \u00abLas carreras son impredecibles, puede pasar cualquier cosa\u00bb, reconoci\u00f3.<br \/>\nA\u00fan as\u00ed, la confianza en el equipo es total. Antes de despedirse, volvi\u00f3 a agradecer: \u00abGracias a todo el equipo por el auto que me da\u00bb. La definici\u00f3n en La Plata ser\u00e1 clave para su temporada y lo encuentra motivado, competitivo y en plena pelea por los campeonatos.<\/p>\n<p>El fin de semana en Toay dej\u00f3 una se\u00f1al clara: Polini est\u00e1 listo para buscar mucho m\u00e1s. (Fuente:noticiero9)<\/p>\n<p>&nbsp;<\/p>\n<div class=\"a-wrap a-wrap-base a-wrap-8 alignwide show-lg\"><\/div>\n<div class=\"a-wrap a-wrap-base a-wrap-6 a-wrap-bg show-lg\">\n<div id=\"MobileRectangle_1\"><\/div>\n<\/div>\n<\/div>\n<\/div>\n<\/article>\n<div class=\"a-wrap a-wrap-base a-wrap-7 show-lg\"><\/div>\n<section class=\"related-posts\">\n<div class=\"block-head block-head-ac block-head-f is-left\"><\/div>\n<\/section>\n<\/div>\n<\/div>\n<\/div>\n<\/div>\n","protected":false},"excerpt":{"rendered":"<p>19-11-2025 St\u00e9fano Polini vivi\u00f3 un fin de semana intenso en la F\u00f3rmula 3 Metropolitana y lo cerr\u00f3 de la mejor manera: con una victoria trabajada, emocionante y celebrada en cada metro del aut\u00f3dromo de Toay, en La Pampa. Avanz\u00f3 desde el s\u00e9ptimo lugar en la largada y termin\u00f3 adelante en una de las carreras m\u00e1s &hellip;<\/p>\n","protected":false},"author":2,"featured_media":28867,"comment_status":"open","ping_status":"open","sticky":false,"template":"","format":"standard","meta":{"footnotes":""},"categories":[2],"tags":[],"class_list":["post-28866","post","type-post","status-publish","format-standard","has-post-thumbnail","hentry","category-automovilismo"],"_links":{"self":[{"href":"https:\/\/www.sportchaco.com.ar\/index.php?rest_route=\/wp\/v2\/posts\/28866","targetHints":{"allow":["GET"]}}],"collection":[{"href":"https:\/\/www.sportchaco.com.ar\/index.php?rest_route=\/wp\/v2\/posts"}],"about":[{"href":"https:\/\/www.sportchaco.com.ar\/index.php?rest_route=\/wp\/v2\/types\/post"}],"author":[{"embeddable":true,"href":"https:\/\/www.sportchaco.com.ar\/index.php?rest_route=\/wp\/v2\/users\/2"}],"replies":[{"embeddable":true,"href":"https:\/\/www.sportchaco.com.ar\/index.php?rest_route=%2Fwp%2Fv2%2Fcomments&post=28866"}],"version-history":[{"count":1,"href":"https:\/\/www.sportchaco.com.ar\/index.php?rest_route=\/wp\/v2\/posts\/28866\/revisions"}],"predecessor-version":[{"id":28868,"href":"https:\/\/www.sportchaco.com.ar\/index.php?rest_route=\/wp\/v2\/posts\/28866\/revisions\/28868"}],"wp:featuredmedia":[{"embeddable":true,"href":"https:\/\/www.sportchaco.com.ar\/index.php?rest_route=\/wp\/v2\/media\/28867"}],"wp:attachment":[{"href":"https:\/\/www.sportchaco.com.ar\/index.php?rest_route=%2Fwp%2Fv2%2Fmedia&parent=28866"}],"wp:term":[{"taxonomy":"category","embeddable":true,"href":"https:\/\/www.sportchaco.com.ar\/index.php?rest_route=%2Fwp%2Fv2%2Fcategories&post=28866"},{"taxonomy":"post_tag","embeddable":true,"href":"https:\/\/www.sportchaco.com.ar\/index.php?rest_route=%2Fwp%2Fv2%2Ftags&post=28866"}],"curies":[{"name":"wp","href":"https:\/\/api.w.org\/{rel}","templated":true}]}}