{"id":28873,"date":"2025-11-19T11:52:01","date_gmt":"2025-11-19T14:52:01","guid":{"rendered":"https:\/\/www.sportchaco.com.ar\/?p=28873"},"modified":"2025-11-19T11:58:23","modified_gmt":"2025-11-19T14:58:23","slug":"1976-la-noche-en-que-cayo-la-tribuna-del-parque-2-de-febrero","status":"publish","type":"post","link":"https:\/\/www.sportchaco.com.ar\/?p=28873","title":{"rendered":"1976: la noche en que cay\u00f3 la tribuna del Parque 2 de Febrero"},"content":{"rendered":"<p>&nbsp;<\/p>\n<p>Hubo una noche, en el hist\u00f3rico <strong>estadio cerrado del Parque 2 de Febrero<\/strong>, en que el deporte chaque\u00f1o roz\u00f3 la tragedia a mediados de 1986. Una noche en que el grito de aliento qued\u00f3 ahogado por el estruendo de la madera y el metal que ced\u00edan, y en que el entusiasmo de miles se transform\u00f3 en un instante de p\u00e1nico. Fue durante el Campeonato Argentino Juvenil, mientras <strong>Chaco y C\u00f3rdoba<\/strong> disputaban un juego vibrante ante una multitud que desbordaba, literalmente, la capacidad de las instalaciones.<\/p>\n<p>La cr\u00f3nica, escrita al d\u00eda siguiente, a\u00fan transmite el temblor de aquel episodio que pudo haber terminado en desastre.<\/p>\n<p><strong>Un clima de fiesta que se volvi\u00f3 angustia<\/strong><\/p>\n<p>El estadio estaba repleto. M\u00e1s que lleno. Las tribunas improvisadas \u2014trasladadas desde el Club Independiente Tirol por la Direcci\u00f3n de Deportes\u2014 hab\u00edan sido montadas para la ocasi\u00f3n con la urgencia y precariedad que caracterizaban a muchos eventos deportivos de la \u00e9poca. Sin embargo, nada hac\u00eda presagiar lo que vendr\u00eda.<\/p>\n<p>El partido entre chaque\u00f1os y cordobeses marchaba punto a punto, encendido, apasionante. Los hinchas de For Ever y los de Chaco, mezclados en las gradas de madera y metal, alentaban con fervor; cada jugada era celebrada como un triunfo, cada pelota perdida era sufrida como una final. El clima era el\u00e9ctrico. Y el volumen de los gritos, ensordecedor.<\/p>\n<p>Pero bajo ese entusiasmo lat\u00eda un peligro: <strong>una estructura debilitada<\/strong>, sobrecargada por un p\u00fablico que superaba holgadamente el aforo permitido.<\/p>\n<p><img decoding=\"async\" src=\"https:\/\/scontent.fcnq2-1.fna.fbcdn.net\/v\/t39.30808-6\/585101853_122114374581022572_5951903085269634847_n.jpg?_nc_cat=107&amp;ccb=1-7&amp;_nc_sid=127cfc&amp;_nc_ohc=2nBvQxk_F7UQ7kNvwH3RDX1&amp;_nc_oc=Adl8m80oL1SJVFE868t1dY0IBKEebefmhSsr-nCcTqWLBT5Ww9svUFV5jWyqBfr6saQ&amp;_nc_zt=23&amp;_nc_ht=scontent.fcnq2-1.fna&amp;_nc_gid=qyj4CKdmNwJK3WuoyHFElA&amp;oh=00_AfjmGBtCzRcZnOnI0QuVDhmlg-uqIFbmfYJ5mLPhbnkoIw&amp;oe=6923BD97\" alt=\"Puede ser una imagen de texto que dice &quot;CAIDA DE LA TRIBUNA recl- error. frente gente estadio dijo: ASI QUEDARON las tribunas del Parque derrumbadas ET la nocho del mi\u00e9rcoles- C\u00f3rdoba, donde to- c\u00e1culos previstos Tribu todas para ver tremendo. una tribuna que desapareci\u00f3. La desespe mundo&quot; culpables suerte stgnifiear cat\u00e1strofe. fue nada nuestro selecclo- blemente el cerrado Parque pensando d\u00f3nde albergar esa p\u00fablico que dudablemente dar\u00e1 dad, porque bellada \u00fanica cancha con posibluidades de albergar seria como sabe tiene capacidad de .000 perso- nas, do A\u0438e\u03ac\u03cc demostra- muy chico. idea desca- ELE EME.&quot;\" \/><\/p>\n<p><strong>El estruendo que detuvo todo<\/strong><\/p>\n<p>De pronto, un ruido seco \u2014un golpe brutal, irrepetible\u2014 cort\u00f3 el aire. Una de las tribunas, de m\u00e1s de diez metros de largo, simplemente <strong>desapareci\u00f3<\/strong> ante la mirada at\u00f3nita de miles. La estructura que formaba un \u00e1ngulo con la grada ubicada sobre calle Obligado cedi\u00f3 por completo, arrastrando consigo a m\u00e1s de 600 personas.<\/p>\n<p>Aunque el parte oficial habl\u00f3 de apenas seis heridos, los testigos directos \u2014entre ellos el propio cronista\u2014 contaron <strong>al menos veinte<\/strong> personas lesionadas, atendidas en plena cancha, algunas de ellas trasladadas para evaluar la gravedad de los golpes.<\/p>\n<p>La marejada humana que cay\u00f3 desde tres metros de altura dej\u00f3 escenas de desesperaci\u00f3n: gritos, carreras, cuerpos apilados, padres buscando hijos, amigos intentando rescatar a quienes hab\u00edan quedado atrapados. En medio del caos, ambulancias y veh\u00edculos particulares improvisaron traslados entre la confusi\u00f3n y el miedo.<\/p>\n<p><strong>Indignaci\u00f3n y pedidos de explicaciones<\/strong><\/p>\n<p>De inmediato se levantaron voces de protesta. \u00bfQui\u00e9n era responsable? \u00bfC\u00f3mo hab\u00eda sido posible semejante negligencia? La misma cr\u00f3nica recuerda las palabras firmes y duras de <strong>don Alberto Perosio<\/strong>, quien, al borde de la tribuna derrumbada, sentenci\u00f3:<br \/>\n<em>\u201cEsto es una verg\u00fcenza. Por unos pesos m\u00e1s se pudo haber hecho una tribuna de cemento.\u201d<\/em><\/p>\n<p>Y no falt\u00f3 quien resumiera el sentir popular con amargo humor chaque\u00f1o:<br \/>\n<em>\u201cTribu abandonada, tribu ca\u00edda.\u201d<\/em><\/p>\n<p>La falta de controles estructurales, la improvisaci\u00f3n en el armado y la ausencia de un c\u00e1lculo real de capacidad hicieron el resto. El resultado fue el desplome completo de un sector repleto de espectadores.<\/p>\n<p>Afortunadamente \u2014y casi milagrosamente\u2014 no hubo v\u00edctimas fatales. Pero lo que pudo haber sido una <strong>cat\u00e1strofe deportiva sin precedentes en Chaco<\/strong> qued\u00f3 marcado como un llamado de atenci\u00f3n que jam\u00e1s debi\u00f3 repetirse.<\/p>\n<p><img decoding=\"async\" class=\"aligncenter\" src=\"https:\/\/scontent.fcnq2-1.fna.fbcdn.net\/v\/t39.30808-6\/585343418_122114374551022572_6422830286946397813_n.jpg?_nc_cat=105&amp;ccb=1-7&amp;_nc_sid=127cfc&amp;_nc_ohc=g2NFO_lExq8Q7kNvwG1G2X0&amp;_nc_oc=Adk_p6EpJYvBzLtvDE5cqBcTVq_bChFuoaBk9rn7_6yW6XS52i8y7SjnLB7nFRJgR6E&amp;_nc_zt=23&amp;_nc_ht=scontent.fcnq2-1.fna&amp;_nc_gid=u3F1IfsIy7biNT1EWX8XeQ&amp;oh=00_AfgZLQdEDkPM2w33duqNMuZykiFN6XTYonWAWaUVdbAepQ&amp;oe=6923B715\" alt=\"Puede ser una imagen de maderera\" \/><\/p>\n<p><strong>Un futuro con preguntas urgentes<\/strong><\/p>\n<p>La ca\u00edda de la tribuna abri\u00f3 un debate inmediato: \u00bfd\u00f3nde jugar, entonces, si la selecci\u00f3n chaque\u00f1a avanzaba a las fases finales? Cada triunfo de Chaco atra\u00eda m\u00e1s p\u00fablico, y el entusiasmo popular era incontrolable.<\/p>\n<p>El Parque 2 de Febrero ya no pod\u00eda considerarse seguro ni suficiente. Su capacidad hab\u00eda quedado definitivamente superada. Y la \u00fanica alternativa viable parec\u00eda ser la cancha de <strong>Don Orione<\/strong>, con espacio para unas seis mil personas, aunque no estaba exenta de sus propios desaf\u00edos.<\/p>\n<p>La advertencia final del cronista encerraba un mensaje que todav\u00eda resuena con vigencia:<\/p>\n<p><em>\u201cUna situaci\u00f3n as\u00ed no debe repetirse. Y debe respetarse la capacidad determinada de cada estadio.\u201d<\/em><\/p>\n<p>La noche en que cay\u00f3 la tribuna sigue siendo parte de la memoria profunda del deporte chaque\u00f1o. Un episodio que mezcla pasi\u00f3n, imprudencia y destino, y que recuerda que ninguna fiesta popular puede sostenerse en estructuras fr\u00e1giles. Que el fervor no exime la responsabilidad. Y que, aun en medio del deporte, la vida siempre debe ser prioridad.<\/p>\n<p>&nbsp;<\/p>\n<p><img loading=\"lazy\" decoding=\"async\" class=\"alignnone wp-image-28635\" src=\"https:\/\/www.sportchaco.com.ar\/wp-content\/uploads\/2025\/11\/Luis-carita-287x300.jpg\" alt=\"\" width=\"66\" height=\"69\" srcset=\"https:\/\/www.sportchaco.com.ar\/wp-content\/uploads\/2025\/11\/Luis-carita-287x300.jpg 287w, https:\/\/www.sportchaco.com.ar\/wp-content\/uploads\/2025\/11\/Luis-carita.jpg 430w\" sizes=\"auto, (max-width: 66px) 100vw, 66px\" \/> <strong>POR LUIS DARIO MOLODEZKY<\/strong><\/p>\n<p><strong>\u00a0Chaco campe\u00f3n argentino juvenil 1976<\/strong><\/p>\n<p>El calendario marca 49 a\u00f1os de una de las p\u00e1ginas m\u00e1s gloriosas del b\u00e1squet chaque\u00f1o: la consagraci\u00f3n del seleccionado juvenil como campe\u00f3n argentino en 1976. Una haza\u00f1a que trascendi\u00f3 el resultado deportivo para convertirse en patrimonio sentimental de toda una provincia, impulsada por una generaci\u00f3n irrepetible que supo mezclar talento, coraje y sentido de pertenencia.<\/p>\n<p>El t\u00edtulo se sell\u00f3 en casa, en el por entonces Estadio Cubierto del Parque 2 de Febrero \u2014hoy Centro de Educaci\u00f3n F\u00edsica N.\u00ba 1\u2014, un escenario que vibr\u00f3 como pocas veces se recuerda. Cada noche, miles de chaque\u00f1os colmaron las tribunas tubulares especialmente montadas para ampliar la capacidad del coqueto gimnasio. Tal fue la marea humana y la pasi\u00f3n desbordante, que en una de las jornadas se vino abajo una de las gradas. Nadie retrocedi\u00f3. Se continu\u00f3, porque el b\u00e1squet \u2014y el Chaco\u2014 estaban viviendo su fiesta.<\/p>\n<p>&nbsp;<\/p>\n<p><strong>Los protagonistas de una epopeya<\/strong><\/p>\n<p>La direcci\u00f3n t\u00e9cnica estuvo a cargo de <strong>Alberto Perosio<\/strong> y <strong>Julio Semino<\/strong>; el utilero fue <strong>Daniel Cristaldo<\/strong>, quien luego ser\u00eda figura de Hind\u00fa y del propio seleccionado chaque\u00f1o; y el plantel cont\u00f3 con la atenci\u00f3n m\u00e9dica del doctor <strong>Hugo Camisasca<\/strong>.<\/p>\n<p><img loading=\"lazy\" decoding=\"async\" class=\"alignnone size-medium wp-image-28877 aligncenter\" src=\"https:\/\/www.sportchaco.com.ar\/wp-content\/uploads\/2025\/11\/Chaco-1976-campeon-argentino-juvenil-3-300x220.jpg\" alt=\"\" width=\"300\" height=\"220\" srcset=\"https:\/\/www.sportchaco.com.ar\/wp-content\/uploads\/2025\/11\/Chaco-1976-campeon-argentino-juvenil-3-300x220.jpg 300w, https:\/\/www.sportchaco.com.ar\/wp-content\/uploads\/2025\/11\/Chaco-1976-campeon-argentino-juvenil-3.jpg 567w\" sizes=\"auto, (max-width: 300px) 100vw, 300px\" \/><\/p>\n<p><strong>Jugadores campeones 1976:<\/strong><\/p>\n<ul>\n<li>Walter Melli (5)<\/li>\n<li>Gabriel \u201cPatonga\u201d Milovich (13)<\/li>\n<li>Ram\u00f3n \u201cRabincho\u201d Ojeda (8)<\/li>\n<li>Guillermo \u201cPuchero\u201d Fermani (11)<\/li>\n<li>Sergio \u201cMan\u00ed\u201d Schmidt (9)<\/li>\n<li>Javier Busciglio (12)<\/li>\n<li>Daniel \u201cGino\u201d La Regina (15)<\/li>\n<li>Alberto Juan<\/li>\n<li>Jorge Eguiaz\u00fa (6)<\/li>\n<li>Walter Lavia (4)<\/li>\n<li>Juan Su\u00e1rez (10)<\/li>\n<li>Ra\u00fal Invernizi (14)<\/li>\n<\/ul>\n<p><strong>La dirigencia que acompa\u00f1\u00f3 el sue\u00f1o<\/strong><\/p>\n<p>La Federaci\u00f3n Chaque\u00f1a estaba presidida por <strong>Hern\u00e1n Harold Piccilli<\/strong>, acompa\u00f1ado por <strong>C\u00e9sar Pilatti Vergara<\/strong>, <strong>Carlos Freschi<\/strong> y <strong>Coco Lobera<\/strong>, quienes desempe\u00f1aron un rol clave tanto en el apoyo al plantel como en la impecable organizaci\u00f3n del torneo.<\/p>\n<p><strong>El equipo que llen\u00f3 el \u201cParque\u201d\u2026 y el coraz\u00f3n del Chaco<\/strong><\/p>\n<p>Aquel conjunto no solo llev\u00f3 multitudes al hist\u00f3rico gimnasio del Parque, sino que llen\u00f3 de orgullo y alegr\u00eda a toda la provincia. Fue m\u00e1s que un campeonato: fue un s\u00edmbolo de identidad. El punto de partida de muchas carreras destacadas y el testimonio de una \u00e9poca donde el b\u00e1squet chaque\u00f1o, con pasi\u00f3n y formaci\u00f3n, se plantaba ante el pa\u00eds.<\/p>\n<p>Cuarenta y nueve a\u00f1os despu\u00e9s, el eco de aquellos aplausos todav\u00eda resuena. Porque hay t\u00edtulos que no los borra el tiempo. Y hay equipos que no se olvidan.<\/p>\n<p>&nbsp;<\/p>\n<p>&nbsp;<\/p>\n<p>&nbsp;<\/p>\n<p>&nbsp;<\/p>\n","protected":false},"excerpt":{"rendered":"<p>&nbsp; Hubo una noche, en el hist\u00f3rico estadio cerrado del Parque 2 de Febrero, en que el deporte chaque\u00f1o roz\u00f3 la tragedia a mediados de 1986. Una noche en que el grito de aliento qued\u00f3 ahogado por el estruendo de la madera y el metal que ced\u00edan, y en que el entusiasmo de miles se &hellip;<\/p>\n","protected":false},"author":2,"featured_media":28875,"comment_status":"open","ping_status":"open","sticky":false,"template":"","format":"standard","meta":{"footnotes":""},"categories":[3,78],"tags":[],"class_list":["post-28873","post","type-post","status-publish","format-standard","has-post-thumbnail","hentry","category-basquetbol","category-historias"],"_links":{"self":[{"href":"https:\/\/www.sportchaco.com.ar\/index.php?rest_route=\/wp\/v2\/posts\/28873","targetHints":{"allow":["GET"]}}],"collection":[{"href":"https:\/\/www.sportchaco.com.ar\/index.php?rest_route=\/wp\/v2\/posts"}],"about":[{"href":"https:\/\/www.sportchaco.com.ar\/index.php?rest_route=\/wp\/v2\/types\/post"}],"author":[{"embeddable":true,"href":"https:\/\/www.sportchaco.com.ar\/index.php?rest_route=\/wp\/v2\/users\/2"}],"replies":[{"embeddable":true,"href":"https:\/\/www.sportchaco.com.ar\/index.php?rest_route=%2Fwp%2Fv2%2Fcomments&post=28873"}],"version-history":[{"count":3,"href":"https:\/\/www.sportchaco.com.ar\/index.php?rest_route=\/wp\/v2\/posts\/28873\/revisions"}],"predecessor-version":[{"id":28880,"href":"https:\/\/www.sportchaco.com.ar\/index.php?rest_route=\/wp\/v2\/posts\/28873\/revisions\/28880"}],"wp:featuredmedia":[{"embeddable":true,"href":"https:\/\/www.sportchaco.com.ar\/index.php?rest_route=\/wp\/v2\/media\/28875"}],"wp:attachment":[{"href":"https:\/\/www.sportchaco.com.ar\/index.php?rest_route=%2Fwp%2Fv2%2Fmedia&parent=28873"}],"wp:term":[{"taxonomy":"category","embeddable":true,"href":"https:\/\/www.sportchaco.com.ar\/index.php?rest_route=%2Fwp%2Fv2%2Fcategories&post=28873"},{"taxonomy":"post_tag","embeddable":true,"href":"https:\/\/www.sportchaco.com.ar\/index.php?rest_route=%2Fwp%2Fv2%2Ftags&post=28873"}],"curies":[{"name":"wp","href":"https:\/\/api.w.org\/{rel}","templated":true}]}}