{"id":28883,"date":"2025-11-19T12:21:07","date_gmt":"2025-11-19T15:21:07","guid":{"rendered":"https:\/\/www.sportchaco.com.ar\/?p=28883"},"modified":"2025-11-19T12:21:07","modified_gmt":"2025-11-19T15:21:07","slug":"a-un-mes-de-la-43-edicion-de-la-fiesta-anual-del-deporte","status":"publish","type":"post","link":"https:\/\/www.sportchaco.com.ar\/?p=28883","title":{"rendered":"A un mes de la 43\u00b0 edici\u00f3n de la Fiesta Anual del Deporte"},"content":{"rendered":"<div class=\"html-div xdj266r x14z9mp xat24cr x1lziwak xexx8yu xyri2b x18d9i69 x1c1uobl\" dir=\"auto\">\n<div class=\"html-div xdj266r x14z9mp xat24cr x1lziwak xexx8yu xyri2b x18d9i69 x1c1uobl\" data-ad-rendering-role=\"story_message\">\n<div id=\"_r_98_\" class=\"x1l90r2v x1iorvi4 x1g0dm76 xpdmqnj\" data-ad-comet-preview=\"message\" data-ad-preview=\"message\">\n<div class=\"x78zum5 xdt5ytf xz62fqu x16ldp7u\">\n<div class=\"xu06os2 x1ok221b\">\n<div class=\"html-div xdj266r x14z9mp xat24cr x1lziwak xexx8yu xyri2b x18d9i69 x1c1uobl\">\n<div class=\"xdj266r x14z9mp xat24cr x1lziwak x1vvkbs x126k92a\">\n<div dir=\"auto\"><strong>El pr\u00f3ximo 19 de diciembre se realizar\u00e1 la 43\u00b0 eduici\u00f3n de la Fiesta Anual del Deporte, donde ser\u00e1 consgrado tambi\u00e9n el Deportista del A\u00f1o. El anuncio oficial se hizo en el marco de la Asamblea General Ordinaria donde se aprob\u00f3 la memoria y balance.<\/strong><\/div>\n<div dir=\"auto\"><\/div>\n<div dir=\"auto\">El evento que convoca a los deportistas, dirigentes, entrenadores y actores del deporte chaque\u00f1o se realizar\u00e1 el pr\u00f3ximo viernes 19 de diciembre en el Sal\u00f3n Convenciones del Domo del Centenario a partir de las 21,30 horas. Ser\u00e1 la edici\u00f3n n\u00famero 43 que organiza el C\u00edrculo de Periodistas Deportivos del Chaco.<\/div>\n<div dir=\"auto\"><\/div>\n<\/div>\n<div class=\"x14z9mp xat24cr x1lziwak x1vvkbs xtlvy1s x126k92a\">\n<div dir=\"auto\">En los pr\u00f3ximos d\u00edas se realizar\u00e1 el lanzamiento oficial del acontecimiento en el que se distinguir\u00e1 a los atletas que se destacaron en 2025 en las diferentes disciplinas, adem\u00e1s de reconocer al dirigente del a\u00f1o, a las instituciones, y la atracci\u00f3n principal puesta en el Deportista del 2025.<\/div>\n<div dir=\"auto\"><\/div>\n<\/div>\n<div class=\"x14z9mp xat24cr x1lziwak x1vvkbs xtlvy1s x126k92a\">\n<div dir=\"auto\">Los periodistas nucleados en el C\u00edrculo de Periodistas Deportivos del Chaco ya iniciaron la labor de observaci\u00f3n para determinar a la brevedad los nombres de los deportistas, teniendo en cuenta que muchos campeonatos se encuentran en etapa de definici\u00f3n.<\/div>\n<div dir=\"auto\"><\/div>\n<\/div>\n<div class=\"x14z9mp xat24cr x1lziwak x1vvkbs xtlvy1s x126k92a\">\n<div dir=\"auto\">Los socios del C\u00edrculo de Periodistas Deportivos del Chaco que asistieron a la asamblea general ordinaria del jueves 13 de noviembre aprobaron la memoria y balance del ejercicio cerrado el 31 de agosto del presente a\u00f1o.<\/div>\n<\/div>\n<div class=\"x14z9mp xat24cr x1lziwak x1vvkbs xtlvy1s x126k92a\">\n<div dir=\"auto\">Nota<\/div>\n<div dir=\"auto\"><span class=\"html-span xdj266r x14z9mp xat24cr x1lziwak xexx8yu xyri2b x18d9i69 x1c1uobl x1hl2dhg x16tdsg8 x1vvkbs\"><a class=\"x1i10hfl xjbqb8w x1ejq31n x18oe1m7 x1sy0etr xstzfhl x972fbf x10w94by x1qhh985 x14e42zd x9f619 x1ypdohk xt0psk2 x3ct3a4 xdj266r x14z9mp xat24cr x1lziwak xexx8yu xyri2b x18d9i69 x1c1uobl x16tdsg8 x1hl2dhg xggy1nq x1a2a7pz xkrqix3 x1sur9pj x1fey0fg x1s688f\" tabindex=\"0\" role=\"link\" href=\"https:\/\/www.eschaco.com\/vernota.asp?id_noticia=130855\" target=\"_blank\" rel=\"nofollow noopener noreferrer\">https:\/\/www.eschaco.com\/vernota.asp?id_noticia=130855<\/a><\/span><\/div>\n<\/div>\n<div dir=\"auto\"><\/div>\n<div dir=\"auto\"><img decoding=\"async\" src=\"https:\/\/scontent.fcnq2-2.fna.fbcdn.net\/v\/t39.30808-6\/584504421_1393190636144718_1700739352327819118_n.jpg?stp=dst-jpg_s640x640_tt6&amp;_nc_cat=104&amp;ccb=1-7&amp;_nc_sid=127cfc&amp;_nc_eui2=AeFgs2DArRtedPP9LLRxYEt1oLy5hrAxSIagvLmGsDFIhsY7sqYDqxe1n_wZ4uo3p68&amp;_nc_ohc=x7U-ltSqP1QQ7kNvwElsK65&amp;_nc_oc=Adk6Tt0gFwRHFF0FEs6CDu13ip8aAuvl_AsstRSsA3C-CecoYPXhsWBhV5QJENnX9vs&amp;_nc_zt=23&amp;_nc_ht=scontent.fcnq2-2.fna&amp;_nc_gid=LmqI8LC8n2ozPby0arZe6w&amp;oh=00_AfjKkjURuXbbU1CS4A_oU4-TIlSApQpu7cXYbSKQNERLxQ&amp;oe=69239A6E\" alt=\"Puede ser una imagen de \u200euna o varias personas y \u200etexto que dice &quot;\u200ede istas ivos aco \u06f7\u06f7 MECaNIT \u05d9\u05ea\u05d4 \u0e14\u0e19\u0e2a\u0e14\u0e21 \u1014 Circulo de Periodista eT\u03bf\u03c1abl stas Deportivos del delchaco Chaco CAES CHACO NBCH raAee6 Instituto delDe Deporte Chaque\u00f1o 2 DOS C\u00cdRCULO DE PERIODISTAS APROB\u00d3 LA MEMORIA Y BALANCE La edici\u00f3n 43\u00b0 de la Fiesta Anual del Deporte se realizar\u00e1 el 19 de diciembre\u200e&quot;\u200e\u200e\" \/><\/div>\n<\/div>\n<\/div>\n<\/div>\n<\/div>\n<\/div>\n<\/div>\n<div id=\"_r_99_\" class=\"html-div xdj266r x14z9mp xat24cr x1lziwak xexx8yu xyri2b x18d9i69 x1c1uobl x1n2onr6\">\n<div class=\"html-div xdj266r x14z9mp xat24cr x1lziwak xexx8yu xyri2b x18d9i69 x1c1uobl x1n2onr6\"><\/div>\n<div class=\"html-div xdj266r x14z9mp xat24cr x1lziwak xexx8yu xyri2b x18d9i69 x1c1uobl x6ikm8r x10wlt62\">\n<div class=\"x6s0dn4 xmjcpbm x1nb4dca x1q0q8m5 xso031l x78zum5 x1q0g3np x1iyjqo2 x1qughib xyamay9 xv54qhq x1l90r2v xf7dkkf x1n2onr6\">\n<div class=\"x1iyjqo2 xeuugli\">\n<div class=\"x78zum5 xdt5ytf xz62fqu x16ldp7u\">\n<div class=\"xu06os2 x1ok221b\"><span class=\"x193iq5w xeuugli x13faqbe x1vvkbs x1xmvt09 x1lliihq x1s928wv xhkezso x1gmr53x x1cpjm7i x1fgarty x1943h6x xudqn12 x3x7a5m x1lkfr7t x1lbecb7 x1s688f xzsf02u x1yc453h\" dir=\"auto\"><span class=\"x1lliihq x6ikm8r x10wlt62 x1n2onr6 x1j85h84\">Eschaco.com<\/span><\/span><\/div>\n<\/div>\n<\/div>\n<\/div>\n<\/div>\n<\/div>\n","protected":false},"excerpt":{"rendered":"<p>El pr\u00f3ximo 19 de diciembre se realizar\u00e1 la 43\u00b0 eduici\u00f3n de la Fiesta Anual del Deporte, donde ser\u00e1 consgrado tambi\u00e9n el Deportista del A\u00f1o. El anuncio oficial se hizo en el marco de la Asamblea General Ordinaria donde se aprob\u00f3 la memoria y balance. El evento que convoca a los deportistas, dirigentes, entrenadores y actores &hellip;<\/p>\n","protected":false},"author":2,"featured_media":28885,"comment_status":"open","ping_status":"open","sticky":false,"template":"","format":"standard","meta":{"footnotes":""},"categories":[44],"tags":[],"class_list":["post-28883","post","type-post","status-publish","format-standard","has-post-thumbnail","hentry","category-varios"],"_links":{"self":[{"href":"https:\/\/www.sportchaco.com.ar\/index.php?rest_route=\/wp\/v2\/posts\/28883","targetHints":{"allow":["GET"]}}],"collection":[{"href":"https:\/\/www.sportchaco.com.ar\/index.php?rest_route=\/wp\/v2\/posts"}],"about":[{"href":"https:\/\/www.sportchaco.com.ar\/index.php?rest_route=\/wp\/v2\/types\/post"}],"author":[{"embeddable":true,"href":"https:\/\/www.sportchaco.com.ar\/index.php?rest_route=\/wp\/v2\/users\/2"}],"replies":[{"embeddable":true,"href":"https:\/\/www.sportchaco.com.ar\/index.php?rest_route=%2Fwp%2Fv2%2Fcomments&post=28883"}],"version-history":[{"count":1,"href":"https:\/\/www.sportchaco.com.ar\/index.php?rest_route=\/wp\/v2\/posts\/28883\/revisions"}],"predecessor-version":[{"id":28886,"href":"https:\/\/www.sportchaco.com.ar\/index.php?rest_route=\/wp\/v2\/posts\/28883\/revisions\/28886"}],"wp:featuredmedia":[{"embeddable":true,"href":"https:\/\/www.sportchaco.com.ar\/index.php?rest_route=\/wp\/v2\/media\/28885"}],"wp:attachment":[{"href":"https:\/\/www.sportchaco.com.ar\/index.php?rest_route=%2Fwp%2Fv2%2Fmedia&parent=28883"}],"wp:term":[{"taxonomy":"category","embeddable":true,"href":"https:\/\/www.sportchaco.com.ar\/index.php?rest_route=%2Fwp%2Fv2%2Fcategories&post=28883"},{"taxonomy":"post_tag","embeddable":true,"href":"https:\/\/www.sportchaco.com.ar\/index.php?rest_route=%2Fwp%2Fv2%2Ftags&post=28883"}],"curies":[{"name":"wp","href":"https:\/\/api.w.org\/{rel}","templated":true}]}}