{"id":28890,"date":"2025-11-19T18:55:10","date_gmt":"2025-11-19T21:55:10","guid":{"rendered":"https:\/\/www.sportchaco.com.ar\/?p=28890"},"modified":"2025-11-19T18:55:10","modified_gmt":"2025-11-19T21:55:10","slug":"los-chaquenos-jugaran-este-sabado-y-domingo","status":"publish","type":"post","link":"https:\/\/www.sportchaco.com.ar\/?p=28890","title":{"rendered":"Los chaque\u00f1os jugar\u00e1n este s\u00e1bado y domingo"},"content":{"rendered":"<p><strong>19-11-2025<\/strong><\/p>\n<p><img loading=\"lazy\" decoding=\"async\" class=\"aligncenter size-large wp-image-20099\" src=\"https:\/\/www.sportchaco.com.ar\/wp-content\/uploads\/2025\/06\/728x90-1024x127.gif\" sizes=\"auto, (max-width: 1024px) 100vw, 1024px\" srcset=\"https:\/\/www.sportchaco.com.ar\/wp-content\/uploads\/2025\/06\/728x90-1024x127.gif 1024w, https:\/\/www.sportchaco.com.ar\/wp-content\/uploads\/2025\/06\/728x90-300x37.gif 300w, https:\/\/www.sportchaco.com.ar\/wp-content\/uploads\/2025\/06\/728x90-768x95.gif 768w, https:\/\/www.sportchaco.com.ar\/wp-content\/uploads\/2025\/06\/728x90-1536x190.gif 1536w, https:\/\/www.sportchaco.com.ar\/wp-content\/uploads\/2025\/06\/728x90-2048x254.gif 2048w\" alt=\"\" width=\"1024\" height=\"127\" \/><\/p>\n<p>El Consejo Federal de AFA dio a conocer los d\u00edas, horarios y \u00e1rbitros para los partidos del fin de semana en lo que ser\u00e1 la 5\u00aa fecha del torneo Regional Amateur.<\/p>\n<p>Los equipos de la provincia del Chaco, distribuidos en las zonas 8, 9 y 10 de la Regi\u00f3n Litoral Norte, jugar\u00e1n este s\u00e1bado y domingo.<\/p>\n<p><strong>REGI\u00d3N LITORAL NORTE<\/strong><br \/>\n<strong>TODA 5\u00aa FECHA<br \/>\nZONA 8<br \/>\nDomingo 23-11<\/strong><br \/>\nA las 17, Uni\u00f3n (Machagai) \u2013 Regional<br \/>\n<strong>\u00c1rbitro:<\/strong> Sergio Lezcano. <strong>Asistentes:<\/strong> Guillermo Dulka y Juan Carlos Ferreyra (terna de Villa \u00c1ngela)<\/p>\n<p>A las 17, Estudiantes \u2013 Defensores<br \/>\n<strong>\u00c1rbitro:<\/strong> Diego Mitoire.<strong> Asistentes:<\/strong> Juan Pablo Infran\u00a0 y Dami\u00e1n Amarilla (terna de Resistencia)<\/p>\n<p><strong>ZONA 9<\/strong><strong><br \/>\nS\u00e1bado 22-11<br \/>\n<\/strong>A las 17, Fontana \u2013 Dep. Municipal (Gral. Roca)<br \/>\n<strong>\u00c1rbitro:<\/strong> Leandro D\u00edaz Doro\u00f1uk.<strong> Asistentes:<\/strong> Juan Manuel Gonz\u00e1lez Gamarra y Gonzalo Amaya (terna de Las Bre\u00f1as)<strong><br \/>\n<\/strong><\/p>\n<p><strong>Domingo 23-11<\/strong><br \/>\nA las 17, Hurac\u00e1n (Vedia) \u2013 Policiales<br \/>\n<strong>\u00c1rbitro:<\/strong> Marcelo Ojeda. <strong>Asistentes:<\/strong> Rub\u00e9n Saavedra y Agust\u00edn Alegre (terna de Macahgai)<\/p>\n<p><strong>ZONA 10<\/strong><br \/>\n<strong>S\u00e1bado 22-11<br \/>\n<\/strong>A las 17, Comercio (Santa Sylvina) \u2013 Cultural (Castelli)<br \/>\n<strong>\u00c1rbitro:<\/strong> Sebasti\u00e1n Ver\u00f3n. <strong>Asistentes:<\/strong> Gabriel Hern\u00e1ndez y Melina Meza (terna de Resistencia)<\/p>\n<p><strong>Domingo 23-11<\/strong><br \/>\nA las 17, Uni\u00f3n (Pampa Alegr\u00eda) \u2013 Cooperativa (Villa Berthet)<br \/>\n<strong>\u00c1rbitro:<\/strong> Dar\u00edo P\u00e9rez. <strong>Asistentes:<\/strong> Cristian Aguirre y Lautaro Ag\u00fcero (terna de Quitilipi)<\/p>\n<p><strong>POSICIONES<\/strong><br \/>\n<strong>ZONA 8<\/strong><br \/>\nDefensores (Vilelas) 7<br \/>\nUni\u00f3n (Machagai) 7<br \/>\nEstudiantes (Resistencia) 6<br \/>\nRegional (Resistencia) 3<\/p>\n<p><strong>ZONA 9<\/strong><br \/>\nFontana 9<br \/>\nPoliciales (Resistencia) 9<br \/>\nDep. Municipal (Gral. Roca) 6<br \/>\nHurac\u00e1n (Vedia) 0<\/p>\n<p><strong>ZONA 10<\/strong><br \/>\nCultural (Castelli) 10<br \/>\nComercio (Santa Sylvina) 9<br \/>\nCooperativa (Villa Berthet) 4<br \/>\nUni\u00f3n (Pampa Alegr\u00eda) 0<\/p>\n<p><img loading=\"lazy\" decoding=\"async\" class=\"aligncenter size-large wp-image-18287\" src=\"https:\/\/www.sportchaco.com.ar\/wp-content\/uploads\/2025\/04\/Chaco-sin-fuego-3-1080x1350-4-819x1024.gif\" sizes=\"auto, (max-width: 819px) 100vw, 819px\" srcset=\"https:\/\/www.sportchaco.com.ar\/wp-content\/uploads\/2025\/04\/Chaco-sin-fuego-3-1080x1350-4-819x1024.gif 819w, https:\/\/www.sportchaco.com.ar\/wp-content\/uploads\/2025\/04\/Chaco-sin-fuego-3-1080x1350-4-240x300.gif 240w, https:\/\/www.sportchaco.com.ar\/wp-content\/uploads\/2025\/04\/Chaco-sin-fuego-3-1080x1350-4-768x960.gif 768w, https:\/\/www.sportchaco.com.ar\/wp-content\/uploads\/2025\/04\/Chaco-sin-fuego-3-1080x1350-4-1229x1536.gif 1229w, https:\/\/www.sportchaco.com.ar\/wp-content\/uploads\/2025\/04\/Chaco-sin-fuego-3-1080x1350-4-1638x2048.gif 1638w\" alt=\"\" width=\"819\" height=\"1024\" \/><\/p>\n","protected":false},"excerpt":{"rendered":"<p>19-11-2025 El Consejo Federal de AFA dio a conocer los d\u00edas, horarios y \u00e1rbitros para los partidos del fin de semana en lo que ser\u00e1 la 5\u00aa fecha del torneo Regional Amateur. Los equipos de la provincia del Chaco, distribuidos en las zonas 8, 9 y 10 de la Regi\u00f3n Litoral Norte, jugar\u00e1n este s\u00e1bado &hellip;<\/p>\n","protected":false},"author":3,"featured_media":28891,"comment_status":"open","ping_status":"open","sticky":false,"template":"","format":"standard","meta":{"footnotes":""},"categories":[5],"tags":[],"class_list":["post-28890","post","type-post","status-publish","format-standard","has-post-thumbnail","hentry","category-futbol"],"_links":{"self":[{"href":"https:\/\/www.sportchaco.com.ar\/index.php?rest_route=\/wp\/v2\/posts\/28890","targetHints":{"allow":["GET"]}}],"collection":[{"href":"https:\/\/www.sportchaco.com.ar\/index.php?rest_route=\/wp\/v2\/posts"}],"about":[{"href":"https:\/\/www.sportchaco.com.ar\/index.php?rest_route=\/wp\/v2\/types\/post"}],"author":[{"embeddable":true,"href":"https:\/\/www.sportchaco.com.ar\/index.php?rest_route=\/wp\/v2\/users\/3"}],"replies":[{"embeddable":true,"href":"https:\/\/www.sportchaco.com.ar\/index.php?rest_route=%2Fwp%2Fv2%2Fcomments&post=28890"}],"version-history":[{"count":1,"href":"https:\/\/www.sportchaco.com.ar\/index.php?rest_route=\/wp\/v2\/posts\/28890\/revisions"}],"predecessor-version":[{"id":28892,"href":"https:\/\/www.sportchaco.com.ar\/index.php?rest_route=\/wp\/v2\/posts\/28890\/revisions\/28892"}],"wp:featuredmedia":[{"embeddable":true,"href":"https:\/\/www.sportchaco.com.ar\/index.php?rest_route=\/wp\/v2\/media\/28891"}],"wp:attachment":[{"href":"https:\/\/www.sportchaco.com.ar\/index.php?rest_route=%2Fwp%2Fv2%2Fmedia&parent=28890"}],"wp:term":[{"taxonomy":"category","embeddable":true,"href":"https:\/\/www.sportchaco.com.ar\/index.php?rest_route=%2Fwp%2Fv2%2Fcategories&post=28890"},{"taxonomy":"post_tag","embeddable":true,"href":"https:\/\/www.sportchaco.com.ar\/index.php?rest_route=%2Fwp%2Fv2%2Ftags&post=28890"}],"curies":[{"name":"wp","href":"https:\/\/api.w.org\/{rel}","templated":true}]}}