{"id":28910,"date":"2025-11-20T23:33:04","date_gmt":"2025-11-21T02:33:04","guid":{"rendered":"https:\/\/www.sportchaco.com.ar\/?p=28910"},"modified":"2025-11-20T23:34:08","modified_gmt":"2025-11-21T02:34:08","slug":"efemerides-del-21-de-noviembre-2","status":"publish","type":"post","link":"https:\/\/www.sportchaco.com.ar\/?p=28910","title":{"rendered":"Efem\u00e9rides del 21 de noviembre"},"content":{"rendered":"<div class=\"container fullwidth-entry-title-wrapper\">\n<div class=\"container-wrapper fullwidth-entry-title\">\n<header class=\"entry-header-outer\">\n<div class=\"entry-header\">\n<h1 class=\"post-title entry-title\"><\/h1>\n<div class=\"single-post-meta post-meta clearfix\"><\/div>\n<\/div>\n<\/header>\n<\/div>\n<\/div>\n<div id=\"content\" class=\"site-content container\">\n<div id=\"main-content-row\" class=\"tie-row main-content-row\">\n<div class=\"main-content tie-col-md-8 tie-col-xs-12\" role=\"main\">\n<article id=\"the-post\" class=\"container-wrapper post-content tie-standard\">\n<div class=\"featured-area\">\n<div class=\"featured-area-inner\"><\/div>\n<\/div>\n<div class=\"entry-content entry clearfix\">\n<h5><strong>Esta es la Efem\u00e9rides del Deporte en el Chaco de un 21 de noviembre del periodista Luis Dar\u00edo Molodezky<\/strong><\/h5>\n<p><img loading=\"lazy\" decoding=\"async\" class=\"alignnone size-medium wp-image-28945 aligncenter\" src=\"https:\/\/www.sportchaco.com.ar\/wp-content\/uploads\/2025\/11\/Luis-Dario-11-08-2025-3-COPIA-1-300x229.jpeg\" alt=\"\" width=\"300\" height=\"229\" srcset=\"https:\/\/www.sportchaco.com.ar\/wp-content\/uploads\/2025\/11\/Luis-Dario-11-08-2025-3-COPIA-1-300x229.jpeg 300w, https:\/\/www.sportchaco.com.ar\/wp-content\/uploads\/2025\/11\/Luis-Dario-11-08-2025-3-COPIA-1-768x586.jpeg 768w, https:\/\/www.sportchaco.com.ar\/wp-content\/uploads\/2025\/11\/Luis-Dario-11-08-2025-3-COPIA-1.jpeg 859w\" sizes=\"auto, (max-width: 300px) 100vw, 300px\" \/><\/p>\n<p><strong>\u00a0<\/strong><\/p>\n<p><strong>1919\u00a0<\/strong>\/ Nace uno de los grandes \u00eddolos del automovilismo chaque\u00f1o, el gran Eduardo\u00a0<em>Lolo\u00a0<\/em>Carauni. En las carreras por los caminos polvorientos de nuestra provincia, hab\u00eda que buscar un lugar en las curvas veloces y dif\u00edciles para deleitarse con su manejo y el derrape controlado. Pese a que en su vida tuvo que enfrentar duros escollos, jam\u00e1s se lo vio sin una sonrisa y pleno de optimismo contagiante. Falleci\u00f3 el 8 de agosto de 2007.<\/p>\n<p>&nbsp;<\/p>\n<p>&nbsp;<\/p>\n<p>&nbsp;<\/p>\n<p><strong>1921\u00a0<\/strong>\/ Se funda el Club Atl\u00e9tico Alvear de la ciudad de Villa \u00c1ngela. Su primer presidente fue Fernando Mu\u00f1oz. El f\u00fatbol fue la primera disciplina que desarroll\u00f3, contando con un estadio confortable construido en la presidencia de Jos\u00e9 Mart\u00edn, quien lo acondicion\u00f3 con tribunas de material. Otro de sus orgullos es desde 1977 el Circuito \u201cJos\u00e9 Froil\u00e1n Gonz\u00e1lez\u201d. En la zona cuenta con su cancha de golf. Para sus participaciones nacionales de b\u00e1squetbol, moderniz\u00f3 su gimnasio, para la pr\u00e1ctica del boxeo y v\u00f3leibol.<\/p>\n<p><img loading=\"lazy\" decoding=\"async\" class=\"alignnone size-medium wp-image-14789\" src=\"https:\/\/www.sportchaco.com.ar\/wp-content\/uploads\/2024\/11\/Enrique-Tjor-pte-Alvear-VA-anos-80-256x300.jpg\" sizes=\"auto, (max-width: 256px) 100vw, 256px\" srcset=\"https:\/\/www.sportchaco.com.ar\/wp-content\/uploads\/2024\/11\/Enrique-Tjor-pte-Alvear-VA-anos-80-256x300.jpg 256w, https:\/\/www.sportchaco.com.ar\/wp-content\/uploads\/2024\/11\/Enrique-Tjor-pte-Alvear-VA-anos-80.jpg 409w\" alt=\"\" width=\"256\" height=\"300\" \/><\/p>\n<p><strong>Enrique Tjor, presidente de Alvear en la d\u00e9cada del 80<\/strong><\/p>\n<p>&nbsp;<\/p>\n<p><strong>Foto portada: Eduardo Carauni en la primera Vuelta del Chaco<\/strong><\/p>\n<\/div>\n<\/article>\n<\/div>\n<\/div>\n<\/div>\n","protected":false},"excerpt":{"rendered":"<p>Esta es la Efem\u00e9rides del Deporte en el Chaco de un 21 de noviembre del periodista Luis Dar\u00edo Molodezky \u00a0 1919\u00a0\/ Nace uno de los grandes \u00eddolos del automovilismo chaque\u00f1o, el gran Eduardo\u00a0Lolo\u00a0Carauni. En las carreras por los caminos polvorientos de nuestra provincia, hab\u00eda que buscar un lugar en las curvas veloces y dif\u00edciles para &hellip;<\/p>\n","protected":false},"author":2,"featured_media":28947,"comment_status":"open","ping_status":"open","sticky":false,"template":"","format":"standard","meta":{"footnotes":""},"categories":[45,41],"tags":[],"class_list":["post-28910","post","type-post","status-publish","format-standard","has-post-thumbnail","hentry","category-efemerides-dia-por-dia","category-noviembre"],"_links":{"self":[{"href":"https:\/\/www.sportchaco.com.ar\/index.php?rest_route=\/wp\/v2\/posts\/28910","targetHints":{"allow":["GET"]}}],"collection":[{"href":"https:\/\/www.sportchaco.com.ar\/index.php?rest_route=\/wp\/v2\/posts"}],"about":[{"href":"https:\/\/www.sportchaco.com.ar\/index.php?rest_route=\/wp\/v2\/types\/post"}],"author":[{"embeddable":true,"href":"https:\/\/www.sportchaco.com.ar\/index.php?rest_route=\/wp\/v2\/users\/2"}],"replies":[{"embeddable":true,"href":"https:\/\/www.sportchaco.com.ar\/index.php?rest_route=%2Fwp%2Fv2%2Fcomments&post=28910"}],"version-history":[{"count":3,"href":"https:\/\/www.sportchaco.com.ar\/index.php?rest_route=\/wp\/v2\/posts\/28910\/revisions"}],"predecessor-version":[{"id":28948,"href":"https:\/\/www.sportchaco.com.ar\/index.php?rest_route=\/wp\/v2\/posts\/28910\/revisions\/28948"}],"wp:featuredmedia":[{"embeddable":true,"href":"https:\/\/www.sportchaco.com.ar\/index.php?rest_route=\/wp\/v2\/media\/28947"}],"wp:attachment":[{"href":"https:\/\/www.sportchaco.com.ar\/index.php?rest_route=%2Fwp%2Fv2%2Fmedia&parent=28910"}],"wp:term":[{"taxonomy":"category","embeddable":true,"href":"https:\/\/www.sportchaco.com.ar\/index.php?rest_route=%2Fwp%2Fv2%2Fcategories&post=28910"},{"taxonomy":"post_tag","embeddable":true,"href":"https:\/\/www.sportchaco.com.ar\/index.php?rest_route=%2Fwp%2Fv2%2Ftags&post=28910"}],"curies":[{"name":"wp","href":"https:\/\/api.w.org\/{rel}","templated":true}]}}