{"id":28912,"date":"2025-11-20T10:15:37","date_gmt":"2025-11-20T13:15:37","guid":{"rendered":"https:\/\/www.sportchaco.com.ar\/?p=28912"},"modified":"2025-11-20T10:16:03","modified_gmt":"2025-11-20T13:16:03","slug":"por-tema-de-visado-prigioni-y-mandole-no-irian-a-cuba-dirigiria-casalanguida","status":"publish","type":"post","link":"https:\/\/www.sportchaco.com.ar\/?p=28912","title":{"rendered":"Por tema de visado Prigioni y M\u00e1ndole no ir\u00edan a Cuba: dirigir\u00eda Casal\u00e1nguida"},"content":{"rendered":"<h2><\/h2>\n<p>&nbsp;<\/p>\n<p>&nbsp;<\/p>\n<p><span class=\"time\"><strong>Foto portada: Prigioni y M\u00e1ndole no estar\u00edan en La Habana (FIBA)<\/strong><\/span><\/p>\n<h5><\/h5>\n<h5><span class=\"time\">Tanto el entrenador del seleccionado como su asistente no podr\u00edan volver a Estados Unidos si estuvieran presentes en La Habana. Ambos estar\u00e1n para el juego en Buenos Aires. Modelo de Democracia<\/span><\/h5>\n<div id=\"node-107204\" class=\"node node-openpublish-article node-promoted node-sticky node-full clearfix\">\n<div class=\"content clearfix\">\n<div class=\"field field-name-field-articulo-texto-imagen field-type-text-long field-label-hidden\">\n<div class=\"field-items\">\n<div class=\"field-item even\"><\/div>\n<\/div>\n<\/div>\n<div class=\"field field-name-field-op-main-image field-type-image field-label-hidden\">\n<div class=\"field-items\">\n<div class=\"field-item even\">\n<div id=\"flexslider-1\" class=\"flexslider optionset-default flexslider-processed\">\n<p>&nbsp;<\/p>\n<\/div>\n<\/div>\n<\/div>\n<\/div>\n<div class=\"field field-name-body field-type-text-with-summary field-label-hidden\">\n<div class=\"field-items\">\n<div class=\"field-item even\">\n<p><strong>Se sabe que los viajes a Cuba no son f\u00e1ciles. Y menos para residentes de Estados Unidos. Es por eso que esto afectar\u00e1 a la Selecci\u00f3n Argentina para su debut. Es que tanto Pablo Prigioni como Herman M\u00e1ndole no podr\u00edan estar en el duelo a disputarse en La Habana el 27 de noviembre. El que dirigir\u00eda en este partido ser\u00eda Nico Casal\u00e1nguida.<\/strong><\/p>\n<p>Ambos estar\u00e1n presentes en el partido que se jugar\u00e1 en Obras el 1 de diciembre ante el mismo rival. Recordemos que Prigioni es asistente de Minnesota Timberwolves en la NBA, mientras que M\u00e1ndole lo es en Sioux Falls Skyforce de la G-League.<\/p>\n<p>Aqu\u00ed entran en rigor las limitaciones del bloqueo de Estados Unidos a Cuba. Principalmente para los residentes los norteamericanos no permitir\u00e1n el regreso si pisan suelo cubano.<\/p>\n<p>Se trata de problemas ya conocidos entre ambos pa\u00edses. Sin ir m\u00e1s lejos, Cuba debi\u00f3 jugar en febrero del 2024 frente a Estados Unidos con 7 jugadores por problemas en sus visas para ingresar. Tiempo despu\u00e9s, en febrero del 2025, no dejaron entrar a ninguno a Puerto Rico y los cubanos perdieron los puntos, quedando afuera de toda chance de clasificaci\u00f3n a la Americup.<\/p>\n<\/div>\n<\/div>\n<\/div>\n<div class=\"field field-name-field-articulo-fuente field-type-text field-label-inline clearfix\">\n<div class=\"field-label\"><strong>Fuente:\u00a0 Alejandro P\u00e9rez<\/strong><\/div>\n<\/div>\n<\/div>\n<\/div>\n","protected":false},"excerpt":{"rendered":"<p>&nbsp; &nbsp; Foto portada: Prigioni y M\u00e1ndole no estar\u00edan en La Habana (FIBA) Tanto el entrenador del seleccionado como su asistente no podr\u00edan volver a Estados Unidos si estuvieran presentes en La Habana. Ambos estar\u00e1n para el juego en Buenos Aires. Modelo de Democracia &nbsp; Se sabe que los viajes a Cuba no son f\u00e1ciles. &hellip;<\/p>\n","protected":false},"author":2,"featured_media":28913,"comment_status":"open","ping_status":"open","sticky":false,"template":"","format":"standard","meta":{"footnotes":""},"categories":[3],"tags":[],"class_list":["post-28912","post","type-post","status-publish","format-standard","has-post-thumbnail","hentry","category-basquetbol"],"_links":{"self":[{"href":"https:\/\/www.sportchaco.com.ar\/index.php?rest_route=\/wp\/v2\/posts\/28912","targetHints":{"allow":["GET"]}}],"collection":[{"href":"https:\/\/www.sportchaco.com.ar\/index.php?rest_route=\/wp\/v2\/posts"}],"about":[{"href":"https:\/\/www.sportchaco.com.ar\/index.php?rest_route=\/wp\/v2\/types\/post"}],"author":[{"embeddable":true,"href":"https:\/\/www.sportchaco.com.ar\/index.php?rest_route=\/wp\/v2\/users\/2"}],"replies":[{"embeddable":true,"href":"https:\/\/www.sportchaco.com.ar\/index.php?rest_route=%2Fwp%2Fv2%2Fcomments&post=28912"}],"version-history":[{"count":2,"href":"https:\/\/www.sportchaco.com.ar\/index.php?rest_route=\/wp\/v2\/posts\/28912\/revisions"}],"predecessor-version":[{"id":28915,"href":"https:\/\/www.sportchaco.com.ar\/index.php?rest_route=\/wp\/v2\/posts\/28912\/revisions\/28915"}],"wp:featuredmedia":[{"embeddable":true,"href":"https:\/\/www.sportchaco.com.ar\/index.php?rest_route=\/wp\/v2\/media\/28913"}],"wp:attachment":[{"href":"https:\/\/www.sportchaco.com.ar\/index.php?rest_route=%2Fwp%2Fv2%2Fmedia&parent=28912"}],"wp:term":[{"taxonomy":"category","embeddable":true,"href":"https:\/\/www.sportchaco.com.ar\/index.php?rest_route=%2Fwp%2Fv2%2Fcategories&post=28912"},{"taxonomy":"post_tag","embeddable":true,"href":"https:\/\/www.sportchaco.com.ar\/index.php?rest_route=%2Fwp%2Fv2%2Ftags&post=28912"}],"curies":[{"name":"wp","href":"https:\/\/api.w.org\/{rel}","templated":true}]}}