{"id":28929,"date":"2025-11-20T20:02:10","date_gmt":"2025-11-20T23:02:10","guid":{"rendered":"https:\/\/www.sportchaco.com.ar\/?p=28929"},"modified":"2025-11-20T23:06:55","modified_gmt":"2025-11-21T02:06:55","slug":"ajedrez-la-federacion-coronara-a-sus-campeones-coronara-a-sus-campeones-de-ajedrez-absoluto-e-infanto-juvenil-2025","status":"publish","type":"post","link":"https:\/\/www.sportchaco.com.ar\/?p=28929","title":{"rendered":"Ajedrez: La Federaci\u00f3n coronar\u00e1 a sus campeones"},"content":{"rendered":"<p>&nbsp;<\/p>\n<h5>En las instalaciones del Club Progreso de Resistencia, (Hip\u00f3lito Yrigoyen 410) los j\u00f3venes mediran fuerzas el d\u00eda viernes 21 de noviembre y los mayores tendr\u00e1n 3 d\u00edas de competencia desde el d\u00eda s\u00e1bado 22 al lunes 24 de noviembre.<\/h5>\n<p>&nbsp;<\/p>\n<p>Tras dos emocionantes semifinales, presenciales para absoluto o categor\u00eda libre, y en el caso de los j\u00f3venes una presencial en el Club Progreso Resistencia y otra h\u00edbrida, los talentosos finalistas est\u00e1n listos para disputar el Provincial Chaque\u00f1o Argentina 2025 en Resistencia. \u00a1Ma\u00f1ana viernes 21 de noviembre ser\u00e1 el d\u00eda clave!<\/p>\n<p>La Federaci\u00f3n Chaque\u00f1a de Ajedrez, liderada por abogado Alessandro Manzone, ha trabajado incansablemente junto a clubes, profesores, padres y el \u00e1rbitro Diego Zalazar para brindar a los j\u00f3venes ajedrecistas una experiencia inolvidable.<\/p>\n<p>Somos la \u00fanica Federaci\u00f3n en la regi\u00f3n que aplica esta innovadora modalidad h\u00edbrida -dice un comunicado oficial-, implementada desde 2020, en tiempos de pandemia con el evento Torneo de la amistad, dirigido por el profesor Javier Sosa, esta modalidad que permite a los participantes competir desde sus clubes a trav\u00e9s de la plataforma lichess.org, combinando lo virtual con tableros y relojes f\u00edsicos. \u00a1Un verdadero esfuerzo colectivo que nos llena de orgullo!<\/p>\n<p>Agradecemos a los clubes y profesores: Mario Maron de Villa Angela (Prof. Gustavo Fern\u00e1ndez), Caissa27 Las Bre\u00f1as (Prof. Miguel Gonz\u00e1lez), Asoc. Italiana Charatas (Prof. Nahuel Cabrera), Alfil 33 Saenz Pe\u00f1a (Prof. Malena Medina), Cultural Fontana (Prof. Joaqu\u00edn Cabrera), Municipal Barranqueras (Prof. Marcelo Dur\u00e1n), Urquiza La Leonesa (Prof. Leonardo Coriat), Club Progreso Castelli (Prof. Miguel Vidaurre), Club Progreso Resistencia (Prof. Javier Sosa), y a los representantes de Las Palmas, Colonia Ben\u00edtez y Tirol por su valiosa participaci\u00f3n.<\/p>\n<p><strong>Finalistas\u00a0<\/strong><\/p>\n<p><strong>Sub 8:<\/strong><\/p>\n<p>&#8211; Noah Zalazar (La Leonesa)<br \/>\n&#8211; Sebasti\u00e1n Feola (Resistencia)<br \/>\n&#8211; Jes\u00fas Masedo (Resistencia)<br \/>\n&#8211; Bruno Ostertag (Castelli)<br \/>\n&#8211; Noah Robledo (S. Pe\u00f1a)<br \/>\n&#8211; Karim Apud (Charatas)<br \/>\n&#8211; Mart\u00edn Apud (Charatas)<br \/>\n&#8211; Luis Maturan Gallego (Charatas)<\/p>\n<p><strong>Sub 12:<\/strong><\/p>\n<p>&#8211; Gae Mora Acostal (Resistencia)<br \/>\n&#8211; Joaqu\u00edn D\u00edaz Noriega (Resistencia)<br \/>\n&#8211; Gael Acevedo Falc\u00f3n (Barranqueras)<br \/>\n&#8211; Ciro Ju\u00e1rez D\u00edaz (Resistencia)<br \/>\n&#8211; Juliano Di Nucci (Las Bre\u00f1as)<br \/>\n&#8211; Santiago Gim\u00e9nez (Las Bre\u00f1as)<br \/>\n&#8211; Noah Tevez (Castelli)<br \/>\n&#8211; Santiago L\u00f3pez (Las Bre\u00f1as)<\/p>\n<p><strong>Sub 16:<\/strong><\/p>\n<p>&#8211; Gast\u00f3n Gnus (Resistencia)<br \/>\n&#8211; Iv\u00e1n Gonzalez (Fontana)<br \/>\n&#8211; Fabio Godoy (Fontana)<br \/>\n&#8211; Jana Osuna (Barranqueras)<br \/>\n&#8211; Facundo Palavecino (Castelli)<br \/>\n&#8211; Mauro Palavecino (Castelli)<br \/>\n&#8211; Renato Ferreyra (Resistencia)<br \/>\n&#8211; Valentino Ceci (Charatas)<\/p>\n<p><strong>Categor\u00eda Absoluta\/Libre.<\/strong><br \/>\n* MF Alessandro Manzone(Cnia Ben\u00edtez).<br \/>\n* Agust\u00edn Aldama (Resistencia)<br \/>\n* Diego Zalazar (La Leonesa)<br \/>\n* Tom\u00e1s Encizo (Resistencia)<br \/>\n* Javier Sosa (Resistencia)<br \/>\n* Dar\u00edo Aznar (S.Pe\u00f1a)<br \/>\n* Gonzalo L\u00f3pez (S.Pe\u00f1a)<br \/>\n* Christian Rodr\u00edguez (S.Pe\u00f1a)<\/p>\n<p>\u00a1Quienes hacemos a la Federaci\u00f3n Chaque\u00f1a de Ajedrez, Felicitamos a todos los participantes por su esfuerzo y dedicaci\u00f3n! A los finalistas, les deseamos el mayor de los \u00e9xitos en Resistencia. Cada uno de ustedes jugar\u00e1 todos contra todos en su categor\u00eda para alcanzar la gloria y el t\u00edtulo de Campe\u00f3n Chaque\u00f1o, un reconocimiento que los acompa\u00f1ar\u00e1 durante todo el a\u00f1o y que defender\u00e1n con honor en 2026.<\/p>\n<p>La alegr\u00eda y uni\u00f3n de los j\u00f3venes ajedrecistas de toda la provincia gracias a la tecnolog\u00eda y las puertas abiertas de los clubes, es nuestra mayor satisfacci\u00f3n. \u00a1Al ajedrez chaque\u00f1o lo hacemos entre todos!<\/p>\n<h5><\/h5>\n<p>&nbsp;<\/p>\n","protected":false},"excerpt":{"rendered":"<p>&nbsp; En las instalaciones del Club Progreso de Resistencia, (Hip\u00f3lito Yrigoyen 410) los j\u00f3venes mediran fuerzas el d\u00eda viernes 21 de noviembre y los mayores tendr\u00e1n 3 d\u00edas de competencia desde el d\u00eda s\u00e1bado 22 al lunes 24 de noviembre. &nbsp; Tras dos emocionantes semifinales, presenciales para absoluto o categor\u00eda libre, y en el caso &hellip;<\/p>\n","protected":false},"author":2,"featured_media":28930,"comment_status":"open","ping_status":"open","sticky":false,"template":"","format":"standard","meta":{"footnotes":""},"categories":[64],"tags":[],"class_list":["post-28929","post","type-post","status-publish","format-standard","has-post-thumbnail","hentry","category-ajedrez"],"_links":{"self":[{"href":"https:\/\/www.sportchaco.com.ar\/index.php?rest_route=\/wp\/v2\/posts\/28929","targetHints":{"allow":["GET"]}}],"collection":[{"href":"https:\/\/www.sportchaco.com.ar\/index.php?rest_route=\/wp\/v2\/posts"}],"about":[{"href":"https:\/\/www.sportchaco.com.ar\/index.php?rest_route=\/wp\/v2\/types\/post"}],"author":[{"embeddable":true,"href":"https:\/\/www.sportchaco.com.ar\/index.php?rest_route=\/wp\/v2\/users\/2"}],"replies":[{"embeddable":true,"href":"https:\/\/www.sportchaco.com.ar\/index.php?rest_route=%2Fwp%2Fv2%2Fcomments&post=28929"}],"version-history":[{"count":2,"href":"https:\/\/www.sportchaco.com.ar\/index.php?rest_route=\/wp\/v2\/posts\/28929\/revisions"}],"predecessor-version":[{"id":28932,"href":"https:\/\/www.sportchaco.com.ar\/index.php?rest_route=\/wp\/v2\/posts\/28929\/revisions\/28932"}],"wp:featuredmedia":[{"embeddable":true,"href":"https:\/\/www.sportchaco.com.ar\/index.php?rest_route=\/wp\/v2\/media\/28930"}],"wp:attachment":[{"href":"https:\/\/www.sportchaco.com.ar\/index.php?rest_route=%2Fwp%2Fv2%2Fmedia&parent=28929"}],"wp:term":[{"taxonomy":"category","embeddable":true,"href":"https:\/\/www.sportchaco.com.ar\/index.php?rest_route=%2Fwp%2Fv2%2Fcategories&post=28929"},{"taxonomy":"post_tag","embeddable":true,"href":"https:\/\/www.sportchaco.com.ar\/index.php?rest_route=%2Fwp%2Fv2%2Ftags&post=28929"}],"curies":[{"name":"wp","href":"https:\/\/api.w.org\/{rel}","templated":true}]}}