{"id":28953,"date":"2025-11-21T11:50:05","date_gmt":"2025-11-21T14:50:05","guid":{"rendered":"https:\/\/www.sportchaco.com.ar\/?p=28953"},"modified":"2025-11-21T11:50:05","modified_gmt":"2025-11-21T14:50:05","slug":"karting-se-inicia-fin-de-semana-a-puro-karting-en-la-termal","status":"publish","type":"post","link":"https:\/\/www.sportchaco.com.ar\/?p=28953","title":{"rendered":"Karting: Se inicia fin de semana a puro karting en la Termal"},"content":{"rendered":"<header class=\"entry-header clearfix\">\n<h1 class=\"entry-title\"><\/h1>\n<\/header>\n<div class=\"entry-thumbnail\"><\/div>\n<p class=\"entry-meta\">\n<div class=\"entry-content clearfix\">\n<p><strong>Con varias novedades y un fondo millonario como premio para los ganadores, este s\u00e1bado se correr\u00e1 la octava y \u00faltima fecha del Campeonato Provincial de Karting en Tierra \u201cGran Premio Roberto Codutti\u201d en el Kart\u00f3dromo S\u00e1enz Pe\u00f1a, en horario nocturno, que albergar\u00e1 as\u00ed a la \u201cCarrera 100\u201d. Las pruebas est\u00e1n en marcha<\/strong><\/p>\n<p>El trazado centrochaque\u00f1o ser\u00e1 escenario por tercera vez en el a\u00f1o de una prueba del calendario oficial del CPKT, en una jornada especial. La tambi\u00e9n denominada \u201cCarrera del Mill\u00f3n\u201d, tendr\u00e1 como premio adicional 300 mil pesos para los ganadores de las cinco categor\u00edas principales.<\/p>\n<p>Una vez m\u00e1s, el trabajo conjunto de Vialidad Provincial, Municipalidad de S\u00e1enz Pe\u00f1a y Secheep han sido determinantes para que el lugar pueda ser presentado en \u00f3ptimas condiciones, aguardando esta vez que el clima acompa\u00f1e y no genere los contratiempos que tuvo a principios de este mes.<\/p>\n<p>Se estima que participar\u00e1n una cien m\u00e1quinas y pilotos en categor\u00edas Escuela, Varillero 160, Varillero 175, Varillero 190, Kayak 195 y Yamaha Internacional, en la mayor\u00eda de ellos con definici\u00f3n del campeonato, algunos con pelea cabeza a cabeza entre dos o m\u00e1s protagonistas.<\/p>\n<p>En las pr\u00f3ximas horas se dar\u00e1 a conocer el cronograma oficial de actividades, que el viernes tendr\u00e1 el circuito habilitado para entrenamientos, como tambi\u00e9n el s\u00e1bado por la ma\u00f1ana. En horas de la siesta se realizar\u00e1n las tandas libres, para dar paso luego a la clasificaci\u00f3n, series y finales.<\/p>\n<p><img loading=\"lazy\" decoding=\"async\" class=\"attachment-content-single size-content-single wp-post-image\" src=\"https:\/\/www.ecodeportivo.com.ar\/img\/2025\/11\/karting-cierre-777x437.jpg\" sizes=\"auto, (max-width: 777px) 100vw, 777px\" srcset=\"https:\/\/www.ecodeportivo.com.ar\/img\/2025\/11\/karting-cierre-777x437.jpg 777w, https:\/\/www.ecodeportivo.com.ar\/img\/2025\/11\/karting-cierre-180x101.jpg 180w, https:\/\/www.ecodeportivo.com.ar\/img\/2025\/11\/karting-cierre-260x146.jpg 260w, https:\/\/www.ecodeportivo.com.ar\/img\/2025\/11\/karting-cierre-373x210.jpg 373w, https:\/\/www.ecodeportivo.com.ar\/img\/2025\/11\/karting-cierre-120x67.jpg 120w\" alt=\"\" width=\"777\" height=\"437\" \/><\/p>\n<p><strong>Fuente Eco Deportivo<\/strong><\/p>\n<div class=\"wp-video\">\n<div id=\"mep_0\" class=\"mejs-container mejs-container-keyboard-inactive wp-video-shortcode mejs-video\" tabindex=\"0\" role=\"application\" aria-label=\"Reproductor de video\">\n<div class=\"mejs-inner\">\n<div class=\"mejs-mediaelement\"><\/div>\n<div class=\"mejs-layers\">\n<div class=\"mejs-overlay mejs-layer mejs-overlay-play\">\n<div class=\"mejs-overlay-button\" tabindex=\"0\" role=\"button\" aria-label=\"Reproducir\" aria-pressed=\"false\"><\/div>\n<\/div>\n<\/div>\n<div class=\"mejs-controls\">\n<div class=\"mejs-button mejs-playpause-button mejs-play\"><\/div>\n<div class=\"mejs-button mejs-volume-button mejs-mute\"><\/div>\n<div class=\"mejs-button mejs-fullscreen-button\"><\/div>\n<\/div>\n<\/div>\n<\/div>\n<\/div>\n<h4><strong>\u00a0 Posiciones del campeonato<\/strong><\/h4>\n<p><strong>-Escuela:<\/strong><\/p>\n<p><strong>1\u00b0)<\/strong>\u00a0(57) Esteban Rodr\u00edguez (Charata) \u2013\u00a0<strong>375,5 puntos<\/strong><\/p>\n<p><strong>2\u00b0)<\/strong>\u00a0(11) Milo Herasimchuk (S\u00e1enz Pe\u00f1a) \u2013\u00a0<strong>285,5 puntos<\/strong><\/p>\n<p><strong>3\u00b0)<\/strong>\u00a0(12) Mart\u00edn Mac\u00edas (Quitilipi) \u2013\u00a0<strong>265 puntos<\/strong><\/p>\n<p><strong>4\u00b0)<\/strong>\u00a0(26) Patricio Storani (S\u00e1enz Pe\u00f1a) \u2013\u00a0<strong>216,5 puntos<\/strong><\/p>\n<p><strong>5\u00b0)<\/strong>\u00a0(95) Teo Iv\u00e1n (La Clotilde) \u2013\u00a0<strong>212,5 puntos<\/strong><\/p>\n<p><strong>6\u00b0)<\/strong>\u00a0(5) Joaqu\u00edn Mir\u00f3n (S\u00e1enz Pe\u00f1a) \u2013\u00a0<strong>210 puntos<\/strong><\/p>\n<p><strong>7\u00b0)<\/strong>\u00a0(56) Samuel Gonz\u00e1lez (Barranqueras) \u2013\u00a0<strong>173,5 puntos<\/strong><\/p>\n<p><strong>8\u00b0)<\/strong>\u00a0(15) Sof\u00eda Gay (Castelli) \u2013\u00a0<strong>144,5 puntos<\/strong><\/p>\n<p><strong>9\u00b0)<\/strong>\u00a0(7) Benjam\u00edn Codutti (S\u00e1enz Pe\u00f1a) \u2013\u00a0<strong>136,5 puntos<\/strong><\/p>\n<p><strong>10\u00b0)<\/strong>\u00a0(43) Salvador \u00c1lvarez (S\u00e1enz Pe\u00f1a) \u2013\u00a0<strong>113 puntos<\/strong><\/p>\n<p><strong>-Varilleros 160 kg.:<\/strong><\/p>\n<p><strong>1\u00b0)<\/strong>\u00a0(313) Aaron Nusbaum (San Bernardo) \u2013\u00a0<strong>231 puntos<\/strong><\/p>\n<p><strong>2\u00b0)<\/strong>\u00a0(328) Gonzalo Herasimchuk (S\u00e1enz Pe\u00f1a) \u2013\u00a0<strong>218,5 puntos<\/strong><\/p>\n<p><strong>3\u00b0)<\/strong>\u00a0(313) Emiliano Belich (El Palmar) \u2013\u00a0<strong>136,5 puntos<\/strong><\/p>\n<p><strong>4\u00b0)<\/strong>\u00a0(318) Francisco Villarreal (Pampa del Infierno) \u2013\u00a0<strong>135,5 puntos<\/strong><\/p>\n<p><strong>5\u00b0)<\/strong>\u00a0(330) Tom\u00e1s Mac\u00edas (Quitilipi) \u2013\u00a0<strong>122,5 puntos<\/strong><\/p>\n<p><strong>6\u00b0)<\/strong>\u00a0(314) Santiago Mac\u00edas (Quitilipi) \u2013\u00a0<strong>105,5 puntos<\/strong><\/p>\n<p><strong>7\u00b0)<\/strong>\u00a0(398) Maximiliano P\u00e9rez (Formosa) \u2013\u00a0<strong>81 puntos<\/strong><\/p>\n<p><strong>8\u00b0)<\/strong>\u00a0(338) Ignacio Storani (S\u00e1enz Pe\u00f1a) \u2013\u00a0<strong>75 puntos<\/strong><\/p>\n<p><strong>9\u00b0)<\/strong>\u00a0(324) Mauricio Valega (S\u00e1enz Pe\u00f1a) \u2013\u00a0<strong>42 puntos<\/strong><\/p>\n<p><strong>10\u00b0)<\/strong>\u00a0(343) Mat\u00edas Merynda (S\u00e1enz Pe\u00f1a) \u2013\u00a0<strong>36,5 puntos<\/strong><\/p>\n<p><strong>-Varilleros 175 kg.:<\/strong><\/p>\n<p><strong>1\u00b0)<\/strong>\u00a0(401) Lucas Herasimchuk (La Clotilde) \u2013\u00a0<strong>162 puntos<\/strong><\/p>\n<p><strong>2\u00b0)<\/strong>\u00a0(411) Fausto Vicente (S\u00e1enz Pe\u00f1a) \u2013\u00a0<strong>160,5 puntos<\/strong><\/p>\n<p><strong>3\u00b0)<\/strong>\u00a0(421) Tiago N\u00fa\u00f1ez Verza (S\u00e1enz Pe\u00f1a) \u2013\u00a0<strong>144 puntos<\/strong><\/p>\n<p><strong>4\u00b0)<\/strong>\u00a0(449) Nicol\u00e1s Fern\u00e1ndez (Santa Luc\u00eda) \u2013\u00a0<strong>140 puntos<\/strong><\/p>\n<p><strong>5\u00b0)<\/strong>\u00a0(431) Ciro Villalba (Las Piedritas) \u2013\u00a0<strong>132,5 puntos<\/strong><\/p>\n<p><strong>6\u00b0)<\/strong>\u00a0(436) Genaro Vicente (S\u00e1enz Pe\u00f1a) \u2013\u00a0<strong>122 puntos<\/strong><\/p>\n<p><strong>7\u00b0)<\/strong>\u00a0(407) Kevin Walter (S\u00e1enz Pe\u00f1a) \u2013\u00a0<strong>112,5 puntos<\/strong><\/p>\n<p><strong>8\u00b0)<\/strong>\u00a0(442) Gabriel Medina (S\u00e1enz Pe\u00f1a) \u2013\u00a0<strong>101,5 puntos<\/strong><\/p>\n<p><strong>9\u00b0)<\/strong>\u00a0(426) Ezequiel Lucic (Las Bre\u00f1as) \u2013\u00a0<strong>96 puntos<\/strong><\/p>\n<p><strong>10\u00b0)<\/strong>\u00a0(467) Tom\u00e1s Bergallo (S\u00e1enz Pe\u00f1a) \u2013\u00a0<strong>88 puntos<\/strong><\/p>\n<p><strong>-Varilleros 190 kg.:<\/strong><\/p>\n<p><strong>1\u00b0)<\/strong>\u00a0(518) Luciano Carlisi (Charata) \u2013\u00a0<strong>190 puntos<\/strong><\/p>\n<p><strong>2\u00b0)<\/strong>\u00a0(549) Yamil Beliz\u00e1n (Gral. Pinedo) \u2013\u00a0<strong>181,5 puntos<\/strong><\/p>\n<p><strong>3\u00b0)<\/strong>\u00a0(504) Jos\u00e9 Iturrospe (S\u00e1enz Pe\u00f1a) \u2013\u00a0<strong>172,5 puntos<\/strong><\/p>\n<p><strong>4\u00b0)<\/strong>\u00a0(543) Juan Monferrer (Villa \u00c1ngela) \u2013\u00a0<strong>165,5 puntos<\/strong><\/p>\n<p><strong>4\u00b0)<\/strong>\u00a0(587) Hugo Ursiny (Villa \u00c1ngela) \u2013\u00a0<strong>149 puntos<\/strong><\/p>\n<p><strong>6\u00b0)<\/strong>\u00a0(502) Franco Strohschein (Villa \u00c1ngela) \u2013\u00a0<strong>124,5 puntos<\/strong><\/p>\n<p><strong>7\u00b0)<\/strong>\u00a0(523) Andr\u00e9s Quiroga (Resistencia) \u2013\u00a0<strong>107,5 puntos<\/strong><\/p>\n<p><strong>8\u00b0)<\/strong>\u00a0(508) Eduardo Duarte (S\u00e1enz Pe\u00f1a) \u2013\u00a0<strong>94 puntos<\/strong><\/p>\n<p><strong>9\u00b0)<\/strong>\u00a0(584) Leonardo Ocantos (Quitilipi) \u2013\u00a0<strong>77,5 puntos<\/strong><\/p>\n<p><strong>10\u00b0)<\/strong>\u00a0(593) Mat\u00edas Mart\u00edn (Machagai) \u2013\u00a0<strong>77 puntos<\/strong><\/p>\n<p><strong>-Kayak 195 kg.:<\/strong><\/p>\n<p><strong>1\u00b0)<\/strong>\u00a0(843) Juan Monferrer (Villa \u00c1ngela) \u2013\u00a0<strong>173,5 puntos<\/strong><\/p>\n<p><strong>2\u00b0)<\/strong>\u00a0(867) Germ\u00e1n Villarreal (Pampa del Infierno) \u2013\u00a0<strong>172 puntos<\/strong><\/p>\n<p><strong>3\u00b0)<\/strong>\u00a0(845) Nicol\u00e1s Parij (S\u00e1enz Pe\u00f1a) \u2013\u00a0<strong>161,5 puntos<\/strong><\/p>\n<p><strong>4\u00b0)<\/strong>\u00a0(896) Nicol\u00e1s Ivanovich (Charata) \u2013\u00a0<strong>127,5 puntos<\/strong><\/p>\n<p><strong>5\u00b0)<\/strong>\u00a0(806) Gabriel Pigliacampo (Gancedo) \u2013\u00a0<strong>113 puntos<\/strong><\/p>\n<p><strong>6\u00b0)<\/strong>\u00a0(801) Enrique V\u00e1zquez (Charata) \u2013\u00a0<strong>109 puntos<\/strong><\/p>\n<p><strong>7\u00b0)<\/strong>\u00a0(819) Sebasti\u00e1n Gua\u00f1abenz (Resistencia) \u2013\u00a0<strong>104,5 puntos<\/strong><\/p>\n<p><strong>8\u00b0)<\/strong>\u00a0(809) Oscar Bea (Los Frentones) \u2013\u00a0<strong>90 puntos<\/strong><\/p>\n<p><strong>9\u00b0)<\/strong>\u00a0(897) Gonzalo Su\u00e1rez (Villa \u00c1ngela) \u2013\u00a0<strong>82,5 puntos<\/strong><\/p>\n<p><strong>10\u00b0)<\/strong>\u00a0(817) Pablo Maurino (Charata) \u2013\u00a0<strong>61 puntos<\/strong><\/p>\n<p><strong>-Yamaha Internacional:<\/strong><\/p>\n<p><strong>1\u00b0)<\/strong>\u00a0(19) Carlos Walter (Cnel. Du Graty) \u2013\u00a0<strong>230,5 puntos<\/strong><\/p>\n<p><strong>2\u00b0)<\/strong>\u00a0(23) Mat\u00edas Martin (Machagai) \u2013\u00a0<strong>198 puntos<\/strong><\/p>\n<p><strong>3\u00b0)<\/strong>\u00a0(4) Marcos Mieronchuk (Cnel. Du Graty) \u2013\u00a0<strong>140 puntos<\/strong><\/p>\n<p><strong>4\u00b0)<\/strong>\u00a0(61) Juan M. Mourglia (Villa \u00c1ngela) \u2013\u00a0<strong>125 puntos<\/strong><\/p>\n<p><strong>5\u00b0)<\/strong>\u00a0(10) Gonzalo Linke (Cnel. Du Graty) \u2013\u00a0<strong>103,5 puntos<\/strong><\/p>\n<p><strong>6\u00b0)<\/strong>\u00a0(95) Daniel De Arriba (Villa \u00c1ngela) \u2013\u00a0<strong>92 puntos<\/strong><\/p>\n<p><strong>7\u00b0)<\/strong>\u00a0(13) Sacha Verbik (S\u00e1enz Pe\u00f1a) \u2013\u00a0<strong>57,5 puntos<\/strong><\/p>\n<p><strong>8\u00b0)<\/strong>\u00a0(31) Javier Mendieta (Cnel. Du Graty) \u2013\u00a0<strong>43 puntos<\/strong><\/p>\n<p><strong>9\u00b0)<\/strong>\u00a0(77) Augusto Carinelli (Corzuela) \u2013\u00a0<strong>34 puntos<\/strong><\/p>\n<p><strong>10\u00b0)<\/strong>\u00a0(17) Joel Gyacone (S\u00e1enz Pe\u00f1a) \u2013\u00a0<strong>29 puntos<\/strong><\/p>\n<\/div>\n","protected":false},"excerpt":{"rendered":"<p>Con varias novedades y un fondo millonario como premio para los ganadores, este s\u00e1bado se correr\u00e1 la octava y \u00faltima fecha del Campeonato Provincial de Karting en Tierra \u201cGran Premio Roberto Codutti\u201d en el Kart\u00f3dromo S\u00e1enz Pe\u00f1a, en horario nocturno, que albergar\u00e1 as\u00ed a la \u201cCarrera 100\u201d. Las pruebas est\u00e1n en marcha El trazado centrochaque\u00f1o &hellip;<\/p>\n","protected":false},"author":2,"featured_media":28954,"comment_status":"open","ping_status":"open","sticky":false,"template":"","format":"standard","meta":{"footnotes":""},"categories":[60],"tags":[],"class_list":["post-28953","post","type-post","status-publish","format-standard","has-post-thumbnail","hentry","category-karting"],"_links":{"self":[{"href":"https:\/\/www.sportchaco.com.ar\/index.php?rest_route=\/wp\/v2\/posts\/28953","targetHints":{"allow":["GET"]}}],"collection":[{"href":"https:\/\/www.sportchaco.com.ar\/index.php?rest_route=\/wp\/v2\/posts"}],"about":[{"href":"https:\/\/www.sportchaco.com.ar\/index.php?rest_route=\/wp\/v2\/types\/post"}],"author":[{"embeddable":true,"href":"https:\/\/www.sportchaco.com.ar\/index.php?rest_route=\/wp\/v2\/users\/2"}],"replies":[{"embeddable":true,"href":"https:\/\/www.sportchaco.com.ar\/index.php?rest_route=%2Fwp%2Fv2%2Fcomments&post=28953"}],"version-history":[{"count":1,"href":"https:\/\/www.sportchaco.com.ar\/index.php?rest_route=\/wp\/v2\/posts\/28953\/revisions"}],"predecessor-version":[{"id":28955,"href":"https:\/\/www.sportchaco.com.ar\/index.php?rest_route=\/wp\/v2\/posts\/28953\/revisions\/28955"}],"wp:featuredmedia":[{"embeddable":true,"href":"https:\/\/www.sportchaco.com.ar\/index.php?rest_route=\/wp\/v2\/media\/28954"}],"wp:attachment":[{"href":"https:\/\/www.sportchaco.com.ar\/index.php?rest_route=%2Fwp%2Fv2%2Fmedia&parent=28953"}],"wp:term":[{"taxonomy":"category","embeddable":true,"href":"https:\/\/www.sportchaco.com.ar\/index.php?rest_route=%2Fwp%2Fv2%2Fcategories&post=28953"},{"taxonomy":"post_tag","embeddable":true,"href":"https:\/\/www.sportchaco.com.ar\/index.php?rest_route=%2Fwp%2Fv2%2Ftags&post=28953"}],"curies":[{"name":"wp","href":"https:\/\/api.w.org\/{rel}","templated":true}]}}