{"id":28959,"date":"2025-11-21T23:34:03","date_gmt":"2025-11-22T02:34:03","guid":{"rendered":"https:\/\/www.sportchaco.com.ar\/?p=28959"},"modified":"2025-11-21T23:34:37","modified_gmt":"2025-11-22T02:34:37","slug":"28959","status":"publish","type":"post","link":"https:\/\/www.sportchaco.com.ar\/?p=28959","title":{"rendered":"Efem\u00e9rides del 22 de noviembre"},"content":{"rendered":"<div class=\"container fullwidth-entry-title-wrapper\">\n<div class=\"container-wrapper fullwidth-entry-title\">\n<header class=\"entry-header-outer\">\n<div class=\"entry-header\"><\/div>\n<\/header>\n<\/div>\n<\/div>\n<div id=\"content\" class=\"site-content container\">\n<div id=\"main-content-row\" class=\"tie-row main-content-row\">\n<div class=\"main-content tie-col-md-8 tie-col-xs-12\" role=\"main\">\n<article id=\"the-post\" class=\"container-wrapper post-content tie-standard\">\n<div class=\"featured-area\">\n<div class=\"featured-area-inner\"><em><strong>Foto portada: Jos\u00e9 Ra\u00fal Romero y Ricardo Mario Na\u00f3n, junto al entonces gobernador de La Rioja Carlos Menem (1084), participando el Chaco por primera vez en un Congreso Nacional de Periodista Deportivos.<\/strong><\/em><\/div>\n<\/div>\n<div><\/div>\n<h5 id=\"share-buttons-top\" class=\"share-buttons share-buttons-top\"><\/h5>\n<div class=\"entry-content entry clearfix\">\n<h5><strong>Esta es la Efem\u00e9rides del Deporte en el Chaco de un 22 de noviembre del periodista Luis Dar\u00edo Molodezky.<\/strong><\/h5>\n<p>&nbsp;<\/p>\n<h5 style=\"text-align: center;\"><img loading=\"lazy\" decoding=\"async\" class=\"alignnone size-medium wp-image-28945\" src=\"https:\/\/www.sportchaco.com.ar\/wp-content\/uploads\/2025\/11\/Luis-Dario-11-08-2025-3-COPIA-1-300x229.jpeg\" alt=\"\" width=\"300\" height=\"229\" srcset=\"https:\/\/www.sportchaco.com.ar\/wp-content\/uploads\/2025\/11\/Luis-Dario-11-08-2025-3-COPIA-1-300x229.jpeg 300w, https:\/\/www.sportchaco.com.ar\/wp-content\/uploads\/2025\/11\/Luis-Dario-11-08-2025-3-COPIA-1-768x586.jpeg 768w, https:\/\/www.sportchaco.com.ar\/wp-content\/uploads\/2025\/11\/Luis-Dario-11-08-2025-3-COPIA-1.jpeg 859w\" sizes=\"auto, (max-width: 300px) 100vw, 300px\" \/><\/h5>\n<p>&nbsp;<\/p>\n<p><strong>1943\u00a0<\/strong>\/ Fecha de registro de nacimiento de Julio Kodama, deportista que marc\u00f3 una \u00e9poca en las artes marciales y en el judo en especial, formando grandes campeones, especialmente en su paso por Hind\u00fa Club. Se inici\u00f3 en pesas y atletismo con Pocholo Aguilar en el Parque 2 de Febrero y luego se sum\u00f3 a las artes marciales en el C\u00edrculo de Armas General San Mart\u00edn. De padre japon\u00e9s y madre paraguaya, fue profesor de la Escuela de Polic\u00eda, donde se jubil\u00f3 como sargento primero. Fue preparador f\u00edsico de Domingo \u201cCacho\u201d D\u00b4El\u00eda, cuando fue campe\u00f3n argentino y sudamericano. Tambi\u00e9n vinculado al rugby en la preparaci\u00f3n f\u00edsica de jugadores. Hab\u00eda nacido el 8 de octubre de 1943, aunque fue anotado el 22 de noviembre del mismo a\u00f1o. Falleci\u00f3 a los 74 a\u00f1os un 4 de febrero de 2018.<\/p>\n<p><strong>1959\u00a0<\/strong>\/ \u201cEl Fort\u00edn\u201d, de Machagai, se clasifica campe\u00f3n del Torneo Oficial de la Liga Regional de F\u00fatbol al ganar por 2 a 1 \u2013en tercer partido de desempate\u2013 a San Carlos de La Escondida.<\/p>\n<p><strong>1984\u00a0<\/strong>\/ El C\u00edrculo de Periodistas Deportivos del Chaco participa por primera vez del Congreso Nacional de la Federaci\u00f3n Argentina de Periodistas Deportivos que se realiza en La Rioja, representados por Jos\u00e9 Ra\u00fal Romero y Ricardo Mario Na\u00f3n. Romero es electo para una vocal\u00eda en la comisi\u00f3n nacional.<\/p>\n<p><strong>\u00a0\u00a0 1998<\/strong> \/ La chaque\u00f1a Silvina Genjo, se consagr\u00f3 bicampeona de la Copa Corsa Femenina que se desarroll\u00f3 a nivel nacional.<\/p>\n<p><img loading=\"lazy\" decoding=\"async\" class=\"attachment-jannah-image-post size-jannah-image-post wp-post-image\" src=\"https:\/\/www.sportchaco.com.ar\/wp-content\/uploads\/2024\/11\/Silvina-genjo-98-e1732241746202-780x470.jpg\" alt=\"\" width=\"780\" height=\"470\" data-main-img=\"1\" \/><\/p>\n<p><em><strong>Silvina Genjo<\/strong><\/em><\/p>\n<\/div>\n<\/article>\n<\/div>\n<\/div>\n<\/div>\n","protected":false},"excerpt":{"rendered":"<p>Foto portada: Jos\u00e9 Ra\u00fal Romero y Ricardo Mario Na\u00f3n, junto al entonces gobernador de La Rioja Carlos Menem (1084), participando el Chaco por primera vez en un Congreso Nacional de Periodista Deportivos. Esta es la Efem\u00e9rides del Deporte en el Chaco de un 22 de noviembre del periodista Luis Dar\u00edo Molodezky. &nbsp; &nbsp; 1943\u00a0\/ Fecha &hellip;<\/p>\n","protected":false},"author":2,"featured_media":28964,"comment_status":"open","ping_status":"open","sticky":false,"template":"","format":"standard","meta":{"footnotes":""},"categories":[45,41],"tags":[],"class_list":["post-28959","post","type-post","status-publish","format-standard","has-post-thumbnail","hentry","category-efemerides-dia-por-dia","category-noviembre"],"_links":{"self":[{"href":"https:\/\/www.sportchaco.com.ar\/index.php?rest_route=\/wp\/v2\/posts\/28959","targetHints":{"allow":["GET"]}}],"collection":[{"href":"https:\/\/www.sportchaco.com.ar\/index.php?rest_route=\/wp\/v2\/posts"}],"about":[{"href":"https:\/\/www.sportchaco.com.ar\/index.php?rest_route=\/wp\/v2\/types\/post"}],"author":[{"embeddable":true,"href":"https:\/\/www.sportchaco.com.ar\/index.php?rest_route=\/wp\/v2\/users\/2"}],"replies":[{"embeddable":true,"href":"https:\/\/www.sportchaco.com.ar\/index.php?rest_route=%2Fwp%2Fv2%2Fcomments&post=28959"}],"version-history":[{"count":4,"href":"https:\/\/www.sportchaco.com.ar\/index.php?rest_route=\/wp\/v2\/posts\/28959\/revisions"}],"predecessor-version":[{"id":28996,"href":"https:\/\/www.sportchaco.com.ar\/index.php?rest_route=\/wp\/v2\/posts\/28959\/revisions\/28996"}],"wp:featuredmedia":[{"embeddable":true,"href":"https:\/\/www.sportchaco.com.ar\/index.php?rest_route=\/wp\/v2\/media\/28964"}],"wp:attachment":[{"href":"https:\/\/www.sportchaco.com.ar\/index.php?rest_route=%2Fwp%2Fv2%2Fmedia&parent=28959"}],"wp:term":[{"taxonomy":"category","embeddable":true,"href":"https:\/\/www.sportchaco.com.ar\/index.php?rest_route=%2Fwp%2Fv2%2Fcategories&post=28959"},{"taxonomy":"post_tag","embeddable":true,"href":"https:\/\/www.sportchaco.com.ar\/index.php?rest_route=%2Fwp%2Fv2%2Ftags&post=28959"}],"curies":[{"name":"wp","href":"https:\/\/api.w.org\/{rel}","templated":true}]}}