{"id":28981,"date":"2025-11-21T23:18:29","date_gmt":"2025-11-22T02:18:29","guid":{"rendered":"https:\/\/www.sportchaco.com.ar\/?p=28981"},"modified":"2025-11-21T23:32:24","modified_gmt":"2025-11-22T02:32:24","slug":"atletico-alvear-celebra-su-cumple-104","status":"publish","type":"post","link":"https:\/\/www.sportchaco.com.ar\/?p=28981","title":{"rendered":"Atletico Alvear celebra su cumple 104"},"content":{"rendered":"<div class=\"col-md-12\">\n<div class=\"mg-header mb-30\">\n<h1 class=\"title\">21-11-2025<\/h1>\n<h1 class=\"title\">Atl\u00e9tico Alvear celebra 104 a\u00f1os: \u201cEs un privilegio ser presidente de este club\u201d, expres\u00f3 Marcelo Ferrero<\/h1>\n<div class=\"media mg-info-author-block\">\n<div class=\"media-body\"><\/div>\n<\/div>\n<\/div>\n<\/div>\n<div class=\"col-md-9\">\n<div>\n<div><b><i>Un 21 de noviembre de 1921, se funda el Club Atl\u00e9tico Alvear de la ciudad de Villa \u00c1ngela. Su primer presidente fue Fernando Mu\u00f1oz.\u00a0<\/i><\/b><\/div>\n<div><\/div>\n<div><img loading=\"lazy\" decoding=\"async\" class=\"alignnone size-medium wp-image-28986\" src=\"https:\/\/www.sportchaco.com.ar\/wp-content\/uploads\/2025\/11\/Enrique-Tjor-pte-Alvear-VA-anos-80-256x300.jpg\" alt=\"\" width=\"256\" height=\"300\" srcset=\"https:\/\/www.sportchaco.com.ar\/wp-content\/uploads\/2025\/11\/Enrique-Tjor-pte-Alvear-VA-anos-80-256x300.jpg 256w, https:\/\/www.sportchaco.com.ar\/wp-content\/uploads\/2025\/11\/Enrique-Tjor-pte-Alvear-VA-anos-80.jpg 409w\" sizes=\"auto, (max-width: 256px) 100vw, 256px\" \/><\/div>\n<div>ENRIQUE TJOR EN LA DE\u00c7ADA DEL 80 COMO PRESIDENTE<\/div>\n<div><\/div>\n<div><\/div>\n<div>El f\u00fatbol fue la primera disciplina\u00a0que desarroll\u00f3, contando con un estadio confortable construido en la presidencia de Jos\u00e9 Mart\u00edn, quien lo acondicion\u00f3 con tribunas de material. Otro de sus orgullos es desde 1977 el Circuito \u201cJos\u00e9 Froil\u00e1n Gonz\u00e1lez\u201d.<\/div>\n<\/div>\n<div><\/div>\n<div>\n<div><\/div>\n<div>Si bien el Club naci\u00f3 con el f\u00fatbol, con el transcurrir del tiempo se fueron sumando distintas disciplinas, tambien tom\u00f3 relevancia el automovilismo con su Circuito \u00abFroil\u00e1n Gonz\u00e1lez, donde adem\u00e1s alberga un trazado para el Karting t el el interior del Circuito se encuentra la cancha de Golf.<\/div>\n<div><\/div>\n<div>En el centro de la ciudad, donde se encuentra la sede Social, esta el estadio cubierto donde se practica basquet, v\u00f3ley en sus distintas categor\u00edas.<\/div>\n<div><\/div>\n<div>En el predio donde se encuentra la cancha de f\u00fatbol, adem\u00e1s estan las canchas de bochas y un espacio donde se desarrolla el hockey.<\/div>\n<div><\/div>\n<\/div>\n<div>Alvear cumple de gran manera con su rol social conteniendo a miles de j\u00f3venes y otro tanto n\u00famero de adultos. FUENTE\u00a0 https:\/\/magalihsports.com.ar\/<\/div>\n<div><\/div>\n<p><strong>PALABRAS DEL PRESIDENTE<\/strong><\/p>\n<div class=\"mg-blog-post-box\">\n<article class=\"small single p-3\">En el marco del\u00a0<b>104\u00b0 aniversario de Atl\u00e9tico Alvear<\/b>, dialogamos con su presidente,\u00a0<b>Marcelo Ferrero<\/b>, quien en una jornada especial para la instituci\u00f3n comparti\u00f3 sensaciones, proyectos y el presente deportivo del club.<br \/>\n\u201cHoy es un d\u00eda especial. El club est\u00e1 cumpliendo 104 a\u00f1os y es un privilegio estar como presidente en este momento\u201d, expres\u00f3 Ferrero.En el marco del\u00a0<b>104\u00b0 aniversario de Atl\u00e9tico Alvear<\/b>, dialogamos con su presidente,\u00a0<b>Marcelo Ferrero<\/b>, quien en una jornada especial para la instituci\u00f3n comparti\u00f3 sensaciones, proyectos y el presente deportivo del club.\u201cHoy es un d\u00eda especial. El club est\u00e1 cumpliendo 104 a\u00f1os y es un privilegio estar como presidente en este momento\u201d, expres\u00f3 Ferrero.<\/p>\n<p><b>La importancia de la renovaci\u00f3n dirigencial<\/b><br \/>\n<strong>Ferrero destac\u00f3 el rol de las nuevas generaciones dentro de la instituci\u00f3n.<\/strong><br \/>\n\u201cEs muy lindo que la gente joven se arrime al club, porque trae nuevas ideas y pensamientos. Ojal\u00e1 se sigan sumando. No importa la edad: las puertas est\u00e1n abiertas para todos\u201d, remarc\u00f3.<\/p>\n<p><strong>El presidente asegur\u00f3 que esta llegada de nuevos dirigentes permite mirar con esperanza hacia el futuro:<\/strong><br \/>\n\u201cCuando ves que hay gente joven comprometida, sab\u00e9s que lo que uno est\u00e1 dejando va a quedar en buenas manos. Cada uno tiene su trabajo y sus responsabilidades, pero aun as\u00ed dedicamos tiempo al club. Yo me cri\u00e9 ac\u00e1 y hoy le devuelvo un poco de lo que me dio.\u201d<\/p>\n<p><b>Un presente deportivo s\u00f3lido<\/b><br \/>\nAtl\u00e9tico Alvear atraviesa un momento destacado en varias disciplinas.<br \/>\n\u201cEstamos bien en todas: f\u00fatbol, b\u00e1squet, v\u00f3ley, automovilismo, golf. Tenemos m\u00e1s de 300 chicos participando. Eso te llena de orgullo y demuestra que las cosas se est\u00e1n haciendo bien\u201d, afirm\u00f3 Ferrero.<\/p>\n<p>El club cuenta adem\u00e1s con un gimnasio moderno que \u201ces la envidia de muchos\u201d, <strong>seg\u00fan admiti\u00f3 el dirigente.<\/strong><\/p>\n<p><img decoding=\"async\" src=\"https:\/\/scontent.fres2-1.fna.fbcdn.net\/v\/t39.30808-6\/463971663_10225265345276213_8297717253598107227_n.jpg?_nc_cat=101&amp;ccb=1-7&amp;_nc_sid=9eae26&amp;_nc_eui2=AeH37i4XqzWFi1KjGWVApf5JYID63OqMm2tggPrc6oyba9H-dnuSljK9Uegz8THxOMw&amp;_nc_ohc=NSRSmwsC0gAQ7kNvwFP2NlE&amp;_nc_oc=Admh4OxV4Mkmnk3Naei_u-FLOnBYDFOHWh9aJUbPyJABhpIxYPdHNfsH29zZwffNvUs&amp;_nc_zt=23&amp;_nc_ht=scontent.fres2-1.fna&amp;_nc_gid=t315pYzs4fzwwgCsn4CJXA&amp;oh=00_Afiv3JqE_9EvqJxb2GldcunJaEYWn0e-Eg6BqIdWSnqd2A&amp;oe=6926E201\" alt=\"No hay ninguna descripcin de la foto disponible\" \/><\/p>\n<p><b>Infraestructura en crecimiento<\/b><br \/>\nLa comisi\u00f3n directiva avanza con importantes mejoras edilicias.<br \/>\nEntre los trabajos realizados, Ferrero mencion\u00f3:<br \/>\n\u2022 Iluminaci\u00f3n de la cancha auxiliar y la principal de f\u00fatbol<br \/>\n\u2022 Refacci\u00f3n de vestuarios y sistema el\u00e9ctrico<br \/>\n\u2022 Muro perimetral<br \/>\n\u2022 Recuperaci\u00f3n de la cancha de f\u00fatbol 5<br \/>\n\u2022 Adquisici\u00f3n de una cancha profesional de v\u00f3ley<br \/>\n\u2022 Obras en el automovilismo: parque cerrado, techado de balanza y t\u00e9cnica, cerramiento del circuito<br \/>\n\u2022 Mantenimiento general y pintura<br \/>\nAdem\u00e1s, adelant\u00f3 un pr\u00f3ximo proyecto ambicioso:<br \/>\n\u201cEstamos hablando con una empresa para refaccionar el parquet de la cancha de b\u00e1squet e invertir en nueva iluminaci\u00f3n. Ese es nuestro objetivo inmediato.\u201d<\/p>\n<p><b>Cena aniversario: 29 de noviembre<\/b><\/p>\n<p>Como parte de los festejos por los\u00a0<b>104 a\u00f1os<\/b>, el club realizar\u00e1 una gran cena el\u00a0<b>viernes 29 de noviembre<\/b>.<\/p>\n<p>Las entradas tienen un costo de\u00a0<b>$17.000<\/b>\u00a0e incluyen asado, postre, torta y show musical.<br \/>\n\u201cInvitamos a todos los simpatizantes \u2014y tambi\u00e9n a quienes no lo sean\u2014 a acompa\u00f1arnos. Queremos pasar una noche en familia celebrando al club\u201d, se\u00f1al\u00f3 Ferrero.<\/p>\n<p><img decoding=\"async\" src=\"https:\/\/fmmanantial893.com\/11-2019\/resize_1574384548.jpg\" alt=\"98 ANIVERSARIO DEL CLUB ATL\u00c9TICO ALVEAR\" \/><\/p>\n<p><b>Mensaje final<\/b><br \/>\nPara cerrar, el presidente dej\u00f3 un saludo a toda la comunidad albinegra:<br \/>\n\u201cLe deseo un feliz cumplea\u00f1os a toda la gente de Alvear. No cualquiera llega a 104 a\u00f1os. Un abrazo grande para todos y los esperamos\u00bb.<\/p>\n<p>&nbsp;<\/p>\n<p><strong>VA hoy noticias con informaci\u00f3n de Bachi Ledesma<\/strong><\/p>\n<p><img decoding=\"async\" class=\"aligncenter\" src=\"https:\/\/encrypted-tbn0.gstatic.com\/images?q=tbn:ANd9GcTuq1Vm25BTo0sgLBAI7goWpypyU2WUKdf90A&amp;s\" alt=\"Un 21 de noviembre de 1921: Se funda el Club Atl\u00e9tico Alvear de la ciudad de Villa \u00c1ngela. Su primer presidente fue Fernando Mu\u00f1oz. El f\u00fatbol fue la primera disciplina que desarroll\u00f3,\" \/><\/p>\n<p style=\"text-align: center;\">\n<\/article>\n<\/div>\n<\/div>\n","protected":false},"excerpt":{"rendered":"<p>21-11-2025 Atl\u00e9tico Alvear celebra 104 a\u00f1os: \u201cEs un privilegio ser presidente de este club\u201d, expres\u00f3 Marcelo Ferrero Un 21 de noviembre de 1921, se funda el Club Atl\u00e9tico Alvear de la ciudad de Villa \u00c1ngela. Su primer presidente fue Fernando Mu\u00f1oz.\u00a0 ENRIQUE TJOR EN LA DE\u00c7ADA DEL 80 COMO PRESIDENTE El f\u00fatbol fue la primera &hellip;<\/p>\n","protected":false},"author":2,"featured_media":28993,"comment_status":"open","ping_status":"open","sticky":false,"template":"","format":"standard","meta":{"footnotes":""},"categories":[44],"tags":[],"class_list":["post-28981","post","type-post","status-publish","format-standard","has-post-thumbnail","hentry","category-varios"],"_links":{"self":[{"href":"https:\/\/www.sportchaco.com.ar\/index.php?rest_route=\/wp\/v2\/posts\/28981","targetHints":{"allow":["GET"]}}],"collection":[{"href":"https:\/\/www.sportchaco.com.ar\/index.php?rest_route=\/wp\/v2\/posts"}],"about":[{"href":"https:\/\/www.sportchaco.com.ar\/index.php?rest_route=\/wp\/v2\/types\/post"}],"author":[{"embeddable":true,"href":"https:\/\/www.sportchaco.com.ar\/index.php?rest_route=\/wp\/v2\/users\/2"}],"replies":[{"embeddable":true,"href":"https:\/\/www.sportchaco.com.ar\/index.php?rest_route=%2Fwp%2Fv2%2Fcomments&post=28981"}],"version-history":[{"count":4,"href":"https:\/\/www.sportchaco.com.ar\/index.php?rest_route=\/wp\/v2\/posts\/28981\/revisions"}],"predecessor-version":[{"id":28994,"href":"https:\/\/www.sportchaco.com.ar\/index.php?rest_route=\/wp\/v2\/posts\/28981\/revisions\/28994"}],"wp:featuredmedia":[{"embeddable":true,"href":"https:\/\/www.sportchaco.com.ar\/index.php?rest_route=\/wp\/v2\/media\/28993"}],"wp:attachment":[{"href":"https:\/\/www.sportchaco.com.ar\/index.php?rest_route=%2Fwp%2Fv2%2Fmedia&parent=28981"}],"wp:term":[{"taxonomy":"category","embeddable":true,"href":"https:\/\/www.sportchaco.com.ar\/index.php?rest_route=%2Fwp%2Fv2%2Fcategories&post=28981"},{"taxonomy":"post_tag","embeddable":true,"href":"https:\/\/www.sportchaco.com.ar\/index.php?rest_route=%2Fwp%2Fv2%2Ftags&post=28981"}],"curies":[{"name":"wp","href":"https:\/\/api.w.org\/{rel}","templated":true}]}}