{"id":28998,"date":"2025-11-22T08:54:23","date_gmt":"2025-11-22T11:54:23","guid":{"rendered":"https:\/\/www.sportchaco.com.ar\/?p=28998"},"modified":"2025-11-22T08:54:23","modified_gmt":"2025-11-22T11:54:23","slug":"accion-en-saenz-pena-nuevo-campeon-de-basquet","status":"publish","type":"post","link":"https:\/\/www.sportchaco.com.ar\/?p=28998","title":{"rendered":"Acci\u00f3n en S\u00e1enz Pe\u00f1a nuevo campe\u00f3n de b\u00e1squet"},"content":{"rendered":"<header class=\"entry-header clearfix\">\n<h1 class=\"entry-title\">ACCI\u00d3N VOLVI\u00d3 A CONSAGRARSE Y ES NUEVO CAMPE\u00d3N DEL CLAUSURA<\/h1>\n<\/header>\n<div class=\"entry-thumbnail\"><img loading=\"lazy\" decoding=\"async\" class=\"attachment-content-single size-content-single wp-post-image\" src=\"https:\/\/www.ecodeportivo.com.ar\/img\/2025\/11\/accion-campeon-CL25-777x437.jpg\" sizes=\"auto, (max-width: 777px) 100vw, 777px\" srcset=\"https:\/\/www.ecodeportivo.com.ar\/img\/2025\/11\/accion-campeon-CL25-777x437.jpg 777w, https:\/\/www.ecodeportivo.com.ar\/img\/2025\/11\/accion-campeon-CL25-300x168.jpg 300w, https:\/\/www.ecodeportivo.com.ar\/img\/2025\/11\/accion-campeon-CL25-1024x574.jpg 1024w, https:\/\/www.ecodeportivo.com.ar\/img\/2025\/11\/accion-campeon-CL25-180x101.jpg 180w, https:\/\/www.ecodeportivo.com.ar\/img\/2025\/11\/accion-campeon-CL25-260x146.jpg 260w, https:\/\/www.ecodeportivo.com.ar\/img\/2025\/11\/accion-campeon-CL25-373x210.jpg 373w, https:\/\/www.ecodeportivo.com.ar\/img\/2025\/11\/accion-campeon-CL25-120x67.jpg 120w\" alt=\"\" width=\"777\" height=\"437\" \/><\/div>\n<p class=\"entry-meta\"><span class=\"entry-meta-date updated\">21 noviembre, 2025<\/span><\/p>\n<div class=\"entry-content clearfix\">\n<p>El Club Acci\u00f3n cerr\u00f3 un a\u00f1o magn\u00edfico al adjudicarse el Torneo Clausura de la Asociaci\u00f3n Saenzpe\u00f1ense de B\u00e1squet, tras derrotar en el segundo juego de la final al elenco de la\u00a0Universidad Nacional de Chaco Austral por 73 a 65, con un primer tiempo desfavorable por 41-34.<\/p>\n<p>Luego de la victoria en el primer duelo de la serie play-off por 82 a 66, los universitarios realizaron ajustes que le dieron buenos dividendos, sumado a un alto porcentaje de efectividad desde el per\u00edmetro. El primer cuarto qued\u00f3 para el local por 21-17, y llegaron al descanso tambi\u00e9n arriba por 41-34 aunque hab\u00edan llegado a sacar una diferencia de 15 puntos.<\/p>\n<p>El juego no permit\u00eda distracciones y cada error se pagaba caro. En el \u201cceleste\u201d se iba anticipadamente a los vestuarios su goleador Braian Villamayor, por una doble falta t\u00e9cnica (GD), aunque en l\u00edneas generales el funcionamiento del equipo no se resinti\u00f3 y lentamente fue limando la ventaja.<\/p>\n<div id=\"attachment_52395\" class=\"wp-caption alignnone\"><a href=\"https:\/\/www.ecodeportivo.com.ar\/img\/2025\/11\/uncaus-accion-final.jpg\"><img loading=\"lazy\" decoding=\"async\" class=\"wp-image-52395 size-full\" src=\"https:\/\/www.ecodeportivo.com.ar\/img\/2025\/11\/uncaus-accion-final.jpg\" sizes=\"auto, (max-width: 1260px) 100vw, 1260px\" srcset=\"https:\/\/www.ecodeportivo.com.ar\/img\/2025\/11\/uncaus-accion-final.jpg 1260w, https:\/\/www.ecodeportivo.com.ar\/img\/2025\/11\/uncaus-accion-final-300x180.jpg 300w, https:\/\/www.ecodeportivo.com.ar\/img\/2025\/11\/uncaus-accion-final-1024x614.jpg 1024w, https:\/\/www.ecodeportivo.com.ar\/img\/2025\/11\/uncaus-accion-final-768x461.jpg 768w\" alt=\"\" width=\"1260\" height=\"756\" aria-describedby=\"caption-attachment-52395\" \/><\/a><\/p>\n<p id=\"caption-attachment-52395\" class=\"wp-caption-text\">Cristian Ortiz intenta penetrar la marca de Uncaus ante la f\u00e9rrea marca de Mariano Stevovich y Miguel Ib\u00e1\u00f1ez<\/p>\n<\/div>\n<p>El tercer segmento qued\u00f3 una vez m\u00e1s para los locales por 58-53, pero se fueron quedando sin resto y los de calle Laprida abrocharon la victoria con el envi\u00f3n final por 73-65 para consumar la obtenci\u00f3n del t\u00edtulo invicto en los dos torneos que disput\u00f3, y ante una nutrida presencia de p\u00fablico.<\/p>\n<p>La ceremonia de premiaci\u00f3n fue encabezada por el presidente de la ASB, Milton Acu\u00f1a, y el dirigente Rub\u00e9n Arce, quienes reconocieron al goleador de la temporada Tiago Monz\u00f3n (Sokol); mientras que la copa de subcampe\u00f3n recibi\u00f3 Bruno Ferrer (Uncaus) y la de campe\u00f3n Emanuel Fortuny (Acci\u00f3n).<\/p>\n<div id=\"attachment_52394\" class=\"wp-caption alignnone\"><a href=\"https:\/\/www.ecodeportivo.com.ar\/img\/2025\/11\/uncaus-accion-final1.jpg\"><img loading=\"lazy\" decoding=\"async\" class=\"wp-image-52394 size-full\" src=\"https:\/\/www.ecodeportivo.com.ar\/img\/2025\/11\/uncaus-accion-final1.jpg\" sizes=\"auto, (max-width: 1260px) 100vw, 1260px\" srcset=\"https:\/\/www.ecodeportivo.com.ar\/img\/2025\/11\/uncaus-accion-final1.jpg 1260w, https:\/\/www.ecodeportivo.com.ar\/img\/2025\/11\/uncaus-accion-final1-300x180.jpg 300w, https:\/\/www.ecodeportivo.com.ar\/img\/2025\/11\/uncaus-accion-final1-1024x614.jpg 1024w, https:\/\/www.ecodeportivo.com.ar\/img\/2025\/11\/uncaus-accion-final1-768x461.jpg 768w\" alt=\"\" width=\"1260\" height=\"756\" aria-describedby=\"caption-attachment-52394\" \/><\/a><\/p>\n<p id=\"caption-attachment-52394\" class=\"wp-caption-text\">Leo Greatti busca ingresar a la zona pintada ante la marca de Sebasti\u00e1n Ramos<\/p>\n<\/div>\n<p><strong>\u00a0 S\u00edntesis<\/strong><\/p>\n<p><strong>-Uncaus 65 (41):<\/strong>\u00a0Bruno Ferrer\u00a0<strong>3<\/strong>; Leonardo Greatti\u00a0<strong>20<\/strong>; Mariano Stevovich\u00a0<strong>6<\/strong>; Franco Stevovich\u00a0<strong>7<\/strong>(x); Diego Gim\u00e9nez\u00a0<strong>7<\/strong>\u00a0(F.I.); Miguel Ib\u00e1\u00f1ez\u00a0<strong>16<\/strong>\u00a0(x); Fabricio D\u2019Avino\u00a0<strong>6<\/strong>; Juan A. Peralta\u00a0<strong>0<\/strong>; Jerem\u00edas Guerra Zuk\u00a0<strong>0<\/strong>.\u00a0<strong>D.T.:<\/strong>\u00a0Tom\u00e1s Ram\u00edrez.<\/p>\n<p><strong>-Acci\u00f3n 73 (34):<\/strong>\u00a0Braian Villamayor\u00a0<strong>6<\/strong>\u00a0(x); Sebasti\u00e1n Ramos\u00a0<strong>10<\/strong>; Marcos Leiva\u00a0<strong>22<\/strong>; Juan Pablo Escobar\u00a0<strong>0<\/strong>; Emanuel Fortuny\u00a0<strong>4<\/strong>\u00a0(F.I.); Cristian Ortiz\u00a0<strong>12<\/strong>; Agust\u00edn \u00c1lvarez\u00a0<strong>9<\/strong>; Mat\u00edas Gabutti\u00a0<strong>6<\/strong>; Juan Cruz Ferraro\u00a0<strong>4<\/strong>; Santiago Gauna\u00a0<strong>0<\/strong>; Leandro G\u00f3mez\u00a0<strong>0<\/strong>; Alexis Barroso Mencia\u00a0<strong>0<\/strong>.\u00a0<strong>D.T.:<\/strong>\u00a0Ariel \u00c1lvarez.<\/p>\n<p><strong>Parciales:<\/strong>\u00a021-17; 41-34 (20-17); 58-53 (17-19); 65-73 (7-20).<\/p>\n<p><strong>\u00c1rbitros:<\/strong>\u00a0Juan Gonz\u00e1lez, Ariel Gambelli y Francisco Zamprogno.<\/p>\n<p><strong>Comisionado t\u00e9cnico:<\/strong>\u00a0Alberto N\u00fa\u00f1ez.<\/p>\n<p><strong>Estadio:<\/strong>\u00a0Arena Uncaus (S\u00e1enz Pe\u00f1a).<\/p>\n<div id=\"attachment_52393\" class=\"wp-caption alignnone\"><a href=\"https:\/\/www.ecodeportivo.com.ar\/img\/2025\/11\/fortuny-ferrer-monzon.jpg\"><img loading=\"lazy\" decoding=\"async\" class=\"wp-image-52393 size-full\" src=\"https:\/\/www.ecodeportivo.com.ar\/img\/2025\/11\/fortuny-ferrer-monzon.jpg\" sizes=\"auto, (max-width: 1260px) 100vw, 1260px\" srcset=\"https:\/\/www.ecodeportivo.com.ar\/img\/2025\/11\/fortuny-ferrer-monzon.jpg 1260w, https:\/\/www.ecodeportivo.com.ar\/img\/2025\/11\/fortuny-ferrer-monzon-300x180.jpg 300w, https:\/\/www.ecodeportivo.com.ar\/img\/2025\/11\/fortuny-ferrer-monzon-1024x614.jpg 1024w, https:\/\/www.ecodeportivo.com.ar\/img\/2025\/11\/fortuny-ferrer-monzon-768x461.jpg 768w\" alt=\"\" width=\"1260\" height=\"756\" aria-describedby=\"caption-attachment-52393\" \/><\/a><\/p>\n<p id=\"caption-attachment-52393\" class=\"wp-caption-text\">Emanuel Fortuny recibi\u00f3 el trofeo de Acci\u00f3n campe\u00f3n; Bruno Ferrer el de subcampe\u00f3n de Uncaus; y Tiago Monz\u00f3n el del goleador del a\u00f1o<\/p>\n<\/div>\n<p><strong>\u00a0 El camino al t\u00edtulo<\/strong><\/p>\n<p><strong>1\u00aa fecha:<\/strong>\u00a0Acci\u00f3n\u00a0<strong>72<\/strong>\u00a0\u2013 Uncaus\u00a0<strong>51<\/strong><\/p>\n<p><strong>2\u00aa fecha:<\/strong>\u00a0Libre: Acci\u00f3n<\/p>\n<p><strong>3\u00aa fecha:<\/strong>\u00a0Sokol\u00a0<strong>80<\/strong>\u00a0\u2013 Acci\u00f3n\u00a0<strong>92<\/strong><\/p>\n<p><strong>4\u00aa fecha:<\/strong>\u00a0Acci\u00f3n\u00a0<strong>86<\/strong>\u00a0\u2013 Uni\u00f3n\u00a0<strong>42<\/strong><\/p>\n<p><strong>5\u00aa fecha:<\/strong>\u00a0Acci\u00f3n\u00a0<strong>84<\/strong>\u00a0\u2013 Caupolic\u00e1n\u00a0<strong>45<\/strong><\/p>\n<p><strong>6\u00aa fecha:<\/strong>\u00a0Uncaus\u00a0<strong>57<\/strong>\u00a0\u2013 Acci\u00f3n\u00a0<strong>74<\/strong><\/p>\n<p><strong>7\u00aa fecha:<\/strong>\u00a0Libre: Acci\u00f3n<\/p>\n<p><strong>8\u00aa fecha:<\/strong>\u00a0Acci\u00f3n\u00a0<strong>103<\/strong>\u00a0\u2013 Sokol\u00a0<strong>76<\/strong><\/p>\n<p><strong>9\u00aa fecha:<\/strong>\u00a0Uni\u00f3n\u00a0<strong>72<\/strong>\u00a0\u2013 Acci\u00f3n\u00a0<strong>88<\/strong><\/p>\n<p><strong>10\u00aa fecha:<\/strong>\u00a0Caupolic\u00e1n\u00a0<strong>47<\/strong>\u00a0\u2013 Acci\u00f3n\u00a0<strong>105<\/strong><\/p>\n<p><strong>Semifinales:<\/strong><\/p>\n<p><em>Juego 1:<\/em>\u00a0Acci\u00f3n\u00a0<strong>108<\/strong>\u00a0\u2013 Sokol\u00a0<strong>53<\/strong><\/p>\n<p><em>Juego 2:<\/em>\u00a0Sokol\u00a0<strong>71<\/strong>\u00a0\u2013 Acci\u00f3n\u00a0<strong>95<\/strong><\/p>\n<p><strong>Finales:<\/strong><\/p>\n<p><em>Juego 1:<\/em>\u00a0Acci\u00f3n\u00a0<strong>82<\/strong>\u00a0\u2013 Uncaus\u00a0<strong>66<\/strong><\/p>\n<p><em>Juego 2:<\/em>\u00a0Uncaus\u00a0<strong>65<\/strong>\u00a0\u2013 Acci\u00f3n\u00a0<strong>73<\/strong><\/p>\n<div id=\"attachment_52392\" class=\"wp-caption alignnone\"><a href=\"https:\/\/www.ecodeportivo.com.ar\/img\/2025\/11\/uncaus25-final.jpg\"><img loading=\"lazy\" decoding=\"async\" class=\"wp-image-52392 size-full\" src=\"https:\/\/www.ecodeportivo.com.ar\/img\/2025\/11\/uncaus25-final.jpg\" sizes=\"auto, (max-width: 1260px) 100vw, 1260px\" srcset=\"https:\/\/www.ecodeportivo.com.ar\/img\/2025\/11\/uncaus25-final.jpg 1260w, https:\/\/www.ecodeportivo.com.ar\/img\/2025\/11\/uncaus25-final-300x180.jpg 300w, https:\/\/www.ecodeportivo.com.ar\/img\/2025\/11\/uncaus25-final-1024x614.jpg 1024w, https:\/\/www.ecodeportivo.com.ar\/img\/2025\/11\/uncaus25-final-768x461.jpg 768w\" alt=\"\" width=\"1260\" height=\"756\" aria-describedby=\"caption-attachment-52392\" \/><\/a><\/p>\n<p id=\"caption-attachment-52392\" class=\"wp-caption-text\">La Uncaus parec\u00eda que forzaba un tercer juego, pero el subcampeonato premi\u00f3 su buen torneo (Foto: Gentileza GaDa)<\/p>\n<\/div>\n<div id=\"attachment_52391\" class=\"wp-caption alignnone\"><a href=\"https:\/\/www.ecodeportivo.com.ar\/img\/2025\/11\/accion25-final1.jpg\"><img loading=\"lazy\" decoding=\"async\" class=\"wp-image-52391 size-full\" src=\"https:\/\/www.ecodeportivo.com.ar\/img\/2025\/11\/accion25-final1.jpg\" sizes=\"auto, (max-width: 1260px) 100vw, 1260px\" srcset=\"https:\/\/www.ecodeportivo.com.ar\/img\/2025\/11\/accion25-final1.jpg 1260w, https:\/\/www.ecodeportivo.com.ar\/img\/2025\/11\/accion25-final1-300x180.jpg 300w, https:\/\/www.ecodeportivo.com.ar\/img\/2025\/11\/accion25-final1-1024x614.jpg 1024w, https:\/\/www.ecodeportivo.com.ar\/img\/2025\/11\/accion25-final1-768x461.jpg 768w\" alt=\"\" width=\"1260\" height=\"756\" aria-describedby=\"caption-attachment-52391\" \/><\/a><\/p>\n<p id=\"caption-attachment-52391\" class=\"wp-caption-text\">Acci\u00f3n cerr\u00f3 la temporada invicto en el plano local y con el bicampeonato en su poder (Foto: Gentileza GaDa)<\/p>\n<\/div>\n<div id=\"attachment_52390\" class=\"wp-caption alignnone\"><a href=\"https:\/\/www.ecodeportivo.com.ar\/img\/2025\/11\/final-autoridades.jpg\"><img loading=\"lazy\" decoding=\"async\" class=\"wp-image-52390 size-full\" src=\"https:\/\/www.ecodeportivo.com.ar\/img\/2025\/11\/final-autoridades.jpg\" sizes=\"auto, (max-width: 1260px) 100vw, 1260px\" srcset=\"https:\/\/www.ecodeportivo.com.ar\/img\/2025\/11\/final-autoridades.jpg 1260w, https:\/\/www.ecodeportivo.com.ar\/img\/2025\/11\/final-autoridades-300x180.jpg 300w, https:\/\/www.ecodeportivo.com.ar\/img\/2025\/11\/final-autoridades-1024x614.jpg 1024w, https:\/\/www.ecodeportivo.com.ar\/img\/2025\/11\/final-autoridades-768x461.jpg 768w\" alt=\"\" width=\"1260\" height=\"756\" aria-describedby=\"caption-attachment-52390\" \/><\/a><\/p>\n<p id=\"caption-attachment-52390\" class=\"wp-caption-text\">Los jueces Ariel Gambelli, Juan Gonz\u00e1lez y Francisco Zamprogno, con el comisionado Alberto N\u00fa\u00f1ez (Foto: Gentileza GaDa)<\/p>\n<\/div>\n<p>FUENTE: Eco Deportivo<\/p>\n<\/div>\n","protected":false},"excerpt":{"rendered":"<p>ACCI\u00d3N VOLVI\u00d3 A CONSAGRARSE Y ES NUEVO CAMPE\u00d3N DEL CLAUSURA 21 noviembre, 2025 El Club Acci\u00f3n cerr\u00f3 un a\u00f1o magn\u00edfico al adjudicarse el Torneo Clausura de la Asociaci\u00f3n Saenzpe\u00f1ense de B\u00e1squet, tras derrotar en el segundo juego de la final al elenco de la\u00a0Universidad Nacional de Chaco Austral por 73 a 65, con un primer &hellip;<\/p>\n","protected":false},"author":2,"featured_media":28999,"comment_status":"open","ping_status":"open","sticky":false,"template":"","format":"standard","meta":{"footnotes":""},"categories":[3],"tags":[],"class_list":["post-28998","post","type-post","status-publish","format-standard","has-post-thumbnail","hentry","category-basquetbol"],"_links":{"self":[{"href":"https:\/\/www.sportchaco.com.ar\/index.php?rest_route=\/wp\/v2\/posts\/28998","targetHints":{"allow":["GET"]}}],"collection":[{"href":"https:\/\/www.sportchaco.com.ar\/index.php?rest_route=\/wp\/v2\/posts"}],"about":[{"href":"https:\/\/www.sportchaco.com.ar\/index.php?rest_route=\/wp\/v2\/types\/post"}],"author":[{"embeddable":true,"href":"https:\/\/www.sportchaco.com.ar\/index.php?rest_route=\/wp\/v2\/users\/2"}],"replies":[{"embeddable":true,"href":"https:\/\/www.sportchaco.com.ar\/index.php?rest_route=%2Fwp%2Fv2%2Fcomments&post=28998"}],"version-history":[{"count":1,"href":"https:\/\/www.sportchaco.com.ar\/index.php?rest_route=\/wp\/v2\/posts\/28998\/revisions"}],"predecessor-version":[{"id":29000,"href":"https:\/\/www.sportchaco.com.ar\/index.php?rest_route=\/wp\/v2\/posts\/28998\/revisions\/29000"}],"wp:featuredmedia":[{"embeddable":true,"href":"https:\/\/www.sportchaco.com.ar\/index.php?rest_route=\/wp\/v2\/media\/28999"}],"wp:attachment":[{"href":"https:\/\/www.sportchaco.com.ar\/index.php?rest_route=%2Fwp%2Fv2%2Fmedia&parent=28998"}],"wp:term":[{"taxonomy":"category","embeddable":true,"href":"https:\/\/www.sportchaco.com.ar\/index.php?rest_route=%2Fwp%2Fv2%2Fcategories&post=28998"},{"taxonomy":"post_tag","embeddable":true,"href":"https:\/\/www.sportchaco.com.ar\/index.php?rest_route=%2Fwp%2Fv2%2Ftags&post=28998"}],"curies":[{"name":"wp","href":"https:\/\/api.w.org\/{rel}","templated":true}]}}