{"id":29028,"date":"2025-11-22T20:47:40","date_gmt":"2025-11-22T23:47:40","guid":{"rendered":"https:\/\/www.sportchaco.com.ar\/?p=29028"},"modified":"2025-11-22T20:54:13","modified_gmt":"2025-11-22T23:54:13","slug":"la-pena-chaco-bostero-roberto-passucci-festejo-su-decimo-aniversario","status":"publish","type":"post","link":"https:\/\/www.sportchaco.com.ar\/?p=29028","title":{"rendered":"La Pe\u00f1a Chaco Bostero Roberto Passucci festej\u00f3 su d\u00e9cimo aniversario"},"content":{"rendered":"<h4 id=\"_r_42t_\" class=\"html-h4 x14z9mp xat24cr x1lziwak xexx8yu xyri2b x18d9i69 x1c1uobl x1vvkbs x1heor9g x1qlqyl8 x1pd3egz x1a2a7pz x1gslohp x1yc453h\"><\/h4>\n<p>&nbsp;<\/p>\n<p>En el marco de una noche de reencuentros, la Pe\u00f1a Chaco Bostero Roberto Passucci festej\u00f3 su d\u00e9cimo aniversario, donde se vivieron muchas emoci\u00f3nes<\/p>\n<p>\u00abTuvimos la visita de ex integrantes de la comisi\u00f3n directiva que nos acompa\u00f1\u00f2 a lo largo de \u00e9stos 10 a\u00f1os ,recordando momentos \u00fanicos e imborrables!! Muchas gracias a cada uno de ellos por aportar su granito de arena para que \u00e9sto siga creciendo!!!\u00bb expresaron sus autoridades<\/p>\n<p>&nbsp;<\/p>\n<p><img decoding=\"async\" src=\"https:\/\/scontent.fcnq2-2.fna.fbcdn.net\/v\/t51.82787-15\/584409716_18383789494177773_2821322833809786506_n.jpg?stp=dst-jpegr_tt6&amp;_nc_cat=108&amp;ccb=1-7&amp;_nc_sid=127cfc&amp;_nc_eui2=AeHn9oM_Lsxg0HGFgT7P1nHoBk5SCSihpV8GTlIJKKGlX5XRTtVy_1gT45OTJdDeBe4&amp;_nc_ohc=dpe8Syh6qEYQ7kNvwGYNn9m&amp;_nc_oc=AdlkibMG8ObXUTDT1vDO6zqEV7bN_cMoivryS0Meu5cgazuup-EzVF0UZzYk90jabto&amp;_nc_zt=23&amp;se=-1&amp;_nc_ht=scontent.fcnq2-2.fna&amp;_nc_gid=hJD-89DbYGpXDofOEwEGjw&amp;oh=00_Afg-dEYhHxw9v5PXcdg4oarounGcN9OJBl71rMKOp-dVYA&amp;oe=69282BC2\" alt=\"Puede ser una imagen de una o varias personas, hospital y texto\" \/><\/p>\n","protected":false},"excerpt":{"rendered":"<p>&nbsp; En el marco de una noche de reencuentros, la Pe\u00f1a Chaco Bostero Roberto Passucci festej\u00f3 su d\u00e9cimo aniversario, donde se vivieron muchas emoci\u00f3nes \u00abTuvimos la visita de ex integrantes de la comisi\u00f3n directiva que nos acompa\u00f1\u00f2 a lo largo de \u00e9stos 10 a\u00f1os ,recordando momentos \u00fanicos e imborrables!! Muchas gracias a cada uno de &hellip;<\/p>\n","protected":false},"author":2,"featured_media":29029,"comment_status":"open","ping_status":"open","sticky":false,"template":"","format":"standard","meta":{"footnotes":""},"categories":[44],"tags":[],"class_list":["post-29028","post","type-post","status-publish","format-standard","has-post-thumbnail","hentry","category-varios"],"_links":{"self":[{"href":"https:\/\/www.sportchaco.com.ar\/index.php?rest_route=\/wp\/v2\/posts\/29028","targetHints":{"allow":["GET"]}}],"collection":[{"href":"https:\/\/www.sportchaco.com.ar\/index.php?rest_route=\/wp\/v2\/posts"}],"about":[{"href":"https:\/\/www.sportchaco.com.ar\/index.php?rest_route=\/wp\/v2\/types\/post"}],"author":[{"embeddable":true,"href":"https:\/\/www.sportchaco.com.ar\/index.php?rest_route=\/wp\/v2\/users\/2"}],"replies":[{"embeddable":true,"href":"https:\/\/www.sportchaco.com.ar\/index.php?rest_route=%2Fwp%2Fv2%2Fcomments&post=29028"}],"version-history":[{"count":3,"href":"https:\/\/www.sportchaco.com.ar\/index.php?rest_route=\/wp\/v2\/posts\/29028\/revisions"}],"predecessor-version":[{"id":29032,"href":"https:\/\/www.sportchaco.com.ar\/index.php?rest_route=\/wp\/v2\/posts\/29028\/revisions\/29032"}],"wp:featuredmedia":[{"embeddable":true,"href":"https:\/\/www.sportchaco.com.ar\/index.php?rest_route=\/wp\/v2\/media\/29029"}],"wp:attachment":[{"href":"https:\/\/www.sportchaco.com.ar\/index.php?rest_route=%2Fwp%2Fv2%2Fmedia&parent=29028"}],"wp:term":[{"taxonomy":"category","embeddable":true,"href":"https:\/\/www.sportchaco.com.ar\/index.php?rest_route=%2Fwp%2Fv2%2Fcategories&post=29028"},{"taxonomy":"post_tag","embeddable":true,"href":"https:\/\/www.sportchaco.com.ar\/index.php?rest_route=%2Fwp%2Fv2%2Ftags&post=29028"}],"curies":[{"name":"wp","href":"https:\/\/api.w.org\/{rel}","templated":true}]}}