{"id":29033,"date":"2025-11-22T20:57:59","date_gmt":"2025-11-22T23:57:59","guid":{"rendered":"https:\/\/www.sportchaco.com.ar\/?p=29033"},"modified":"2025-11-22T20:57:59","modified_gmt":"2025-11-22T23:57:59","slug":"carabajal-y-bohdanowicz-en-terc-era-fila-en-la-serie-del-tc-mouras","status":"publish","type":"post","link":"https:\/\/www.sportchaco.com.ar\/?p=29033","title":{"rendered":"Carabajal y Bohdanowicz en terc era fila en la serie del TC Mouras"},"content":{"rendered":"<div class=\"container-fluid showcase-light-grey\">\n<div class=\"container\">\n<div class=\"noticias-header\">\n<div class=\"row\">\n<div class=\"col-lg-9 col-md-9 col-sm-8 col-xs-12\">\n<div class=\"info\">\n<h2><\/h2>\n<h5>El TC Mouras disputar\u00e1 a las 08.51 hs la serie \u00fanica que tiene largando a Guiffrey y Provens en la primera fila. Los chaque\u00f1os\u00a0 Lucas Carabajal y Lucas Bohdanowicz Largan desde la tercera fila<\/h5>\n<\/div>\n<\/div>\n<div class=\"col-lg-3 col-md-3 col-sm-4 col-xs-12\">\n<div class=\"sharer-module pull-right\">\n<div class=\"wrapper-add-this\"><\/div>\n<\/div>\n<\/div>\n<\/div>\n<\/div>\n<\/div>\n<\/div>\n<div class=\"container\">\n<div class=\"wrapper-brand-skin\"><\/div>\n<div class=\"noticias-expanded\">\n<div class=\"row\">\n<div class=\"col-lg-8 col-md-8 col-sm-8\">\n<div class=\"content\">\n<figure class=\"img-wide\"><\/figure>\n<p>&nbsp;<\/p>\n<p><strong>ORDENAMIENTO SERIE UNICA<\/strong><\/p>\n<p><strong>Fila 1\u00a0<\/strong>71 Guiffrey, J. 53 Provens, E.<\/p>\n<p><strong>Fila 2\u00a0<\/strong>105 Borgert, M. 44 Pozner, T.<\/p>\n<p><strong>Fila 3\u00a0<\/strong>81 Carabajal, L. 61 Bohdanowicz, L.<\/p>\n<p><strong>Fila 4\u00a0<\/strong>141 Luengo, F. 43 Ant\u00f3n, B.<\/p>\n<p><strong>Fila 5\u00a0<\/strong>77 Gonz\u00e1lez, L. 66 Tadei, G.<\/p>\n<p><strong>Fila 6\u00a0<\/strong>87 Guerra, L. 177 Demarco, L.<\/p>\n<p><strong>Fila 7\u00a0<\/strong>119 Ledesma, F.<\/p>\n<\/div>\n<\/div>\n<\/div>\n<\/div>\n<\/div>\n","protected":false},"excerpt":{"rendered":"<p>El TC Mouras disputar\u00e1 a las 08.51 hs la serie \u00fanica que tiene largando a Guiffrey y Provens en la primera fila. Los chaque\u00f1os\u00a0 Lucas Carabajal y Lucas Bohdanowicz Largan desde la tercera fila &nbsp; ORDENAMIENTO SERIE UNICA Fila 1\u00a071 Guiffrey, J. 53 Provens, E. Fila 2\u00a0105 Borgert, M. 44 Pozner, T. Fila 3\u00a081 Carabajal, &hellip;<\/p>\n","protected":false},"author":2,"featured_media":29034,"comment_status":"open","ping_status":"open","sticky":false,"template":"","format":"standard","meta":{"footnotes":""},"categories":[2],"tags":[],"class_list":["post-29033","post","type-post","status-publish","format-standard","has-post-thumbnail","hentry","category-automovilismo"],"_links":{"self":[{"href":"https:\/\/www.sportchaco.com.ar\/index.php?rest_route=\/wp\/v2\/posts\/29033","targetHints":{"allow":["GET"]}}],"collection":[{"href":"https:\/\/www.sportchaco.com.ar\/index.php?rest_route=\/wp\/v2\/posts"}],"about":[{"href":"https:\/\/www.sportchaco.com.ar\/index.php?rest_route=\/wp\/v2\/types\/post"}],"author":[{"embeddable":true,"href":"https:\/\/www.sportchaco.com.ar\/index.php?rest_route=\/wp\/v2\/users\/2"}],"replies":[{"embeddable":true,"href":"https:\/\/www.sportchaco.com.ar\/index.php?rest_route=%2Fwp%2Fv2%2Fcomments&post=29033"}],"version-history":[{"count":1,"href":"https:\/\/www.sportchaco.com.ar\/index.php?rest_route=\/wp\/v2\/posts\/29033\/revisions"}],"predecessor-version":[{"id":29035,"href":"https:\/\/www.sportchaco.com.ar\/index.php?rest_route=\/wp\/v2\/posts\/29033\/revisions\/29035"}],"wp:featuredmedia":[{"embeddable":true,"href":"https:\/\/www.sportchaco.com.ar\/index.php?rest_route=\/wp\/v2\/media\/29034"}],"wp:attachment":[{"href":"https:\/\/www.sportchaco.com.ar\/index.php?rest_route=%2Fwp%2Fv2%2Fmedia&parent=29033"}],"wp:term":[{"taxonomy":"category","embeddable":true,"href":"https:\/\/www.sportchaco.com.ar\/index.php?rest_route=%2Fwp%2Fv2%2Fcategories&post=29033"},{"taxonomy":"post_tag","embeddable":true,"href":"https:\/\/www.sportchaco.com.ar\/index.php?rest_route=%2Fwp%2Fv2%2Ftags&post=29033"}],"curies":[{"name":"wp","href":"https:\/\/api.w.org\/{rel}","templated":true}]}}