{"id":29068,"date":"2025-11-23T21:04:02","date_gmt":"2025-11-24T00:04:02","guid":{"rendered":"https:\/\/www.sportchaco.com.ar\/?p=29068"},"modified":"2025-11-24T09:59:30","modified_gmt":"2025-11-24T12:59:30","slug":"triunfo-de-lucas-carabajal-en-el-mouras","status":"publish","type":"post","link":"https:\/\/www.sportchaco.com.ar\/?p=29068","title":{"rendered":"Triunfo de Lucas Carabajal en el Mouras"},"content":{"rendered":"<div class=\"container-fluid showcase-light-grey\">\n<div class=\"container\">\n<div class=\"noticias-header\">\n<div class=\"row\">\n<div class=\"col-lg-9 col-md-9 col-sm-8 col-xs-12\">\n<div class=\"info\">\n<div class=\"date\">23 NOV 25<\/div>\n<p>&nbsp;<\/p>\n<\/div>\n<\/div>\n<div class=\"col-lg-3 col-md-3 col-sm-4 col-xs-12\">\n<div class=\"sharer-module pull-right\">\n<div class=\"wrapper-add-this\"><\/div>\n<\/div>\n<\/div>\n<\/div>\n<\/div>\n<\/div>\n<\/div>\n<div class=\"container\">\n<div class=\"wrapper-brand-skin\"><\/div>\n<div class=\"noticias-expanded\">\n<div class=\"row\">\n<div class=\"col-lg-8 col-md-8 col-sm-8\">\n<div class=\"content\">\n<figure class=\"img-right\"><\/figure>\n<p>&nbsp;<\/p>\n<h5>El chaque\u00f1o Lucas Carabajal se qued\u00f3 con la victoria en la 13 fecha del Turismo Carretera Mouras, El chaque\u00f1o se benefici\u00f3 del recargo a Provens, que termin\u00f3 1ro. en la pista. De esta manera se consolida al frente del Campeonato.<\/h5>\n<p>Las \u00faltimas vueltas de la final del TC Mouras en el circuito perimetral del aut\u00f3dromo Roberto Mouras fueron a puro c\u00e1lculo y tensi\u00f3n.<\/p>\n<p>En la largada y cuando los autos sal\u00edan del curv\u00f3n, una serie de toques provocaron la salida de pista de Juan Pablo Guiffrey que determin\u00f3, una sanci\u00f3n de 5 segundos de recargo para el piloto Eugenio Provens, que con el Dodge del Galarza Racing dio varias vueltas r\u00e1pidas para estirar la ventaja, pero no le alcanz\u00f3 y por tan solo 352\/1000, gan\u00f3 Lucas Carabajal.<\/p>\n<p>El piloto de Resistencia, Chaco, con el Ford del Moriatis competici\u00f3n, se qued\u00f3 con la 13\u00aa. final del a\u00f1o y con este resultado subi\u00f3 a la punta de la Copa Coronaci\u00f3n, aventajando a Eugenio Provens, por tan solo 3 puntos, cuando solo falta una carrera.<\/p>\n<p><img loading=\"lazy\" decoding=\"async\" class=\"alignnone size-full wp-image-29069 aligncenter\" src=\"https:\/\/www.sportchaco.com.ar\/wp-content\/uploads\/2025\/11\/lucas-carbajal-1.jpg\" alt=\"\" width=\"254\" height=\"200\" \/><\/p>\n<p>Segundo, en la final del TC Mouras, lleg\u00f3, con el recargo, Eugenio Provens, tercero, Manuel Borgert, con Ford, a 1.966\/1000, cuarto, Lucas Bohdanowicz, con Dodge y quinto, Benjam\u00edn Ant\u00f3n, con Ford.<\/p>\n<p>El campeonato, cuando solo falta la \u00faltima competencia, est\u00e1 liderado por Lucas Carabajal: 150,5 puntos, 2do. Eugenio Provens: 147,5, 3ro. Manuel Borgert: 131, 4to. Lucas Bohdanowicz: 120,5, 5to. Thomas Pozner: 104 puntos.<\/p>\n<p>Pr\u00f3xima carrera: 14 de diciembre en el aut\u00f3dromo Roberto Mouras, La Plata.<\/p>\n<p><img decoding=\"async\" src=\"https:\/\/i0.wp.com\/visionauto.com.ar\/wp-content\/uploads\/2025\/07\/Carabajal-TCM-2025-800x533-1.jpg?resize=640%2C426&amp;ssl=1\" \/><\/p>\n<\/div>\n<div class=\"container\">\n<div class=\"resultados\">\n<div class=\"carrera-on-line-verificado\">Verificado por: Cronometraje\u00a0<img decoding=\"async\" src=\"https:\/\/actc.org.ar\/admin\/vistas\/images\/on_aprobacion.png\" \/>\u00a0T\u00e9cnica\u00a0<img decoding=\"async\" src=\"https:\/\/actc.org.ar\/admin\/vistas\/images\/off_aprobacion.png\" \/>\u00a0Deportiva\u00a0<img decoding=\"async\" src=\"https:\/\/actc.org.ar\/admin\/vistas\/images\/on_aprobacion.png\" \/><\/div>\n<div class=\"table-responsive generic-tbl results-tbl\">\n<table class=\"table\">\n<thead>\n<tr>\n<th>Pos.<\/th>\n<th>N\u00famero<\/th>\n<th>Piloto<\/th>\n<th>Marca<\/th>\n<th>Vueltas<\/th>\n<th>Tiempo<\/th>\n<th>Diferencia<\/th>\n<\/tr>\n<\/thead>\n<tbody>\n<tr>\n<td class=\"pos\">1\u00b0<\/td>\n<td>81<\/td>\n<td class=\"piloto first\"><a href=\"https:\/\/actc.org.ar\/tcm\/pilotos\/2025\/lucas-carabajal_9431.html\">Carabajal, Lucas<\/a><\/td>\n<td><img decoding=\"async\" class=\"lazy\" title=\"Ford\" src=\"https:\/\/actc.org.ar\/vistas\/v3\/images\/logos\/logo-ford-xs.png\" alt=\"Ford\" data-original=\"\/vistas\/v3\/images\/logos\/logo-ford-xs.png\" \/><\/td>\n<td>12<\/td>\n<td>17:39.724<\/td>\n<td><\/td>\n<\/tr>\n<tr>\n<td class=\"pos\">2\u00b0<\/td>\n<td>53<\/td>\n<td class=\"piloto first\"><a href=\"https:\/\/actc.org.ar\/tcm\/pilotos\/2025\/eugenio-provens_9419.html\">Provens, Eugenio<\/a><\/td>\n<td><img decoding=\"async\" class=\"lazy\" title=\"Dodge\" src=\"https:\/\/actc.org.ar\/vistas\/v3\/images\/logos\/logo-dodge-xs.png\" alt=\"Dodge\" data-original=\"\/vistas\/v3\/images\/logos\/logo-dodge-xs.png\" \/><\/td>\n<td>12<\/td>\n<td>17:40.076<\/td>\n<td>0.352<\/td>\n<\/tr>\n<tr>\n<td class=\"pos\">3\u00b0<\/td>\n<td>105<\/td>\n<td class=\"piloto first\"><a href=\"https:\/\/actc.org.ar\/tcm\/pilotos\/2025\/manuel-borgert_9435.html\">Borgert, Manuel<\/a><\/td>\n<td><img decoding=\"async\" class=\"lazy\" title=\"Ford\" src=\"https:\/\/actc.org.ar\/vistas\/v3\/images\/logos\/logo-ford-xs.png\" alt=\"Ford\" data-original=\"\/vistas\/v3\/images\/logos\/logo-ford-xs.png\" \/><\/td>\n<td>12<\/td>\n<td>17:41.690<\/td>\n<td>1.966<\/td>\n<\/tr>\n<tr>\n<td class=\"pos\">4\u00b0<\/td>\n<td>61<\/td>\n<td class=\"piloto first\"><a href=\"https:\/\/actc.org.ar\/tcm\/pilotos\/2025\/lucas-bohdanowicz_9426.html\">Bohdanowicz, Lucas<\/a><\/td>\n<td><img decoding=\"async\" class=\"lazy\" title=\"Dodge\" src=\"https:\/\/actc.org.ar\/vistas\/v3\/images\/logos\/logo-dodge-xs.png\" alt=\"Dodge\" data-original=\"\/vistas\/v3\/images\/logos\/logo-dodge-xs.png\" \/><\/td>\n<td>12<\/td>\n<td>17:42.218<\/td>\n<td>2.494<\/td>\n<\/tr>\n<tr>\n<td class=\"pos\">5\u00b0<\/td>\n<td>43<\/td>\n<td class=\"piloto first\"><a href=\"https:\/\/actc.org.ar\/tcm\/pilotos\/2025\/benjamin-anton_9421.html\">Ant\u00f3n, Benjam\u00edn<\/a><\/td>\n<td><img decoding=\"async\" class=\"lazy\" title=\"Ford\" src=\"https:\/\/actc.org.ar\/vistas\/v3\/images\/logos\/logo-ford-xs.png\" alt=\"Ford\" data-original=\"\/vistas\/v3\/images\/logos\/logo-ford-xs.png\" \/><\/td>\n<td>12<\/td>\n<td>17:47.025<\/td>\n<td>7.301<\/td>\n<\/tr>\n<tr>\n<td class=\"pos\">6\u00b0<\/td>\n<td>44<\/td>\n<td class=\"piloto first\"><a href=\"https:\/\/actc.org.ar\/tcm\/pilotos\/2025\/thomas-pozner_9422.html\">Pozner, Thomas<\/a><\/td>\n<td><img decoding=\"async\" class=\"lazy\" title=\"Dodge\" src=\"https:\/\/actc.org.ar\/vistas\/v3\/images\/logos\/logo-dodge-xs.png\" alt=\"Dodge\" data-original=\"\/vistas\/v3\/images\/logos\/logo-dodge-xs.png\" \/><\/td>\n<td>12<\/td>\n<td>17:47.393<\/td>\n<td>7.669<\/td>\n<\/tr>\n<tr>\n<td class=\"pos\">7\u00b0<\/td>\n<td>141<\/td>\n<td class=\"piloto first\"><a href=\"https:\/\/actc.org.ar\/tcm\/pilotos\/2025\/francisco-luengo_9437.html\">Luengo, Francisco<\/a><\/td>\n<td><img decoding=\"async\" class=\"lazy\" title=\"Chevrolet\" src=\"https:\/\/actc.org.ar\/vistas\/v3\/images\/logos\/logo-chevrolet-xs.png\" alt=\"Chevrolet\" data-original=\"\/vistas\/v3\/images\/logos\/logo-chevrolet-xs.png\" \/><\/td>\n<td>12<\/td>\n<td>17:49.569<\/td>\n<td>9.845<\/td>\n<\/tr>\n<tr>\n<td class=\"pos\">8\u00b0<\/td>\n<td>177<\/td>\n<td class=\"piloto first\"><a href=\"https:\/\/actc.org.ar\/tcm\/pilotos\/2025\/luca-demarco_9438.html\">Demarco, Luca<\/a><\/td>\n<td><img decoding=\"async\" class=\"lazy\" title=\"Dodge\" src=\"https:\/\/actc.org.ar\/vistas\/v3\/images\/logos\/logo-dodge-xs.png\" alt=\"Dodge\" data-original=\"\/vistas\/v3\/images\/logos\/logo-dodge-xs.png\" \/><\/td>\n<td>12<\/td>\n<td>17:58.563<\/td>\n<td>18.839<\/td>\n<\/tr>\n<tr>\n<td class=\"pos\">9\u00b0<\/td>\n<td>87<\/td>\n<td class=\"piloto first\"><a href=\"https:\/\/actc.org.ar\/tcm\/pilotos\/2025\/lucas-guerra_9434.html\">Guerra, Lucas<\/a><\/td>\n<td><img decoding=\"async\" class=\"lazy\" title=\"Chevrolet\" src=\"https:\/\/actc.org.ar\/vistas\/v3\/images\/logos\/logo-chevrolet-xs.png\" alt=\"Chevrolet\" data-original=\"\/vistas\/v3\/images\/logos\/logo-chevrolet-xs.png\" \/><\/td>\n<td>12<\/td>\n<td>18:03.054<\/td>\n<td>23.330<\/td>\n<\/tr>\n<tr>\n<td class=\"pos\">10\u00b0<\/td>\n<td>77<\/td>\n<td class=\"piloto first\"><a href=\"https:\/\/actc.org.ar\/tcm\/pilotos\/2025\/leandro-gonzalez_9430.html\">Gonz\u00e1lez, Leandro<\/a><\/td>\n<td><img decoding=\"async\" class=\"lazy\" title=\"Chevrolet\" src=\"https:\/\/actc.org.ar\/vistas\/v3\/images\/logos\/logo-chevrolet-xs.png\" alt=\"Chevrolet\" data-original=\"\/vistas\/v3\/images\/logos\/logo-chevrolet-xs.png\" \/><\/td>\n<td>12<\/td>\n<td>18:03.349<\/td>\n<td>23.625<\/td>\n<\/tr>\n<tr>\n<td class=\"pos\">11\u00b0<\/td>\n<td>119<\/td>\n<td class=\"piloto first\"><a href=\"https:\/\/actc.org.ar\/tcm\/pilotos\/2025\/facundo-ledesma_9436.html\">Ledesma, Facundo<\/a><\/td>\n<td><img decoding=\"async\" class=\"lazy\" title=\"Chevrolet\" src=\"https:\/\/actc.org.ar\/vistas\/v3\/images\/logos\/logo-chevrolet-xs.png\" alt=\"Chevrolet\" data-original=\"\/vistas\/v3\/images\/logos\/logo-chevrolet-xs.png\" \/><\/td>\n<td>10<\/td>\n<td>17:11.282<\/td>\n<td>2 VTAS<\/td>\n<\/tr>\n<tr>\n<td class=\"pos\">12\u00b0<\/td>\n<td>71<\/td>\n<td class=\"piloto first\"><a href=\"https:\/\/actc.org.ar\/tcm\/pilotos\/2025\/juan-pablo-guiffrey_9429.html\">Guiffrey, Juan Pablo<\/a><\/td>\n<td><img decoding=\"async\" class=\"lazy\" title=\"Chevrolet\" src=\"https:\/\/actc.org.ar\/vistas\/v3\/images\/logos\/logo-chevrolet-xs.png\" alt=\"Chevrolet\" data-original=\"\/vistas\/v3\/images\/logos\/logo-chevrolet-xs.png\" \/><\/td>\n<td>6<\/td>\n<td>09:17.711<\/td>\n<td>6 VTAS<\/td>\n<\/tr>\n<tr>\n<td class=\"pos\">13\u00b0<\/td>\n<td>66<\/td>\n<td class=\"piloto first\"><a href=\"https:\/\/actc.org.ar\/tcm\/pilotos\/2025\/gustavo-h-tadei_9427.html\">Tadei, Gustavo (H)<\/a><\/td>\n<td><img decoding=\"async\" class=\"lazy\" title=\"Chevrolet\" src=\"https:\/\/actc.org.ar\/vistas\/v3\/images\/logos\/logo-chevrolet-xs.png\" alt=\"Chevrolet\" data-original=\"\/vistas\/v3\/images\/logos\/logo-chevrolet-xs.png\" \/><\/td>\n<td>4<\/td>\n<td>06:36.214<\/td>\n<td>8 VTAS<\/td>\n<\/tr>\n<\/tbody>\n<\/table>\n<\/div>\n<div class=\"additional-data\">\n<div class=\"row\"><\/div>\n<\/div>\n<div class=\"incidences\">\n<h2><\/h2>\n<ul>\n<li><strong>PROMEDIO:<\/strong>\u00a0174,630 Km\/h<strong>RECORD DE VUELTA:<\/strong>\u00a0Nro 53 (PROVENS) Vta 2 en 1:26.923 a 176,639 Km\/hRECARGO AUTO N\u00b053(PROVENS) POR TOQUE CON EL AUTO N\u00b071 (GUIFFREY)\n<p>&nbsp;<\/li>\n<\/ul>\n<\/div>\n<\/div>\n<\/div>\n<div class=\"ads-fluid\">\n<div class=\"container\">\n<div class=\"row no-margin\"><\/div>\n<\/div>\n<\/div>\n<\/div>\n<\/div>\n<\/div>\n<\/div>\n","protected":false},"excerpt":{"rendered":"<p>23 NOV 25 &nbsp; &nbsp; El chaque\u00f1o Lucas Carabajal se qued\u00f3 con la victoria en la 13 fecha del Turismo Carretera Mouras, El chaque\u00f1o se benefici\u00f3 del recargo a Provens, que termin\u00f3 1ro. en la pista. De esta manera se consolida al frente del Campeonato. Las \u00faltimas vueltas de la final del TC Mouras en &hellip;<\/p>\n","protected":false},"author":2,"featured_media":29120,"comment_status":"open","ping_status":"open","sticky":false,"template":"","format":"standard","meta":{"footnotes":""},"categories":[2],"tags":[],"class_list":["post-29068","post","type-post","status-publish","format-standard","has-post-thumbnail","hentry","category-automovilismo"],"_links":{"self":[{"href":"https:\/\/www.sportchaco.com.ar\/index.php?rest_route=\/wp\/v2\/posts\/29068","targetHints":{"allow":["GET"]}}],"collection":[{"href":"https:\/\/www.sportchaco.com.ar\/index.php?rest_route=\/wp\/v2\/posts"}],"about":[{"href":"https:\/\/www.sportchaco.com.ar\/index.php?rest_route=\/wp\/v2\/types\/post"}],"author":[{"embeddable":true,"href":"https:\/\/www.sportchaco.com.ar\/index.php?rest_route=\/wp\/v2\/users\/2"}],"replies":[{"embeddable":true,"href":"https:\/\/www.sportchaco.com.ar\/index.php?rest_route=%2Fwp%2Fv2%2Fcomments&post=29068"}],"version-history":[{"count":3,"href":"https:\/\/www.sportchaco.com.ar\/index.php?rest_route=\/wp\/v2\/posts\/29068\/revisions"}],"predecessor-version":[{"id":29122,"href":"https:\/\/www.sportchaco.com.ar\/index.php?rest_route=\/wp\/v2\/posts\/29068\/revisions\/29122"}],"wp:featuredmedia":[{"embeddable":true,"href":"https:\/\/www.sportchaco.com.ar\/index.php?rest_route=\/wp\/v2\/media\/29120"}],"wp:attachment":[{"href":"https:\/\/www.sportchaco.com.ar\/index.php?rest_route=%2Fwp%2Fv2%2Fmedia&parent=29068"}],"wp:term":[{"taxonomy":"category","embeddable":true,"href":"https:\/\/www.sportchaco.com.ar\/index.php?rest_route=%2Fwp%2Fv2%2Fcategories&post=29068"},{"taxonomy":"post_tag","embeddable":true,"href":"https:\/\/www.sportchaco.com.ar\/index.php?rest_route=%2Fwp%2Fv2%2Ftags&post=29068"}],"curies":[{"name":"wp","href":"https:\/\/api.w.org\/{rel}","templated":true}]}}