{"id":29078,"date":"2025-11-23T22:25:34","date_gmt":"2025-11-24T01:25:34","guid":{"rendered":"https:\/\/www.sportchaco.com.ar\/?p=29078"},"modified":"2025-11-24T07:02:53","modified_gmt":"2025-11-24T10:02:53","slug":"29078","status":"publish","type":"post","link":"https:\/\/www.sportchaco.com.ar\/?p=29078","title":{"rendered":"Levantamiento Ol\u00edmpico de Pesas de Chaco 49 medallas"},"content":{"rendered":"<h5 data-start=\"94\" data-end=\"134\"><strong data-start=\"97\" data-end=\"132\">El equipo chaque\u00f1o de Levantamiento Ol\u00edmpico de Pesas tuvo una actuaci\u00f3n rutilante en el Campeonato Nacional Absoluto, realizado en el Centro de Alto Rendimiento (CENARD) en la ciudad de\u00a0<\/strong>uenos Aires.<\/h5>\n<h1 data-start=\"135\" data-end=\"198\"><\/h1>\n<p data-start=\"457\" data-end=\"787\">En el evento, organizado por la Federaci\u00f3n Argentina de Pesas en conjunto con la Secretar\u00eda Nacional de Deportes y Enard, se dieron cita los 256 mejores atletas de todo el pa\u00eds para competir en las divisiones de edad menores sub-15, cadetes sub-17, juveniles sub-20 y mayores de 21, en todas las categor\u00edas de peso de ambos sexos.<\/p>\n<p data-start=\"789\" data-end=\"1071\">La provincia del Chaco, hist\u00f3ricamente una de las m\u00e1s ganadoras en este deporte, dijo presente esta vez con doce pesistas, reafirmando su condici\u00f3n de l\u00edder nacional al obtener <strong data-start=\"966\" data-end=\"1021\">49 medallas (26 de oro, 13 de plata y 10 de bronce)<\/strong>, con cinco campeones nacionales y varios r\u00e9cords.<\/p>\n<p data-start=\"1073\" data-end=\"1162\">El <strong data-start=\"1076\" data-end=\"1097\">Equipo de Varones<\/strong> obtuvo el 2.\u00ba puesto por equipo del pa\u00eds y estuvo integrado por:<\/p>\n<ul data-start=\"1164\" data-end=\"2039\">\n<li data-start=\"1164\" data-end=\"1293\">\n<p data-start=\"1166\" data-end=\"1293\"><strong data-start=\"1166\" data-end=\"1185\">Santiago Molina<\/strong>, sub-17 hasta 56 kg: Subcampe\u00f3n Nacional con Triple Medalla de Plata (Arranque, Envi\u00f3n y Total Ol\u00edmpico).<\/p>\n<\/li>\n<li data-start=\"1294\" data-end=\"1468\">\n<p data-start=\"1296\" data-end=\"1468\"><strong data-start=\"1296\" data-end=\"1317\">H\u00e9ctor D. Alfonzo<\/strong>, sub-17 hasta 71 kg: Subcampe\u00f3n Nacional con Oro Arranque, Plata Envi\u00f3n y Plata en Total Ol\u00edmpico sub-17, y Plata en Envi\u00f3n y Total Ol\u00edmpico sub-20.<\/p>\n<\/li>\n<li data-start=\"1469\" data-end=\"1580\">\n<p data-start=\"1471\" data-end=\"1580\"><strong data-start=\"1471\" data-end=\"1489\">Nahuel Jim\u00e9nez<\/strong>, mayor hasta 79 kg: Medalla de Plata en Arranque, Oro en Envi\u00f3n y Bronce Total Ol\u00edmpico.<\/p>\n<\/li>\n<li data-start=\"1581\" data-end=\"1655\">\n<p data-start=\"1583\" data-end=\"1655\"><strong data-start=\"1583\" data-end=\"1602\">Santino Soolaga<\/strong>, sub-15 hasta 88 kg: Medalla de Plata en Arranque.<\/p>\n<\/li>\n<li data-start=\"1656\" data-end=\"1784\">\n<p data-start=\"1658\" data-end=\"1784\"><strong data-start=\"1658\" data-end=\"1677\">Luciano C\u00e1ceres<\/strong>, sub-15 hasta 88 kg: Campe\u00f3n Nacional con Triple Medalla de Oro sub-15 y Triple Medalla de Plata sub-17.<\/p>\n<\/li>\n<li data-start=\"1785\" data-end=\"1875\">\n<p data-start=\"1787\" data-end=\"1875\"><strong data-start=\"1787\" data-end=\"1808\">Juan Pablo Romero<\/strong>, sub-15 hasta 94 kg: Campe\u00f3n Nacional con Triple Medalla de Oro.<\/p>\n<\/li>\n<li data-start=\"1876\" data-end=\"1950\">\n<p data-start=\"1878\" data-end=\"1950\"><strong data-start=\"1878\" data-end=\"1901\">Tiago Moreyra Ojeda<\/strong>, sub-20 hasta 94 kg: Triple Medalla de Bronce.<\/p>\n<\/li>\n<li data-start=\"1951\" data-end=\"2039\">\n<p data-start=\"1953\" data-end=\"2039\"><strong data-start=\"1953\" data-end=\"1975\">Alejo G\u00f3mez Franco<\/strong>, mayor hasta 94 kg: Campe\u00f3n Nacional con Triple Medalla de Oro.<\/p>\n<\/li>\n<\/ul>\n<p data-start=\"2041\" data-end=\"2061\"><strong data-start=\"2041\" data-end=\"2061\">Equipo Femenino:<\/strong><\/p>\n<ul data-start=\"2063\" data-end=\"2797\">\n<li data-start=\"2063\" data-end=\"2295\">\n<p data-start=\"2065\" data-end=\"2295\"><strong data-start=\"2065\" data-end=\"2085\">Catalina Vidondo<\/strong>, sub-15 hasta 63 kg: Campeona Nacional, Triple Medalla de Oro y <strong data-start=\"2150\" data-end=\"2169\">R\u00e9cord Nacional<\/strong> en sub-15 y Bronce Arranque, Plata Envi\u00f3n y Plata Total en sub-17, premiada como <strong data-start=\"2251\" data-end=\"2292\">Mejor Atleta Femenina sub-15 del pa\u00eds<\/strong>.<\/p>\n<\/li>\n<li data-start=\"2296\" data-end=\"2392\">\n<p data-start=\"2298\" data-end=\"2392\"><strong data-start=\"2298\" data-end=\"2316\">Victoria Casco<\/strong>, sub-20 hasta 69 kg: Triple Medalla de Bronce (Arranque, Envi\u00f3n y Total).<\/p>\n<\/li>\n<li data-start=\"2393\" data-end=\"2644\">\n<p data-start=\"2395\" data-end=\"2644\"><strong data-start=\"2395\" data-end=\"2411\">Milena Ayala<\/strong>, sub-20 hasta 63 kg: Campeona Nacional de Triple Medalla de Oro y <strong data-start=\"2478\" data-end=\"2504\">R\u00e9cord Nacional sub-20<\/strong> de Arranque y Total Ol\u00edmpico, y Campeona Nacional con Triple Medalla de Oro y <strong data-start=\"2583\" data-end=\"2630\">R\u00e9cord Nacional de Arranque, Envi\u00f3n y Total<\/strong> en mayores.<\/p>\n<\/li>\n<li data-start=\"2393\" data-end=\"2644\"><img loading=\"lazy\" decoding=\"async\" class=\"alignnone size-medium wp-image-29083 aligncenter\" src=\"https:\/\/www.sportchaco.com.ar\/wp-content\/uploads\/2025\/11\/milena-ayala-levantamiento-300x198.png\" alt=\"\" width=\"300\" height=\"198\" srcset=\"https:\/\/www.sportchaco.com.ar\/wp-content\/uploads\/2025\/11\/milena-ayala-levantamiento-300x198.png 300w, https:\/\/www.sportchaco.com.ar\/wp-content\/uploads\/2025\/11\/milena-ayala-levantamiento.png 555w\" sizes=\"auto, (max-width: 300px) 100vw, 300px\" \/><\/li>\n<li data-start=\"2645\" data-end=\"2797\">\n<p data-start=\"2647\" data-end=\"2797\"><strong data-start=\"2647\" data-end=\"2667\">Jazm\u00edn Travesani<\/strong>, sub-20 hasta 77 kg: Campeona Nacional Triple Medalla de Oro y <strong data-start=\"2731\" data-end=\"2762\">R\u00e9cord Nacional en Arranque<\/strong>, Triple Medalla de Oro en mayores.<\/p>\n<\/li>\n<\/ul>\n<p data-start=\"2799\" data-end=\"3626\">El presidente de la Federaci\u00f3n Chaque\u00f1a, Javier S\u00e1ez, expres\u00f3: <strong>\u201cComandar un seleccionado de doce atletas, de tan buen nivel en los podios nacionales y mundiales, porque ya muchos de los nuestros tienen nivel para estar en torneos internacionales, nos llena de orgullo, y es una gran muestra del trabajo que se viene haciendo. Este equipo obtuvo 49 medallas, y dos de ellas algunos con r\u00e9cords nacionales. Y eso no es ni m\u00e1s ni menos que el fruto del trabajo, esfuerzo, disciplina y planificaci\u00f3n de todo el a\u00f1o. Estos chicos son un orgullo para sus familias, compa\u00f1eros de escuela y para la provincia; algunos ya son medallistas sudamericanos y con proyecci\u00f3n mundial, y merecen todo el apoyo de la comunidad y el Estado, porque son un ejemplo y un emblema. Me siento muy feliz y satisfecho por ellos\u201d.<\/strong><\/p>\n<p data-start=\"3628\" data-end=\"3903\">Finalmente, agradeci\u00f3 a los entrenadores del staff, Prof. Cristina Penayo, Prof. Gabriel G\u00f3mez Franco, Prof. Eduardo Paiz y Prof. Facundo Palavecino, y tambi\u00e9n por el apoyo brindado para cubrir gastos del viaje al Instituto del Deporte Chaque\u00f1o y al gobernador Leandro Zdero.<\/p>\n<p data-start=\"3628\" data-end=\"3903\"><img decoding=\"async\" src=\"https:\/\/scontent.fcnq2-2.fna.fbcdn.net\/v\/t39.30808-6\/588767987_122115139641022572_4391967676991033718_n.jpg?_nc_cat=111&amp;ccb=1-7&amp;_nc_sid=127cfc&amp;_nc_ohc=2kaOnAPAsCkQ7kNvwFLRei7&amp;_nc_oc=AdnqGLDbkl-Ooo77u__Rqq1p6oYdiQHx-Hbic9MUTwQfpvTqh5g9UVE3WxPQHwJzHaE&amp;_nc_zt=23&amp;_nc_ht=scontent.fcnq2-2.fna&amp;_nc_gid=VXSS2Xp0LGszczBTmr0M2A&amp;oh=00_AfiSSXZ39X6OGMI-nbqLaI_B2rhZE2-4u8Qn1dXVKTlHOg&amp;oe=69299C5B\" alt=\"Puede ser una imagen de texto\" \/><\/p>\n","protected":false},"excerpt":{"rendered":"<p>El equipo chaque\u00f1o de Levantamiento Ol\u00edmpico de Pesas tuvo una actuaci\u00f3n rutilante en el Campeonato Nacional Absoluto, realizado en el Centro de Alto Rendimiento (CENARD) en la ciudad de\u00a0uenos Aires. En el evento, organizado por la Federaci\u00f3n Argentina de Pesas en conjunto con la Secretar\u00eda Nacional de Deportes y Enard, se dieron cita los 256 &hellip;<\/p>\n","protected":false},"author":2,"featured_media":29079,"comment_status":"open","ping_status":"open","sticky":false,"template":"","format":"standard","meta":{"footnotes":""},"categories":[52],"tags":[],"class_list":["post-29078","post","type-post","status-publish","format-standard","has-post-thumbnail","hentry","category-pesas"],"_links":{"self":[{"href":"https:\/\/www.sportchaco.com.ar\/index.php?rest_route=\/wp\/v2\/posts\/29078","targetHints":{"allow":["GET"]}}],"collection":[{"href":"https:\/\/www.sportchaco.com.ar\/index.php?rest_route=\/wp\/v2\/posts"}],"about":[{"href":"https:\/\/www.sportchaco.com.ar\/index.php?rest_route=\/wp\/v2\/types\/post"}],"author":[{"embeddable":true,"href":"https:\/\/www.sportchaco.com.ar\/index.php?rest_route=\/wp\/v2\/users\/2"}],"replies":[{"embeddable":true,"href":"https:\/\/www.sportchaco.com.ar\/index.php?rest_route=%2Fwp%2Fv2%2Fcomments&post=29078"}],"version-history":[{"count":5,"href":"https:\/\/www.sportchaco.com.ar\/index.php?rest_route=\/wp\/v2\/posts\/29078\/revisions"}],"predecessor-version":[{"id":29103,"href":"https:\/\/www.sportchaco.com.ar\/index.php?rest_route=\/wp\/v2\/posts\/29078\/revisions\/29103"}],"wp:featuredmedia":[{"embeddable":true,"href":"https:\/\/www.sportchaco.com.ar\/index.php?rest_route=\/wp\/v2\/media\/29079"}],"wp:attachment":[{"href":"https:\/\/www.sportchaco.com.ar\/index.php?rest_route=%2Fwp%2Fv2%2Fmedia&parent=29078"}],"wp:term":[{"taxonomy":"category","embeddable":true,"href":"https:\/\/www.sportchaco.com.ar\/index.php?rest_route=%2Fwp%2Fv2%2Fcategories&post=29078"},{"taxonomy":"post_tag","embeddable":true,"href":"https:\/\/www.sportchaco.com.ar\/index.php?rest_route=%2Fwp%2Fv2%2Ftags&post=29078"}],"curies":[{"name":"wp","href":"https:\/\/api.w.org\/{rel}","templated":true}]}}