{"id":29085,"date":"2025-11-23T22:54:12","date_gmt":"2025-11-24T01:54:12","guid":{"rendered":"https:\/\/www.sportchaco.com.ar\/?p=29085"},"modified":"2025-11-23T22:55:22","modified_gmt":"2025-11-24T01:55:22","slug":"efemerides-del-24-de-noviembre-2","status":"publish","type":"post","link":"https:\/\/www.sportchaco.com.ar\/?p=29085","title":{"rendered":"Efem\u00e9rides del 24 de noviembre"},"content":{"rendered":"<div class=\"container fullwidth-entry-title-wrapper\">\n<div class=\"container-wrapper fullwidth-entry-title\">\n<header class=\"entry-header-outer\">\n<div class=\"entry-header\">\n<h1 class=\"post-title entry-title\"><\/h1>\n<h5 class=\"entry-sub-title\"><\/h5>\n<div class=\"single-post-meta post-meta clearfix\"><\/div>\n<\/div>\n<\/header>\n<\/div>\n<\/div>\n<div id=\"content\" class=\"site-content container\">\n<div id=\"main-content-row\" class=\"tie-row main-content-row\">\n<div class=\"main-content tie-col-md-8 tie-col-xs-12\" role=\"main\">\n<article id=\"the-post\" class=\"container-wrapper post-content tie-standard\">\n<div class=\"featured-area\">\n<div class=\"featured-area-inner\"><\/div>\n<\/div>\n<div class=\"entry-content entry clearfix\">\n<p><b>Estas son las efem\u00e9rides de un 24 de noviembre, del libro \u00ab100 a\u00f1os de historia del deporte en el Chaco\u00bb, del periodista Luis Dar\u00edo Molodezky.<\/b><\/p>\n<p>&nbsp;<\/p>\n<p><strong>\u00a0<\/strong><\/p>\n<p><img loading=\"lazy\" decoding=\"async\" class=\"alignnone size-medium wp-image-29086 aligncenter\" src=\"https:\/\/www.sportchaco.com.ar\/wp-content\/uploads\/2025\/11\/Luis-carita-2-300x214.jpg\" alt=\"\" width=\"300\" height=\"214\" srcset=\"https:\/\/www.sportchaco.com.ar\/wp-content\/uploads\/2025\/11\/Luis-carita-2-300x214.jpg 300w, https:\/\/www.sportchaco.com.ar\/wp-content\/uploads\/2025\/11\/Luis-carita-2.jpg 600w\" sizes=\"auto, (max-width: 300px) 100vw, 300px\" \/><strong>\u00a0<\/strong><\/p>\n<p><strong>1953 \/\u00a0<\/strong>Naci\u00f3 en Resistencia H\u00e9ctor Armando Soto, arrancando con el Karate den Buenos Aires en 1971, sum\u00e1ndose al TKD con Javier Dacak. Perteneci\u00f3 a varias organizaciones. Fue campe\u00f3n argentino. Como docente fue pionero en S\u00e1enz Pe\u00f1a y desempe\u00f1\u00f3 su tarea tambi\u00e9n en Resistencia. De profesi\u00f3n abogado nunca se alej\u00f3 del deporte.<\/p>\n<p><strong>\u00a0<\/strong><\/p>\n<p><strong>1985\u00a0<\/strong>\/ Alfredo Ren\u00e9 Soto de General San Mart\u00edn se consagra campe\u00f3n formose\u00f1o de motociclismo, al ganar 4 de las 5 carreras disputadas en 200c.c. En la categor\u00eda 125 fue subcampe\u00f3n. Fredy, naci\u00f3 el 25 de mayo de 1961.<\/p>\n<\/div>\n<\/article>\n<\/div>\n<\/div>\n<\/div>\n","protected":false},"excerpt":{"rendered":"<p>Estas son las efem\u00e9rides de un 24 de noviembre, del libro \u00ab100 a\u00f1os de historia del deporte en el Chaco\u00bb, del periodista Luis Dar\u00edo Molodezky. &nbsp; \u00a0 \u00a0 1953 \/\u00a0Naci\u00f3 en Resistencia H\u00e9ctor Armando Soto, arrancando con el Karate den Buenos Aires en 1971, sum\u00e1ndose al TKD con Javier Dacak. Perteneci\u00f3 a varias organizaciones. Fue &hellip;<\/p>\n","protected":false},"author":2,"featured_media":29087,"comment_status":"open","ping_status":"open","sticky":false,"template":"","format":"standard","meta":{"footnotes":""},"categories":[45,41],"tags":[],"class_list":["post-29085","post","type-post","status-publish","format-standard","has-post-thumbnail","hentry","category-efemerides-dia-por-dia","category-noviembre"],"_links":{"self":[{"href":"https:\/\/www.sportchaco.com.ar\/index.php?rest_route=\/wp\/v2\/posts\/29085","targetHints":{"allow":["GET"]}}],"collection":[{"href":"https:\/\/www.sportchaco.com.ar\/index.php?rest_route=\/wp\/v2\/posts"}],"about":[{"href":"https:\/\/www.sportchaco.com.ar\/index.php?rest_route=\/wp\/v2\/types\/post"}],"author":[{"embeddable":true,"href":"https:\/\/www.sportchaco.com.ar\/index.php?rest_route=\/wp\/v2\/users\/2"}],"replies":[{"embeddable":true,"href":"https:\/\/www.sportchaco.com.ar\/index.php?rest_route=%2Fwp%2Fv2%2Fcomments&post=29085"}],"version-history":[{"count":2,"href":"https:\/\/www.sportchaco.com.ar\/index.php?rest_route=\/wp\/v2\/posts\/29085\/revisions"}],"predecessor-version":[{"id":29101,"href":"https:\/\/www.sportchaco.com.ar\/index.php?rest_route=\/wp\/v2\/posts\/29085\/revisions\/29101"}],"wp:featuredmedia":[{"embeddable":true,"href":"https:\/\/www.sportchaco.com.ar\/index.php?rest_route=\/wp\/v2\/media\/29087"}],"wp:attachment":[{"href":"https:\/\/www.sportchaco.com.ar\/index.php?rest_route=%2Fwp%2Fv2%2Fmedia&parent=29085"}],"wp:term":[{"taxonomy":"category","embeddable":true,"href":"https:\/\/www.sportchaco.com.ar\/index.php?rest_route=%2Fwp%2Fv2%2Fcategories&post=29085"},{"taxonomy":"post_tag","embeddable":true,"href":"https:\/\/www.sportchaco.com.ar\/index.php?rest_route=%2Fwp%2Fv2%2Ftags&post=29085"}],"curies":[{"name":"wp","href":"https:\/\/api.w.org\/{rel}","templated":true}]}}