{"id":2910,"date":"2023-11-16T18:34:28","date_gmt":"2023-11-16T21:34:28","guid":{"rendered":"https:\/\/www.sportchaco.com.ar\/?p=2910"},"modified":"2023-11-16T18:34:28","modified_gmt":"2023-11-16T21:34:28","slug":"angel-deldo-llevara-la-bandera-argentina-en-el-inicio-de-los-parapanamericanos-de-chile","status":"publish","type":"post","link":"https:\/\/www.sportchaco.com.ar\/?p=2910","title":{"rendered":"\u00c1ngel Deldo llevar\u00e1 la bandera Argentina en el inicio de los Parapanamericanos de Chile"},"content":{"rendered":"<p>El chaque\u00f1o \u00c1ngel Deldo, consagrado representante de la Fundaci\u00f3n Deportiva Social Chaco (Desocha) quien fue elegido por Comit\u00e9 Paral\u00edmpico Argentino para llevar la bandera en la ceremonia inaugural en Chile para los Juegos Parapanamericanos de Santiago que comenzar\u00e1n este viernes y se extender\u00e1n hasta el domingo 26 de noviembre.<\/p>\n<p>El capit\u00e1n de \u201cLos Murci\u00e9lagos\u201d compartir\u00e1 el honor junto con la atleta Antonella Ru\u00edz D\u00edaz, medalla de Bronce en Tokio 2021.<\/p>\n<p>Cabe destacar que Deldo registra en su haber el t\u00edtulo de campe\u00f3n de Am\u00e9rica, dos veces medallista Paral\u00edmpico, tres preseas en Parapanamericanos, Gran Prix, y recientemente campe\u00f3n mundial en Birmingham, Inglaterra, con \u201cLos Murci\u00e9lagos\u201d, que ya registra tres cetros con los obtenidos en R\u00edo de Janeiro en 2002 y Buenos Aires en 2006.<\/p>\n<p>Tambi\u00e9n el cuarto lugar en los Juegos Paral\u00edmpicos de Londres 2012, donde adem\u00e1s le otorgaron un diploma; el subcampeonato en el Mundial de F\u00fatbol para ciegos de Tokio 2014; una medalla de Oro en los Juegos Mundiales IBSA para Ciegos de Corea del Sur en 2015, son otros de sus logros. Adem\u00e1s, el deportista de Desocha obtuvo numerosos reconocimientos por parte del C\u00edrculo de Periodistas Deportivos del Chaco, mejor deportista en 2017 y 2021; y en 2024 cumplir\u00e1 el gran sue\u00f1o de competir en los Juegos Paral\u00edmpicos de Par\u00eds.<\/p>\n","protected":false},"excerpt":{"rendered":"<p>El chaque\u00f1o \u00c1ngel Deldo, consagrado representante de la Fundaci\u00f3n Deportiva Social Chaco (Desocha) quien fue elegido por Comit\u00e9 Paral\u00edmpico Argentino para llevar la bandera en la ceremonia inaugural en Chile para los Juegos Parapanamericanos de Santiago que comenzar\u00e1n este viernes y se extender\u00e1n hasta el domingo 26 de noviembre. El capit\u00e1n de \u201cLos Murci\u00e9lagos\u201d compartir\u00e1 &hellip;<\/p>\n","protected":false},"author":3,"featured_media":2911,"comment_status":"open","ping_status":"open","sticky":false,"template":"","format":"standard","meta":{"footnotes":""},"categories":[6],"tags":[],"class_list":["post-2910","post","type-post","status-publish","format-standard","has-post-thumbnail","hentry","category-internacionales"],"_links":{"self":[{"href":"https:\/\/www.sportchaco.com.ar\/index.php?rest_route=\/wp\/v2\/posts\/2910","targetHints":{"allow":["GET"]}}],"collection":[{"href":"https:\/\/www.sportchaco.com.ar\/index.php?rest_route=\/wp\/v2\/posts"}],"about":[{"href":"https:\/\/www.sportchaco.com.ar\/index.php?rest_route=\/wp\/v2\/types\/post"}],"author":[{"embeddable":true,"href":"https:\/\/www.sportchaco.com.ar\/index.php?rest_route=\/wp\/v2\/users\/3"}],"replies":[{"embeddable":true,"href":"https:\/\/www.sportchaco.com.ar\/index.php?rest_route=%2Fwp%2Fv2%2Fcomments&post=2910"}],"version-history":[{"count":1,"href":"https:\/\/www.sportchaco.com.ar\/index.php?rest_route=\/wp\/v2\/posts\/2910\/revisions"}],"predecessor-version":[{"id":2912,"href":"https:\/\/www.sportchaco.com.ar\/index.php?rest_route=\/wp\/v2\/posts\/2910\/revisions\/2912"}],"wp:featuredmedia":[{"embeddable":true,"href":"https:\/\/www.sportchaco.com.ar\/index.php?rest_route=\/wp\/v2\/media\/2911"}],"wp:attachment":[{"href":"https:\/\/www.sportchaco.com.ar\/index.php?rest_route=%2Fwp%2Fv2%2Fmedia&parent=2910"}],"wp:term":[{"taxonomy":"category","embeddable":true,"href":"https:\/\/www.sportchaco.com.ar\/index.php?rest_route=%2Fwp%2Fv2%2Fcategories&post=2910"},{"taxonomy":"post_tag","embeddable":true,"href":"https:\/\/www.sportchaco.com.ar\/index.php?rest_route=%2Fwp%2Fv2%2Ftags&post=2910"}],"curies":[{"name":"wp","href":"https:\/\/api.w.org\/{rel}","templated":true}]}}