{"id":29132,"date":"2025-11-24T18:30:24","date_gmt":"2025-11-24T21:30:24","guid":{"rendered":"https:\/\/www.sportchaco.com.ar\/?p=29132"},"modified":"2025-11-24T18:30:24","modified_gmt":"2025-11-24T21:30:24","slug":"pep-guardiola-apunto-contra-el-representante-del-diablito-echeverri","status":"publish","type":"post","link":"https:\/\/www.sportchaco.com.ar\/?p=29132","title":{"rendered":"Pep Guardiola apunt\u00f3 contra el representante del Diablito Echeverri"},"content":{"rendered":"<h1 class=\"rpxs\"><\/h1>\n<div class=\"rr\">\n<div class=\"rcx12 rcm8\">\n<div class=\"i-amphtml-slides-container i-amphtml-slidescroll-no-snap\" tabindex=\"-1\" aria-live=\"polite\">\n<div class=\"i-amphtml-slide-item i-amphtml-slide-item-show\">\n<div class=\"slide amp-carousel-slide\" aria-hidden=\"false\"><strong>Foto portada de Pep Gaurdiola con el Diablito Echeverri<\/strong><\/div>\n<\/div>\n<\/div>\n<div class=\"amp-carousel-button amp-carousel-button-prev amp-disabled\" tabindex=\"-1\" title=\"Previous item in carousel (1 of 1)\" role=\"button\" aria-disabled=\"true\"><\/div>\n<div class=\"amp-carousel-button amp-carousel-button-next amp-disabled\" tabindex=\"-1\" title=\"Next item in carousel (1 of 1)\" role=\"button\" aria-disabled=\"true\"><\/div>\n<div class=\"rr vltl rtxc\">\n<div class=\"rcx12 rcm12\"><\/div>\n<\/div>\n<div class=\"txt\">\n<h5 class=\"ampp\"><strong data-end=\"147\" data-start=\"128\">Josep Guardiola<\/strong>, entrenador del\u00a0<strong data-end=\"183\" data-start=\"164\">Manchester City<\/strong>, lanz\u00f3 una dura cr\u00edtica contra\u00a0<strong data-end=\"234\" data-start=\"215\">Enzo Montepaone<\/strong>, representante del argentino\u00a0<strong data-end=\"285\" data-start=\"264\">Claudio Echeverri<\/strong>, al ser consultado por el presente del juvenil durante su pr\u00e9stamo en el\u00a0<strong data-end=\"379\" data-start=\"359\">Bayer Leverkusen<\/strong>. Para el espa\u00f1ol, el agente es quien \u201cmejor sabe\u201d por qu\u00e9 el delantero no suma minutos.<\/h5>\n<p>\u00bf<\/p>\n<p class=\"ampp\">Echeverri, de\u00a0<strong data-end=\"546\" data-start=\"535\">19 a\u00f1os<\/strong>, lleg\u00f3 al Manchester City en enero tras finalizar su v\u00ednculo con\u00a0<strong data-end=\"621\" data-start=\"612\">River<\/strong>, club en el que jug\u00f3 apenas un pu\u00f1ado de partidos en Primera. Sin embargo, su adaptaci\u00f3n al f\u00fatbol ingl\u00e9s no fue la esperada: apenas disput\u00f3\u00a0<strong data-end=\"797\" data-start=\"763\">tres encuentros en el semestre<\/strong>, uno de ellos en el Mundial de Clubes ante Al-Ain, donde convirti\u00f3 un gol en 45 minutos antes de salir lesionado.<\/p>\n<div class=\"publi\"><\/div>\n<p class=\"ampp\">La falta de continuidad motiv\u00f3 su cesi\u00f3n al\u00a0<strong data-end=\"977\" data-start=\"957\">Bayer Leverkusen<\/strong>, pero su presente en Alemania tampoco mejor\u00f3. All\u00ed acumul\u00f3 solo\u00a0<strong data-end=\"1071\" data-start=\"1042\">8 partidos de 16 posibles<\/strong>, lo que encendi\u00f3 las alarmas en Manchester y abri\u00f3 la posibilidad de que los\u00a0<strong data-end=\"1161\" data-start=\"1149\">Citizens<\/strong>\u00a0eval\u00faen\u00a0<strong data-end=\"1184\" data-start=\"1170\">repescarlo<\/strong>\u00a0a mitad de pr\u00e9stamo.<\/p>\n<h3 data-end=\"1236\" data-start=\"1207\"><strong data-end=\"1236\" data-start=\"1211\">El dardo de Guardiola<\/strong><\/h3>\n<p class=\"ampp\">Consultado por la situaci\u00f3n del Chaque\u00f1o, Guardiola afirm\u00f3:<br data-start=\"1297\" data-end=\"1300\" \/><strong data-end=\"1484\" data-start=\"1300\">\u201cTenemos un aprecio incre\u00edble por \u00e9l como futbolista. Lo que pas\u00f3 en Leverkusen hay que pregunt\u00e1rselo\u2026 no habl\u00e9 con \u00e9l. Estoy seguro de que su agente lo sabe todo mejor que nadie\u201d.<\/strong><\/p>\n<p class=\"ampp\">El mensaje fue interpretado como un claro reproche a Montepaone, quien ya hab\u00eda presionado para sacar al jugador de River y luego para forzar su cesi\u00f3n en Inglaterra.<\/p>\n<p class=\"ampp\">Ante la pregunta sobre un eventual regreso del juvenil, Guardiola fue ir\u00f3nico:<br data-start=\"1732\" data-end=\"1735\" \/><strong data-end=\"1812\" data-start=\"1735\">\u201c\u00bfSi lo vamos a traer de vuelta? Es una pregunta para su hermoso agente\u201d.<\/strong><\/p>\n<h3 data-end=\"1843\" data-start=\"1814\"><strong data-end=\"1843\" data-start=\"1818\">Un futuro por definir<\/strong><\/h3>\n<p class=\"ampp\">Mientras el Manchester City analiza sus pr\u00f3ximos pasos y el jugador sigue sin continuidad, el caso Echeverri vuelve a exponer las tensiones entre clubes, representantes y futbolistas j\u00f3venes que buscan consolidarse en el f\u00fatbol europeo.<\/p>\n<\/div>\n<\/div>\n<\/div>\n","protected":false},"excerpt":{"rendered":"<p>Foto portada de Pep Gaurdiola con el Diablito Echeverri Josep Guardiola, entrenador del\u00a0Manchester City, lanz\u00f3 una dura cr\u00edtica contra\u00a0Enzo Montepaone, representante del argentino\u00a0Claudio Echeverri, al ser consultado por el presente del juvenil durante su pr\u00e9stamo en el\u00a0Bayer Leverkusen. Para el espa\u00f1ol, el agente es quien \u201cmejor sabe\u201d por qu\u00e9 el delantero no suma minutos. \u00bf &hellip;<\/p>\n","protected":false},"author":2,"featured_media":29133,"comment_status":"open","ping_status":"open","sticky":false,"template":"","format":"standard","meta":{"footnotes":""},"categories":[6],"tags":[],"class_list":["post-29132","post","type-post","status-publish","format-standard","has-post-thumbnail","hentry","category-internacionales"],"_links":{"self":[{"href":"https:\/\/www.sportchaco.com.ar\/index.php?rest_route=\/wp\/v2\/posts\/29132","targetHints":{"allow":["GET"]}}],"collection":[{"href":"https:\/\/www.sportchaco.com.ar\/index.php?rest_route=\/wp\/v2\/posts"}],"about":[{"href":"https:\/\/www.sportchaco.com.ar\/index.php?rest_route=\/wp\/v2\/types\/post"}],"author":[{"embeddable":true,"href":"https:\/\/www.sportchaco.com.ar\/index.php?rest_route=\/wp\/v2\/users\/2"}],"replies":[{"embeddable":true,"href":"https:\/\/www.sportchaco.com.ar\/index.php?rest_route=%2Fwp%2Fv2%2Fcomments&post=29132"}],"version-history":[{"count":1,"href":"https:\/\/www.sportchaco.com.ar\/index.php?rest_route=\/wp\/v2\/posts\/29132\/revisions"}],"predecessor-version":[{"id":29134,"href":"https:\/\/www.sportchaco.com.ar\/index.php?rest_route=\/wp\/v2\/posts\/29132\/revisions\/29134"}],"wp:featuredmedia":[{"embeddable":true,"href":"https:\/\/www.sportchaco.com.ar\/index.php?rest_route=\/wp\/v2\/media\/29133"}],"wp:attachment":[{"href":"https:\/\/www.sportchaco.com.ar\/index.php?rest_route=%2Fwp%2Fv2%2Fmedia&parent=29132"}],"wp:term":[{"taxonomy":"category","embeddable":true,"href":"https:\/\/www.sportchaco.com.ar\/index.php?rest_route=%2Fwp%2Fv2%2Fcategories&post=29132"},{"taxonomy":"post_tag","embeddable":true,"href":"https:\/\/www.sportchaco.com.ar\/index.php?rest_route=%2Fwp%2Fv2%2Ftags&post=29132"}],"curies":[{"name":"wp","href":"https:\/\/api.w.org\/{rel}","templated":true}]}}