{"id":29135,"date":"2025-11-24T18:33:57","date_gmt":"2025-11-24T21:33:57","guid":{"rendered":"https:\/\/www.sportchaco.com.ar\/?p=29135"},"modified":"2025-11-24T18:33:57","modified_gmt":"2025-11-24T21:33:57","slug":"el-tribunal-de-disciplina-de-la-afa-abrio-un-expediente-contra-estudiantes-por-el-desplante-a-rosario-central","status":"publish","type":"post","link":"https:\/\/www.sportchaco.com.ar\/?p=29135","title":{"rendered":"El Tribunal de Disciplina de la AFA abri\u00f3 un expediente contra Estudiantes por el desplante a Rosario Central"},"content":{"rendered":"<h1 class=\"rpxs\"><\/h1>\n<div class=\"rr\">\n<div class=\"rcx12 rcm8\">\n<p class=\"smr\">24-11-2025<\/p>\n<div class=\"txt\"><\/div>\n<div class=\"i-amphtml-slides-container i-amphtml-slidescroll-no-snap\" tabindex=\"-1\" aria-live=\"polite\">\n<div class=\"i-amphtml-slide-item i-amphtml-slide-item-show\">\n<div class=\"slide amp-carousel-slide\" aria-hidden=\"false\"><strong>Foto portada: Los jugadores de Estudiantes hicieron el pasillo paraRosario Central y luego le dieron la espalda<\/strong><\/div>\n<\/div>\n<\/div>\n<div class=\"amp-carousel-button amp-carousel-button-prev amp-disabled\" tabindex=\"-1\" title=\"Previous item in carousel (1 of 1)\" role=\"button\" aria-disabled=\"true\"><\/div>\n<div class=\"amp-carousel-button amp-carousel-button-next amp-disabled\" tabindex=\"-1\" title=\"Next item in carousel (1 of 1)\" role=\"button\" aria-disabled=\"true\"><\/div>\n<div class=\"rr vltl rtxc\">\n<div class=\"rcx12 rcm12\"><\/div>\n<\/div>\n<div class=\"txt\">\n<p class=\"ampp\">El\u00a0<strong data-end=\"145\" data-start=\"109\">Tribunal de Disciplina de la AFA<\/strong>\u00a0abri\u00f3 un expediente formal contra\u00a0<strong data-end=\"207\" data-start=\"180\">Estudiantes de La Plata<\/strong>\u00a0luego de que sus jugadores realizaran un\u00a0<strong data-end=\"272\" data-start=\"249\">pasillo de espaldas<\/strong>\u00a0al plantel de\u00a0<strong data-end=\"306\" data-start=\"287\">Rosario Central<\/strong>, en protesta por el reciente t\u00edtulo otorgado al conjunto rosarino.\u00a0 El club de La Plata tiene 48 horas para justificar el accionar del equipo en la previa del partido.<\/p>\n<p class=\"ampp\">El gesto, ocurrido este domingo, gener\u00f3 un fuerte revuelo institucional y marc\u00f3 un antecedente in\u00e9dito en el f\u00fatbol argentino.<\/p>\n<div class=\"publi\"><\/div>\n<p class=\"ampp\">Seg\u00fan el documento publicado en el Bolet\u00edn Oficial, la\u00a0<strong>AFA<\/strong>\u00a0otorg\u00f3 al club platense un plazo de\u00a0<strong data-end=\"663\" data-start=\"651\">48 horas<\/strong>\u00a0para presentar un descargo que justifique la actitud del plantel. El Tribunal tambi\u00e9n cit\u00f3\u00a0<strong data-end=\"770\" data-start=\"755\">uno por uno<\/strong>\u00a0a todos los jugadores involucrados para que aclaren si\u00a0<strong data-end=\"854\" data-start=\"826\">recibieron instrucciones<\/strong>\u00a0para llevar adelante la protesta.<\/p>\n<p class=\"ampp\">El caso genera especial inter\u00e9s porque no existe un antecedente similar en el pa\u00eds, y porque se da en medio de un\u00a0<strong data-end=\"1039\" data-start=\"1004\">notorio enfrentamiento pol\u00edtico<\/strong>\u00a0entre la conducci\u00f3n de AFA y\u00a0<strong data-end=\"1093\" data-start=\"1069\">Juan Sebasti\u00e1n Ver\u00f3n<\/strong>, presidente de Estudiantes. En ese contexto, no se descarta un eventual castigo, como ya ocurri\u00f3 a\u00f1os atr\u00e1s con\u00a0<strong data-end=\"1222\" data-start=\"1206\">Andr\u00e9s Fassi<\/strong>, dirigente de Talleres.<\/p>\n<h3 data-end=\"1286\" data-start=\"1248\"><strong data-end=\"1286\" data-start=\"1252\">Qu\u00e9 dice el comunicado oficial<\/strong><\/h3>\n<p class=\"ampp\">En el escrito, el Tribunal record\u00f3 que las actuaciones se iniciaron\u00a0<strong data-end=\"1369\" data-start=\"1356\">de oficio<\/strong>\u00a0por incumplir el \u201cprotocolo de homenaje\u201d establecido en resoluciones previas de la Asociaci\u00f3n. Entre los puntos m\u00e1s importantes, se destaca:<\/p>\n<ul data-end=\"2194\" data-start=\"1512\">\n<li data-end=\"1668\" data-start=\"1512\">Se concede vista al club, a su\u00a0<strong data-end=\"1567\" data-start=\"1545\">Comisi\u00f3n Directiva<\/strong>, al presidente y al capit\u00e1n\u00a0<strong data-end=\"1614\" data-start=\"1596\">Santiago N\u00fa\u00f1ez<\/strong>, para que tomen conocimiento y elaboren su defensa.<\/li>\n<li data-end=\"2044\" data-start=\"1669\">Se cita a los jugadores\u00a0<strong data-end=\"1914\" data-start=\"1695\">Muslera Micol, G\u00f3mez Rom\u00e1n Agust\u00edn, N\u00fa\u00f1ez Santiago Misael, Palacios Tiago Asael, Far\u00edas Facundo, Gonz\u00e1lez Pirez Leandro Mart\u00edn, Arzamendia Santiago, Cetre Angulo Edwin, Piovi Lucas, Medina Cristian, Amondarain Mikel<\/strong>, adem\u00e1s de\u00a0<strong data-end=\"1952\" data-start=\"1926\">Leandro Gonz\u00e1lez Pirez<\/strong>\u00a0y\u00a0<strong data-end=\"1971\" data-start=\"1955\">Lucas Alario<\/strong>, para que expliquen si recibieron indicaciones para realizar el gesto.<\/li>\n<li data-end=\"2194\" data-start=\"2045\">Se aclara que la falta de presentaci\u00f3n en tiempo y forma\u00a0<strong data-end=\"2118\" data-start=\"2104\">no frenar\u00e1<\/strong>\u00a0la resoluci\u00f3n del Tribunal, que actuar\u00e1 con las constancias ya disponibles.<\/li>\n<\/ul>\n<p class=\"ampp\">El gesto del plantel pincharrata, que busc\u00f3 mostrar su desacuerdo con el t\u00edtulo otorgado a Rosario Central d\u00edas atr\u00e1s, reaviv\u00f3 tensiones pol\u00edticas que ya estaban latentes.<br data-start=\"2409\" data-end=\"2412\" \/>Mientras el club avanza en su descargo, en\u00a0<strong>AFA\u00a0<\/strong>preparan un fallo que podr\u00eda sentar un precedente dentro de la disciplina deportiva local.<\/p>\n<p class=\"ampp\">El expediente est\u00e1 en marcha y la decisi\u00f3n final podr\u00eda conocerse en las pr\u00f3ximas horas, en un clima cada vez m\u00e1s tenso entre la instituci\u00f3n de calle Viamonte y la dirigencia de Estudiantes.<\/p>\n<p class=\"ampp\"><img decoding=\"async\" src=\"https:\/\/www.diariopanorama.com\/fotos\/notas\/2025\/11\/24\/tribunal-afa-535715-150336.jpg\" alt=\" \" width=\"100%\" \/><\/p>\n<\/div>\n<div class=\"nttag\"><strong>TEMAS<\/strong>\u00a0<a href=\"https:\/\/www.diariopanorama.com\/tags\/130\/afa\">AFA<\/a>\u00a0<a href=\"https:\/\/www.diariopanorama.com\/tags\/226\/club-estudiantes-plata\">Club Estudiantes de La Plata<\/a><\/div>\n<\/div>\n<\/div>\n","protected":false},"excerpt":{"rendered":"<p>24-11-2025 Foto portada: Los jugadores de Estudiantes hicieron el pasillo paraRosario Central y luego le dieron la espalda El\u00a0Tribunal de Disciplina de la AFA\u00a0abri\u00f3 un expediente formal contra\u00a0Estudiantes de La Plata\u00a0luego de que sus jugadores realizaran un\u00a0pasillo de espaldas\u00a0al plantel de\u00a0Rosario Central, en protesta por el reciente t\u00edtulo otorgado al conjunto rosarino.\u00a0 El club de &hellip;<\/p>\n","protected":false},"author":2,"featured_media":29136,"comment_status":"open","ping_status":"open","sticky":false,"template":"","format":"standard","meta":{"footnotes":""},"categories":[47],"tags":[],"class_list":["post-29135","post","type-post","status-publish","format-standard","has-post-thumbnail","hentry","category-nacionales"],"_links":{"self":[{"href":"https:\/\/www.sportchaco.com.ar\/index.php?rest_route=\/wp\/v2\/posts\/29135","targetHints":{"allow":["GET"]}}],"collection":[{"href":"https:\/\/www.sportchaco.com.ar\/index.php?rest_route=\/wp\/v2\/posts"}],"about":[{"href":"https:\/\/www.sportchaco.com.ar\/index.php?rest_route=\/wp\/v2\/types\/post"}],"author":[{"embeddable":true,"href":"https:\/\/www.sportchaco.com.ar\/index.php?rest_route=\/wp\/v2\/users\/2"}],"replies":[{"embeddable":true,"href":"https:\/\/www.sportchaco.com.ar\/index.php?rest_route=%2Fwp%2Fv2%2Fcomments&post=29135"}],"version-history":[{"count":1,"href":"https:\/\/www.sportchaco.com.ar\/index.php?rest_route=\/wp\/v2\/posts\/29135\/revisions"}],"predecessor-version":[{"id":29137,"href":"https:\/\/www.sportchaco.com.ar\/index.php?rest_route=\/wp\/v2\/posts\/29135\/revisions\/29137"}],"wp:featuredmedia":[{"embeddable":true,"href":"https:\/\/www.sportchaco.com.ar\/index.php?rest_route=\/wp\/v2\/media\/29136"}],"wp:attachment":[{"href":"https:\/\/www.sportchaco.com.ar\/index.php?rest_route=%2Fwp%2Fv2%2Fmedia&parent=29135"}],"wp:term":[{"taxonomy":"category","embeddable":true,"href":"https:\/\/www.sportchaco.com.ar\/index.php?rest_route=%2Fwp%2Fv2%2Fcategories&post=29135"},{"taxonomy":"post_tag","embeddable":true,"href":"https:\/\/www.sportchaco.com.ar\/index.php?rest_route=%2Fwp%2Fv2%2Ftags&post=29135"}],"curies":[{"name":"wp","href":"https:\/\/api.w.org\/{rel}","templated":true}]}}