{"id":29173,"date":"2025-11-25T22:52:15","date_gmt":"2025-11-26T01:52:15","guid":{"rendered":"https:\/\/www.sportchaco.com.ar\/?p=29173"},"modified":"2025-11-25T22:53:38","modified_gmt":"2025-11-26T01:53:38","slug":"efemerides-del-26-de-noviembre-3","status":"publish","type":"post","link":"https:\/\/www.sportchaco.com.ar\/?p=29173","title":{"rendered":"Efem\u00e9rides del 26 de noviembre"},"content":{"rendered":"<div class=\"container fullwidth-entry-title-wrapper\">\n<div class=\"container-wrapper fullwidth-entry-title\">\n<header class=\"entry-header-outer\">\n<div class=\"entry-header\">\n<h1><\/h1>\n<h6><strong><em>Foto portada de Ramiro Gandola en Supermotard<\/em><\/strong><\/h6>\n<h1 class=\"post-title entry-title\"><\/h1>\n<div class=\"single-post-meta post-meta clearfix\"><\/div>\n<\/div>\n<\/header>\n<\/div>\n<\/div>\n<div id=\"content\" class=\"site-content container\">\n<div id=\"main-content-row\" class=\"tie-row main-content-row\">\n<div class=\"main-content tie-col-md-8 tie-col-xs-12\" role=\"main\">\n<article id=\"the-post\" class=\"container-wrapper post-content tie-standard\">\n<div class=\"featured-area\">\n<div class=\"featured-area-inner\">\n<figure class=\"single-featured-image\"><\/figure>\n<\/div>\n<\/div>\n<div class=\"entry-content entry clearfix\">\n<div class=\"container fullwidth-entry-title-wrapper\">\n<div class=\"container-wrapper fullwidth-entry-title\">\n<header class=\"entry-header-outer\">\n<div class=\"entry-header\">\n<h1 class=\"post-title entry-title\"><\/h1>\n<\/div>\n<\/header>\n<\/div>\n<\/div>\n<div id=\"content\" class=\"site-content container\">\n<div id=\"main-content-row\" class=\"tie-row main-content-row\">\n<div class=\"main-content tie-col-md-8 tie-col-xs-12\" role=\"main\">\n<article id=\"the-post\" class=\"container-wrapper post-content tie-standard\">\n<div class=\"featured-area\">\n<div class=\"featured-area-inner\"><\/div>\n<\/div>\n<div class=\"entry-content entry clearfix\">\n<h5><b>Estas son las efem\u00e9rides de un 26 de noviembre, del libro \u00ab100 a\u00f1os de historia del deporte en el Chaco\u00bb, del periodista Luis Dar\u00edo Molodezky.<\/b><\/h5>\n<\/div>\n<p style=\"text-align: center;\"><img loading=\"lazy\" decoding=\"async\" class=\"alignnone size-medium wp-image-28945\" src=\"https:\/\/www.sportchaco.com.ar\/wp-content\/uploads\/2025\/11\/Luis-Dario-11-08-2025-3-COPIA-1-300x229.jpeg\" alt=\"\" width=\"300\" height=\"229\" srcset=\"https:\/\/www.sportchaco.com.ar\/wp-content\/uploads\/2025\/11\/Luis-Dario-11-08-2025-3-COPIA-1-300x229.jpeg 300w, https:\/\/www.sportchaco.com.ar\/wp-content\/uploads\/2025\/11\/Luis-Dario-11-08-2025-3-COPIA-1-768x586.jpeg 768w, https:\/\/www.sportchaco.com.ar\/wp-content\/uploads\/2025\/11\/Luis-Dario-11-08-2025-3-COPIA-1.jpeg 859w\" sizes=\"auto, (max-width: 300px) 100vw, 300px\" \/><\/p>\n<div class=\"entry-content entry clearfix\">\n<p>&nbsp;<\/p>\n<p><strong>2006 \/<\/strong>\u00a0El Pato Juan Manuel Silva se consagr\u00f3<br \/>\nsubcampe\u00f3n de TC 2000, tras resultar escolta de Mat\u00edas Rossi en la<br \/>\ncarrera de Paran\u00e1. Rossi sum\u00f3 186 puntos, uno m\u00e1s que el<br \/>\nchaque\u00f1o.<\/p>\n<p><strong>2006<\/strong>\u00a0<strong>\/<\/strong>\u00a0El chaque\u00f1o Ramiro Gandola se consagra<br \/>\nsubcampe\u00f3n argentino de la clase mayor del Supermotard, en la<br \/>\n\u00faltima fecha disputada en La Rioja.<\/p>\n<p><strong>2006 \/<\/strong>\u00a0Sebasti\u00e1n Zalazar en la Escuela Uno, Ricardo<br \/>\nRegojo en Escuela Dos y Luis Rom\u00e1n en la Cuatro Tiempos, se<br \/>\ncoronaron campeones de torneo organizado por la Asociaci\u00f3n<br \/>\nChaque\u00f1a de Motociclismo, que se disput\u00f3 en el circuito de Villa<br \/>\nBarber\u00e1n.<\/p>\n<p><strong>2006 \/<\/strong>\u00a0El clotildense Ariel Dufek se consagra campe\u00f3n<br \/>\ndel Zonal de Karting en categor\u00eda 125 cc. \u201cInternacional<br \/>\nYamaha\u201d, al disputarse la d\u00e9cima y \u00faltima fecha en el kart\u00f3dromo<br \/>\nde la APICH, organizado por la A.Cha.C.K.A. los villangelenses<br \/>\nBrian Monferrer Juncal y Germ\u00e1n Kleisinger celebraron el t\u00edtulo<br \/>\nconcluyendo en lo m\u00e1s alto del podio en 70 cc. \u201cZanella\u201d y 125 cc.<br \/>\n\u201cPromocional\u201d.<\/p>\n<p>&nbsp;<\/p>\n<\/div>\n<\/article>\n<\/div>\n<\/div>\n<\/div>\n<\/div>\n<\/article>\n<\/div>\n<\/div>\n<\/div>\n","protected":false},"excerpt":{"rendered":"<p>Foto portada de Ramiro Gandola en Supermotard Estas son las efem\u00e9rides de un 26 de noviembre, del libro \u00ab100 a\u00f1os de historia del deporte en el Chaco\u00bb, del periodista Luis Dar\u00edo Molodezky. &nbsp; 2006 \/\u00a0El Pato Juan Manuel Silva se consagr\u00f3 subcampe\u00f3n de TC 2000, tras resultar escolta de Mat\u00edas Rossi en la carrera de &hellip;<\/p>\n","protected":false},"author":2,"featured_media":29195,"comment_status":"open","ping_status":"open","sticky":false,"template":"","format":"standard","meta":{"footnotes":""},"categories":[45,41],"tags":[],"class_list":["post-29173","post","type-post","status-publish","format-standard","has-post-thumbnail","hentry","category-efemerides-dia-por-dia","category-noviembre"],"_links":{"self":[{"href":"https:\/\/www.sportchaco.com.ar\/index.php?rest_route=\/wp\/v2\/posts\/29173","targetHints":{"allow":["GET"]}}],"collection":[{"href":"https:\/\/www.sportchaco.com.ar\/index.php?rest_route=\/wp\/v2\/posts"}],"about":[{"href":"https:\/\/www.sportchaco.com.ar\/index.php?rest_route=\/wp\/v2\/types\/post"}],"author":[{"embeddable":true,"href":"https:\/\/www.sportchaco.com.ar\/index.php?rest_route=\/wp\/v2\/users\/2"}],"replies":[{"embeddable":true,"href":"https:\/\/www.sportchaco.com.ar\/index.php?rest_route=%2Fwp%2Fv2%2Fcomments&post=29173"}],"version-history":[{"count":2,"href":"https:\/\/www.sportchaco.com.ar\/index.php?rest_route=\/wp\/v2\/posts\/29173\/revisions"}],"predecessor-version":[{"id":29196,"href":"https:\/\/www.sportchaco.com.ar\/index.php?rest_route=\/wp\/v2\/posts\/29173\/revisions\/29196"}],"wp:featuredmedia":[{"embeddable":true,"href":"https:\/\/www.sportchaco.com.ar\/index.php?rest_route=\/wp\/v2\/media\/29195"}],"wp:attachment":[{"href":"https:\/\/www.sportchaco.com.ar\/index.php?rest_route=%2Fwp%2Fv2%2Fmedia&parent=29173"}],"wp:term":[{"taxonomy":"category","embeddable":true,"href":"https:\/\/www.sportchaco.com.ar\/index.php?rest_route=%2Fwp%2Fv2%2Fcategories&post=29173"},{"taxonomy":"post_tag","embeddable":true,"href":"https:\/\/www.sportchaco.com.ar\/index.php?rest_route=%2Fwp%2Fv2%2Ftags&post=29173"}],"curies":[{"name":"wp","href":"https:\/\/api.w.org\/{rel}","templated":true}]}}