{"id":29175,"date":"2025-11-25T19:58:28","date_gmt":"2025-11-25T22:58:28","guid":{"rendered":"https:\/\/www.sportchaco.com.ar\/?p=29175"},"modified":"2025-11-25T20:09:43","modified_gmt":"2025-11-25T23:09:43","slug":"karting-100-carreras-y-coronacion-en-la-termal","status":"publish","type":"post","link":"https:\/\/www.sportchaco.com.ar\/?p=29175","title":{"rendered":"Karting \u00ab100 carreras\u00bb y coronaci\u00f3n en La Termal"},"content":{"rendered":"<header class=\"entry-header clearfix\">\n<h6 class=\"entry-title\">Foto portada: Carlos Walter se qued\u00f3 con el triunfo en la final y el t\u00edtulo en Yamaha Internacional<\/h6>\n<\/header>\n<div class=\"entry-thumbnail\"><\/div>\n<div><\/div>\n<div class=\"entry-content clearfix\">\n<p>Presidencia Roque S\u00e1enz Pe\u00f1a vivi\u00f3 a pleno el cierre del Campeonato Provincial de Karting en Tierra, con la conmemoraci\u00f3n de las \u201c100 carreras\u201d y la coronaci\u00f3n de los campeones en las seis categor\u00edas, con incentivo adicional para los ganadores de cada final.<\/p>\n<p>El trazado tuvo un excelente comportamiento y el programa de actividades pudo cumplirse tal lo previsto, sin contratiempos. La definici\u00f3n dej\u00f3 algunas sorpresas, tanto con festejos como con con amarguras. Entre las frustraciones, la del peque\u00f1o piloto Aaron Nusbaum fue una de las mayores, luego de haberse consagrado campe\u00f3n en pista pero un recargo lo releg\u00f3 al subcampeonato.<\/p>\n<p><img loading=\"lazy\" decoding=\"async\" class=\"attachment-content-single size-content-single wp-post-image\" src=\"https:\/\/www.ecodeportivo.com.ar\/img\/2025\/11\/kart-campeon-V175-777x437.jpg\" sizes=\"auto, (max-width: 777px) 100vw, 777px\" srcset=\"https:\/\/www.ecodeportivo.com.ar\/img\/2025\/11\/kart-campeon-V175-777x437.jpg 777w, https:\/\/www.ecodeportivo.com.ar\/img\/2025\/11\/kart-campeon-V175-300x168.jpg 300w, https:\/\/www.ecodeportivo.com.ar\/img\/2025\/11\/kart-campeon-V175-1024x574.jpg 1024w, https:\/\/www.ecodeportivo.com.ar\/img\/2025\/11\/kart-campeon-V175-180x101.jpg 180w, https:\/\/www.ecodeportivo.com.ar\/img\/2025\/11\/kart-campeon-V175-260x146.jpg 260w, https:\/\/www.ecodeportivo.com.ar\/img\/2025\/11\/kart-campeon-V175-373x210.jpg 373w, https:\/\/www.ecodeportivo.com.ar\/img\/2025\/11\/kart-campeon-V175-120x67.jpg 120w\" alt=\"\" width=\"777\" height=\"437\" \/><span class=\"wp-caption-text\">Fausto Vicente fue el campe\u00f3n en categor\u00eda Varillero 175, y lo festej\u00f3 en el podio<\/span><\/p>\n<p>Esteban Rodr\u00edguez no dej\u00f3 dudas en categor\u00eda \u201cEscuela\u201d, con un dominio absoluto desde la primera a la \u00faltima fecha; y en \u201cVarillero 160\u201d el t\u00edtulo qued\u00f3 en poder de Gonzalo Herasimchuk. Adem\u00e1s se consagraron Fausto Vicente (Varillero 175), Luciano Carlissi (Varillero 190), Juan Monferrer (Kayak 195) y Carlos Walter (Yamaha Internacional).<\/p>\n<div id=\"attachment_52502\" class=\"wp-caption alignnone\">\n<p><a href=\"https:\/\/www.ecodeportivo.com.ar\/img\/2025\/11\/karting25-cierre.jpg\"><img loading=\"lazy\" decoding=\"async\" class=\"wp-image-52502 size-full\" src=\"https:\/\/www.ecodeportivo.com.ar\/img\/2025\/11\/karting25-cierre.jpg\" sizes=\"auto, (max-width: 1260px) 100vw, 1260px\" srcset=\"https:\/\/www.ecodeportivo.com.ar\/img\/2025\/11\/karting25-cierre.jpg 1260w, https:\/\/www.ecodeportivo.com.ar\/img\/2025\/11\/karting25-cierre-300x180.jpg 300w, https:\/\/www.ecodeportivo.com.ar\/img\/2025\/11\/karting25-cierre-1024x614.jpg 1024w, https:\/\/www.ecodeportivo.com.ar\/img\/2025\/11\/karting25-cierre-768x461.jpg 768w\" alt=\"\" width=\"1260\" height=\"756\" aria-describedby=\"caption-attachment-52502\" \/><\/a><\/p>\n<p id=\"caption-attachment-52502\" class=\"wp-caption-text\">El circuito tuvo un excelente comportamiento en toda la jornada (Foto Ya)<\/p>\n<\/div>\n<p>El \u201cGran Premio Roberto Codutti\u201d congreg\u00f3 a 73 m\u00e1quinas y tuvo premios adicionales de 300 mil pesos para los ganadores de las finales en cinco categor\u00edas, excepto Escuela, que le puso brillo a la agradable noche centrochaque\u00f1a, que se afianza como plaza deportiva.<\/p>\n<p>Desde la Comisi\u00f3n Directiva del CPKT agradecieron a los directivos locales por el trabajo realizado, y a la Municipalidad de S\u00e1enz Pe\u00f1a por el acompa\u00f1amiento incondicional, especialmente mediante el intendente Bruno Cipolini y el Secretario de Servicios P\u00fablicos, Pablo \u00c1lvarez; adem\u00e1s de los responsables y trabajadores de Vialidad Provincial.<\/p>\n<div id=\"attachment_52504\" class=\"wp-caption alignnone\">\n<p><a href=\"https:\/\/www.ecodeportivo.com.ar\/img\/2025\/11\/carlissi-campeon.jpg\"><img loading=\"lazy\" decoding=\"async\" class=\"wp-image-52504 size-full\" src=\"https:\/\/www.ecodeportivo.com.ar\/img\/2025\/11\/carlissi-campeon.jpg\" sizes=\"auto, (max-width: 1260px) 100vw, 1260px\" srcset=\"https:\/\/www.ecodeportivo.com.ar\/img\/2025\/11\/carlissi-campeon.jpg 1260w, https:\/\/www.ecodeportivo.com.ar\/img\/2025\/11\/carlissi-campeon-300x164.jpg 300w, https:\/\/www.ecodeportivo.com.ar\/img\/2025\/11\/carlissi-campeon-1024x559.jpg 1024w, https:\/\/www.ecodeportivo.com.ar\/img\/2025\/11\/carlissi-campeon-768x419.jpg 768w, https:\/\/www.ecodeportivo.com.ar\/img\/2025\/11\/carlissi-campeon-120x67.jpg 120w\" alt=\"\" width=\"1260\" height=\"688\" aria-describedby=\"caption-attachment-52504\" \/><\/a><\/p>\n<p id=\"caption-attachment-52504\" class=\"wp-caption-text\">El charatense Luciano Carlissi fue el campe\u00f3n en Varillero 190 y lo festej\u00f3 con amigos y familiares<\/p>\n<\/div>\n<p><strong>\u00a0 Clasificaci\u00f3n<\/strong><\/p>\n<ul>\n<li><strong>-Escuela (1\u00b0 final \u2013 10 vueltas):<\/strong><\/li>\n<li><strong>1\u00b0)<\/strong>\u00a0(5) Joaqu\u00edn Mir\u00f3n (S\u00e1enz Pe\u00f1a) 8:17.765<\/li>\n<li><strong>2\u00b0)<\/strong>\u00a0(12) Mart\u00edn Mac\u00edas (Quitilipi) a 0.159<\/li>\n<li><strong>3\u00b0)<\/strong>\u00a0(57) Esteban Rodr\u00edguez (Charata) a 0.428<\/li>\n<li><strong>4\u00b0)<\/strong>\u00a0(43) Salvador \u00c1lvarez (S\u00e1enz Pe\u00f1a) a 1.326<\/li>\n<li><strong>5\u00b0)<\/strong>\u00a0(11) Milo Herasimchuk (S\u00e1enz Pe\u00f1a) a 1.413<\/li>\n<li><strong>-Escuela (2\u00b0 final \u2013 10 vueltas):<\/strong><\/li>\n<li><strong>1\u00b0)<\/strong>\u00a0(11) Milo Herasimchuk (S\u00e1enz Pe\u00f1a) 8:24.355<\/li>\n<li><strong>2\u00b0)<\/strong>\u00a0(12) Mart\u00edn Mac\u00edas (Quitilipi) a 2.115<\/li>\n<li><strong>3\u00b0)<\/strong>\u00a0(5) Joaqu\u00edn Mir\u00f3n (S\u00e1enz Pe\u00f1a) a 3.161<\/li>\n<li><strong>4\u00b0)<\/strong>\u00a0(26) Patricio Storani (S\u00e1enz Pe\u00f1a) a 3.752<\/li>\n<li><strong>5\u00b0)<\/strong>\u00a0(43) Salvador \u00c1lvarez (S\u00e1enz Pe\u00f1a) a 3.753<\/li>\n<\/ul>\n<p><a href=\"https:\/\/www.ecodeportivo.com.ar\/img\/2025\/11\/escuela-kart-podio.jpg\"><img loading=\"lazy\" decoding=\"async\" class=\"wp-image-52498 size-full\" src=\"https:\/\/www.ecodeportivo.com.ar\/img\/2025\/11\/escuela-kart-podio.jpg\" sizes=\"auto, (max-width: 1260px) 100vw, 1260px\" srcset=\"https:\/\/www.ecodeportivo.com.ar\/img\/2025\/11\/escuela-kart-podio.jpg 1260w, https:\/\/www.ecodeportivo.com.ar\/img\/2025\/11\/escuela-kart-podio-300x180.jpg 300w, https:\/\/www.ecodeportivo.com.ar\/img\/2025\/11\/escuela-kart-podio-1024x614.jpg 1024w, https:\/\/www.ecodeportivo.com.ar\/img\/2025\/11\/escuela-kart-podio-768x461.jpg 768w\" alt=\"\" width=\"1260\" height=\"756\" aria-describedby=\"caption-attachment-52498\" \/><\/a><\/p>\n<p id=\"caption-attachment-52498\" class=\"wp-caption-text\">Los peque\u00f1os pilotos de \u201cEscuela\u201d dan rienda suelta al festejo<\/p>\n<p>&nbsp;<\/p>\n<p><strong>-Varilleros 175 kg. (13 vueltas):<\/strong><\/p>\n<ul>\n<li><strong>1\u00b0)<\/strong>\u00a0(411) Fausto Vicente (S\u00e1enz Pe\u00f1a) 10:19.612<\/li>\n<li><strong>2\u00b0)<\/strong>\u00a0(421) Tiago N\u00fa\u00f1ez Verza (S\u00e1enz Pe\u00f1a) a 6.566<\/li>\n<li><strong>3\u00b0)<\/strong>\u00a0(436) Genaro Vicente (S\u00e1enz Pe\u00f1a) a 14.616<\/li>\n<li><strong>4\u00b0)<\/strong>\u00a0(442) Gabriel Medina (Machagai) a 14.617<\/li>\n<li><strong>5\u00b0)<\/strong>\u00a0(440) Federico Palavecino (S\u00e1enz Pe\u00f1a) a 16.664<\/li>\n<li><strong>-Varilleros 160 kg. (12 vueltas):<\/strong><\/li>\n<\/ul>\n<div id=\"attachment_52500\" class=\"wp-caption alignnone\">\n<p><a href=\"https:\/\/www.ecodeportivo.com.ar\/img\/2025\/11\/teo-ivan-podio-V160.jpg\"><img loading=\"lazy\" decoding=\"async\" class=\"wp-image-52500 size-full\" src=\"https:\/\/www.ecodeportivo.com.ar\/img\/2025\/11\/teo-ivan-podio-V160.jpg\" sizes=\"auto, (max-width: 1260px) 100vw, 1260px\" srcset=\"https:\/\/www.ecodeportivo.com.ar\/img\/2025\/11\/teo-ivan-podio-V160.jpg 1260w, https:\/\/www.ecodeportivo.com.ar\/img\/2025\/11\/teo-ivan-podio-V160-300x180.jpg 300w, https:\/\/www.ecodeportivo.com.ar\/img\/2025\/11\/teo-ivan-podio-V160-1024x614.jpg 1024w, https:\/\/www.ecodeportivo.com.ar\/img\/2025\/11\/teo-ivan-podio-V160-768x461.jpg 768w\" alt=\"\" width=\"1260\" height=\"756\" aria-describedby=\"caption-attachment-52500\" \/><\/a><\/p>\n<p id=\"caption-attachment-52500\" class=\"wp-caption-text\">Teo Iv\u00e1n gan\u00f3 la final en Varillero 160, y Gonzalo Herasimchuk festej\u00f3 el campeonato<\/p>\n<\/div>\n<ul>\n<li><strong>1\u00b0)<\/strong>\u00a0(395) Teo Iv\u00e1n (La Clotilde) 9:40.063<\/li>\n<li><strong>2\u00b0)<\/strong>\u00a0(328) Gonzalo Herasimchuk (S\u00e1enz Pe\u00f1a) a 1.418<\/li>\n<li><strong>3\u00b0)<\/strong>\u00a0(330) Tom\u00e1s Mac\u00edas (Quitilipi) a 7.255<\/li>\n<li><strong>4\u00b0)<\/strong>\u00a0(321) Emiliano Belich (El Palmas) a 8.086<\/li>\n<li><strong>5\u00b0)<\/strong>\u00a0(387) Joaqu\u00edn Linque (Du Graty) a 9.499<\/li>\n<li><strong>-Varilleros 190 kg. (12 vueltas):<\/strong><\/li>\n<li><strong>1\u00b0)<\/strong>\u00a0(523) Andr\u00e9s Quiroga (Resistencia) 9:40.086<\/li>\n<li><strong>2\u00b0)<\/strong>\u00a0(518) Luciano Carlisi (Charata) a 0.157<\/li>\n<li><strong>3\u00b0)<\/strong>\u00a0(512) Francisco Zago (Villa \u00c1ngela) a 9.034<\/li>\n<li><strong>4\u00b0)<\/strong>\u00a0(549) Yamil Beliz\u00e1n (Gral. Pinedo) a 9.711<\/li>\n<li><strong>5\u00b0)<\/strong>\u00a0(504) Jos\u00e9 Iturrospe (S\u00e1enz Pe\u00f1a) a 9.935<\/li>\n<li><strong>-Kayak 195 kg. (14 vueltas):<\/strong><\/li>\n<li id=\"attachment_52499\" class=\"wp-caption alignnone\"><a href=\"https:\/\/www.ecodeportivo.com.ar\/img\/2025\/11\/vazquez-kart-kayak.jpg\"><img loading=\"lazy\" decoding=\"async\" class=\"wp-image-52499 size-full\" src=\"https:\/\/www.ecodeportivo.com.ar\/img\/2025\/11\/vazquez-kart-kayak.jpg\" sizes=\"auto, (max-width: 1260px) 100vw, 1260px\" srcset=\"https:\/\/www.ecodeportivo.com.ar\/img\/2025\/11\/vazquez-kart-kayak.jpg 1260w, https:\/\/www.ecodeportivo.com.ar\/img\/2025\/11\/vazquez-kart-kayak-300x180.jpg 300w, https:\/\/www.ecodeportivo.com.ar\/img\/2025\/11\/vazquez-kart-kayak-1024x614.jpg 1024w, https:\/\/www.ecodeportivo.com.ar\/img\/2025\/11\/vazquez-kart-kayak-768x461.jpg 768w\" alt=\"\" width=\"1260\" height=\"756\" aria-describedby=\"caption-attachment-52499\" \/><\/a>\n<p id=\"caption-attachment-52499\" class=\"wp-caption-text\">En Kayak la victoria fue para Enrique V\u00e1zquez, y el t\u00edtulo para Juan Monferrer<\/p>\n<\/li>\n<li><strong>1\u00b0)<\/strong>\u00a0(801) Enrique V\u00e1zquez (Charata) 11:19.441<\/li>\n<li><strong>2\u00b0)<\/strong>\u00a0(843) Juan Monferrer (Villa \u00c1ngela) a 7.074<\/li>\n<li><strong>3\u00b0)<\/strong>\u00a0(844) Sebasti\u00e1n Mir\u00f3n (S\u00e1enz Pe\u00f1a) a 7.527<\/li>\n<li><strong>4\u00b0)<\/strong>\u00a0(833) Franco Soria (Villa \u00c1ngela) a 8.224<\/li>\n<li><strong>5\u00b0)<\/strong>\u00a0(817) Pablo Maurino (Charata) a 11.371<\/li>\n<li><strong>-Yamaha (14 vueltas):<\/strong><\/li>\n<li><strong>1\u00b0)<\/strong>\u00a0(19) Carlos Walter (Cnel. Du Graty) 10:45.065<\/li>\n<li><strong>2\u00b0)<\/strong>\u00a0(3) Marcos Mieronchuk (Cnel. Du Graty) a 0.722<\/li>\n<li><strong>3\u00b0)<\/strong>\u00a0(23) Mat\u00edas Martin (Machagai) a 11.021<\/li>\n<li><strong>4\u00b0)<\/strong>\u00a0(10) Gonzalo Linke (Cnel. Du Graty) a 21.791<\/li>\n<li><strong>5\u00b0)<\/strong>\u00a0(13) Sacha Verbik (S\u00e1enz Pe\u00f1a) a 2 vueltas<\/li>\n<li><strong>Fuente Eco Deportivo<\/strong><\/li>\n<\/ul>\n<h1 data-start=\"83\" data-end=\"127\"><strong data-start=\"85\" data-end=\"127\">Los campeones del Provincial en Tierra<\/strong><\/h1>\n<p data-start=\"129\" data-end=\"261\"><strong data-start=\"129\" data-end=\"142\">\u2013 Escuela<\/strong><br data-start=\"142\" data-end=\"145\" \/>Campe\u00f3n: <strong data-start=\"154\" data-end=\"175\">Esteban Rodr\u00edguez<\/strong> (Charata) \u2013 419,5 puntos<br data-start=\"200\" data-end=\"203\" \/>Subcampe\u00f3n: <strong data-start=\"215\" data-end=\"235\">Milo Herasimchuk<\/strong> (S\u00e1enz Pe\u00f1a) \u2013 355 puntos<\/p>\n<p data-start=\"263\" data-end=\"406\"><strong data-start=\"263\" data-end=\"282\">\u2013 Varillero 160<\/strong><br data-start=\"282\" data-end=\"285\" \/>Campe\u00f3n: <strong data-start=\"294\" data-end=\"317\">Gonzalo Herasimchuk<\/strong> (S\u00e1enz Pe\u00f1a) \u2013 268,5 puntos<br data-start=\"345\" data-end=\"348\" \/>Subcampe\u00f3n: <strong data-start=\"360\" data-end=\"378\">Aaron Nussbaum<\/strong> (San Bernardo) \u2013 263 puntos<\/p>\n<p data-start=\"408\" data-end=\"548\"><strong data-start=\"408\" data-end=\"427\">\u2013 Varillero 175<\/strong><br data-start=\"427\" data-end=\"430\" \/>Campe\u00f3n: <strong data-start=\"439\" data-end=\"457\">Fausto Vicente<\/strong> (S\u00e1enz Pe\u00f1a) \u2013 216,5 puntos<br data-start=\"485\" data-end=\"488\" \/>Subcampe\u00f3n: <strong data-start=\"500\" data-end=\"522\">Thiago N\u00fa\u00f1ez Verza<\/strong> (S\u00e1enz Pe\u00f1a) \u2013 196 puntos<\/p>\n<p data-start=\"550\" data-end=\"686\"><strong data-start=\"550\" data-end=\"569\">\u2013 Varillero 190<\/strong><br data-start=\"569\" data-end=\"572\" \/>Campe\u00f3n: <strong data-start=\"581\" data-end=\"601\">Luciano Carlissi<\/strong> (Charata) \u2013 240 puntos<br data-start=\"624\" data-end=\"627\" \/>Subcampe\u00f3n: <strong data-start=\"639\" data-end=\"656\">Yamil Beliz\u00e1n<\/strong> (Gral. Pinedo) \u2013 221,5 puntos<\/p>\n<p data-start=\"688\" data-end=\"823\"><strong data-start=\"688\" data-end=\"703\">\u2013 Kakay 195<\/strong><br data-start=\"703\" data-end=\"706\" \/>Campe\u00f3n: <strong data-start=\"715\" data-end=\"733\">Juan Monferrer<\/strong> (Villa \u00c1ngela) \u2013 282,5 puntos<br data-start=\"763\" data-end=\"766\" \/>Subcampe\u00f3n: <strong data-start=\"778\" data-end=\"795\">Nicol\u00e1s Parij<\/strong> (S\u00e1enz Pe\u00f1a) \u2013 191,5 puntos<\/p>\n<p data-start=\"825\" data-end=\"960\"><strong data-start=\"825\" data-end=\"851\">\u2013 Yamaha internacional<\/strong><br data-start=\"851\" data-end=\"854\" \/>Campe\u00f3n: <strong data-start=\"863\" data-end=\"880\">Carlos Walter<\/strong> (Du Graty) \u2013 290 puntos<br data-start=\"904\" data-end=\"907\" \/>Subcampe\u00f3n: <strong data-start=\"919\" data-end=\"936\">Mat\u00edas Mart\u00edn<\/strong> (Machagai) \u2013 236 puntos<\/p>\n<\/div>\n","protected":false},"excerpt":{"rendered":"<p>Foto portada: Carlos Walter se qued\u00f3 con el triunfo en la final y el t\u00edtulo en Yamaha Internacional Presidencia Roque S\u00e1enz Pe\u00f1a vivi\u00f3 a pleno el cierre del Campeonato Provincial de Karting en Tierra, con la conmemoraci\u00f3n de las \u201c100 carreras\u201d y la coronaci\u00f3n de los campeones en las seis categor\u00edas, con incentivo adicional para &hellip;<\/p>\n","protected":false},"author":2,"featured_media":29176,"comment_status":"open","ping_status":"open","sticky":false,"template":"","format":"standard","meta":{"footnotes":""},"categories":[60],"tags":[],"class_list":["post-29175","post","type-post","status-publish","format-standard","has-post-thumbnail","hentry","category-karting"],"_links":{"self":[{"href":"https:\/\/www.sportchaco.com.ar\/index.php?rest_route=\/wp\/v2\/posts\/29175","targetHints":{"allow":["GET"]}}],"collection":[{"href":"https:\/\/www.sportchaco.com.ar\/index.php?rest_route=\/wp\/v2\/posts"}],"about":[{"href":"https:\/\/www.sportchaco.com.ar\/index.php?rest_route=\/wp\/v2\/types\/post"}],"author":[{"embeddable":true,"href":"https:\/\/www.sportchaco.com.ar\/index.php?rest_route=\/wp\/v2\/users\/2"}],"replies":[{"embeddable":true,"href":"https:\/\/www.sportchaco.com.ar\/index.php?rest_route=%2Fwp%2Fv2%2Fcomments&post=29175"}],"version-history":[{"count":4,"href":"https:\/\/www.sportchaco.com.ar\/index.php?rest_route=\/wp\/v2\/posts\/29175\/revisions"}],"predecessor-version":[{"id":29180,"href":"https:\/\/www.sportchaco.com.ar\/index.php?rest_route=\/wp\/v2\/posts\/29175\/revisions\/29180"}],"wp:featuredmedia":[{"embeddable":true,"href":"https:\/\/www.sportchaco.com.ar\/index.php?rest_route=\/wp\/v2\/media\/29176"}],"wp:attachment":[{"href":"https:\/\/www.sportchaco.com.ar\/index.php?rest_route=%2Fwp%2Fv2%2Fmedia&parent=29175"}],"wp:term":[{"taxonomy":"category","embeddable":true,"href":"https:\/\/www.sportchaco.com.ar\/index.php?rest_route=%2Fwp%2Fv2%2Fcategories&post=29175"},{"taxonomy":"post_tag","embeddable":true,"href":"https:\/\/www.sportchaco.com.ar\/index.php?rest_route=%2Fwp%2Fv2%2Ftags&post=29175"}],"curies":[{"name":"wp","href":"https:\/\/api.w.org\/{rel}","templated":true}]}}