{"id":29206,"date":"2025-11-26T11:10:52","date_gmt":"2025-11-26T14:10:52","guid":{"rendered":"https:\/\/www.sportchaco.com.ar\/?p=29206"},"modified":"2025-11-26T11:11:47","modified_gmt":"2025-11-26T14:11:47","slug":"tomas-bolzicco-y-andres-lioi-nuvos-nombres-para-for-ever","status":"publish","type":"post","link":"https:\/\/www.sportchaco.com.ar\/?p=29206","title":{"rendered":"Tom\u00e1s Bolzicco y Andr\u00e9s Lioi, nuvos nombres para For Ever"},"content":{"rendered":"<header>\n<h1><span style=\"font-size: 16px; font-weight: 400;\">Foto portada del delantero Tom\u00e1s Bolzicco<\/span><\/h1>\n<h5>Chaco For Ever comenz\u00f3 a mover el mercado de pases de cara a la temporada 2026 de la Primera Nacional. Tras una campa\u00f1a destacada en el torneo anterior, la dirigencia inici\u00f3 el armado del plantel con la incorporaci\u00f3n de dos nuevas caras. El delantero Tom\u00e1s Bolzicco y el volante Andr\u00e9s Lioi los primeros<\/h5>\n<h1><\/h1>\n<\/header>\n<section class=\"body\">\n<section class=\"content\">\n<div class=\"main-text\">\n<div class=\" large m_image\">\n<figure><picture><source srcset=\"https:\/\/www.diarionorte.com\/content\/bucket\/1\/437411w790h666c.jpg.webp\" type=\"image\/webp\" media=\"(min-width: 640px)\" \/><source srcset=\"https:\/\/www.diarionorte.com\/content\/bucket\/1\/437411w440h371c.jpg.webp\" type=\"image\/webp\" media=\"(min-width: 300px)\" \/><source srcset=\"https:\/\/www.diarionorte.com\/content\/bucket\/1\/437411w790h666c.jpg\" media=\"(min-width: 300px)\" \/><img loading=\"lazy\" decoding=\"async\" class=\"pic\" src=\"https:\/\/www.diarionorte.com\/content\/bucket\/1\/437411w790h666c.jpg.webp\" alt=\"\" width=\"790\" height=\"666\" \/><\/picture><\/figure>\n<\/div>\n<p data-start=\"160\" data-end=\"471\">Chaco For Ever puso primera en el mercado de pases pensando en la temporada 2026 de la Primera Nacional. Luego de una campa\u00f1a destacada en el certamen anterior, la dirigencia del \u201cNegro\u201d comenz\u00f3 a delinear el nuevo plantel con la incorporaci\u00f3n de dos futbolistas que vienen a reforzar sectores clave del equipo.<\/p>\n<p data-start=\"473\" data-end=\"917\">El primero en sumarse es <strong data-start=\"498\" data-end=\"516\">Tom\u00e1s Bolzicco<\/strong>, centrodelantero con una interesante trayectoria. El atacante registra pasos por <span class=\"hover:entity-accent entity-underline inline cursor-pointer align-baseline\"><span class=\"whitespace-normal\">Uni\u00f3n de Santa Fe<\/span><\/span>, <span class=\"hover:entity-accent entity-underline inline cursor-pointer align-baseline\"><span class=\"whitespace-normal\">Estudiantes de Caseros<\/span><\/span> y <span class=\"hover:entity-accent entity-underline inline cursor-pointer align-baseline\"><span class=\"whitespace-normal\">Alvarado<\/span><\/span>, adem\u00e1s de una experiencia reciente en el f\u00fatbol italiano. Con potencia f\u00edsica y olfato de gol, Bolzicco llega para reforzar el ataque y aportar soluciones en el \u00e1rea al equipo conducido por el \u201cNegro\u201d.<\/p>\n<p data-start=\"919\" data-end=\"1381\">A su vez, la segunda incorporaci\u00f3n es <strong data-start=\"957\" data-end=\"972\">Andr\u00e9s Lioi<\/strong>, volante por derecha que arriba proveniente de <span class=\"hover:entity-accent entity-underline inline cursor-pointer align-baseline\"><span class=\"whitespace-normal\">Colegiales<\/span><\/span>. Lioi suma experiencia tras vestir las camisetas de <span class=\"hover:entity-accent entity-underline inline cursor-pointer align-baseline\"><span class=\"whitespace-normal\">Rosario Central<\/span><\/span>, <span class=\"hover:entity-accent entity-underline inline cursor-pointer align-baseline\"><span class=\"whitespace-normal\">Deportivo Maip\u00fa<\/span><\/span> y <span class=\"hover:entity-accent entity-underline inline cursor-pointer align-baseline\"><span class=\"whitespace-normal\">Deportivo Madryn<\/span><\/span>. Se trata de un jugador veloz, con desequilibrio y recorrido por la banda, caracter\u00edsticas que pueden aportarle una variante importante al juego ofensivo.<\/p>\n<p data-start=\"1383\" data-end=\"1613\">Con estas dos incorporaciones, For Ever empieza a tomar forma de cara al pr\u00f3ximo desaf\u00edo en la Primera Nacional, apostando a jerarquizar el plantel con futbolistas de recorrido y proyecci\u00f3n, en busca de seguir siendo protagonista.<\/p>\n<div class=\" large m_image\">\n<figure><picture><source srcset=\"https:\/\/www.diarionorte.com\/content\/bucket\/2\/437412w790h657c.jpg.webp\" type=\"image\/webp\" media=\"(min-width: 640px)\" \/><source srcset=\"https:\/\/www.diarionorte.com\/content\/bucket\/2\/437412w440h366c.jpg.webp\" type=\"image\/webp\" media=\"(min-width: 300px)\" \/><source srcset=\"https:\/\/www.diarionorte.com\/content\/bucket\/2\/437412w790h657c.jpg\" media=\"(min-width: 300px)\" \/><img loading=\"lazy\" decoding=\"async\" class=\"pic\" src=\"https:\/\/www.diarionorte.com\/content\/bucket\/2\/437412w790h657c.jpg.webp\" alt=\"\" width=\"790\" height=\"657\" \/><\/picture><\/figure>\n<\/div>\n<h1><strong><span style=\"font-size: 16px;\"> El volante Andr\u00e9s Lioi<\/span><\/strong><\/h1>\n<\/div>\n<\/section>\n<\/section>\n","protected":false},"excerpt":{"rendered":"<p>Foto portada del delantero Tom\u00e1s Bolzicco Chaco For Ever comenz\u00f3 a mover el mercado de pases de cara a la temporada 2026 de la Primera Nacional. Tras una campa\u00f1a destacada en el torneo anterior, la dirigencia inici\u00f3 el armado del plantel con la incorporaci\u00f3n de dos nuevas caras. El delantero Tom\u00e1s Bolzicco y el volante &hellip;<\/p>\n","protected":false},"author":2,"featured_media":29207,"comment_status":"open","ping_status":"open","sticky":false,"template":"","format":"standard","meta":{"footnotes":""},"categories":[72],"tags":[],"class_list":["post-29206","post","type-post","status-publish","format-standard","has-post-thumbnail","hentry","category-futbol-puro"],"_links":{"self":[{"href":"https:\/\/www.sportchaco.com.ar\/index.php?rest_route=\/wp\/v2\/posts\/29206","targetHints":{"allow":["GET"]}}],"collection":[{"href":"https:\/\/www.sportchaco.com.ar\/index.php?rest_route=\/wp\/v2\/posts"}],"about":[{"href":"https:\/\/www.sportchaco.com.ar\/index.php?rest_route=\/wp\/v2\/types\/post"}],"author":[{"embeddable":true,"href":"https:\/\/www.sportchaco.com.ar\/index.php?rest_route=\/wp\/v2\/users\/2"}],"replies":[{"embeddable":true,"href":"https:\/\/www.sportchaco.com.ar\/index.php?rest_route=%2Fwp%2Fv2%2Fcomments&post=29206"}],"version-history":[{"count":3,"href":"https:\/\/www.sportchaco.com.ar\/index.php?rest_route=\/wp\/v2\/posts\/29206\/revisions"}],"predecessor-version":[{"id":29210,"href":"https:\/\/www.sportchaco.com.ar\/index.php?rest_route=\/wp\/v2\/posts\/29206\/revisions\/29210"}],"wp:featuredmedia":[{"embeddable":true,"href":"https:\/\/www.sportchaco.com.ar\/index.php?rest_route=\/wp\/v2\/media\/29207"}],"wp:attachment":[{"href":"https:\/\/www.sportchaco.com.ar\/index.php?rest_route=%2Fwp%2Fv2%2Fmedia&parent=29206"}],"wp:term":[{"taxonomy":"category","embeddable":true,"href":"https:\/\/www.sportchaco.com.ar\/index.php?rest_route=%2Fwp%2Fv2%2Fcategories&post=29206"},{"taxonomy":"post_tag","embeddable":true,"href":"https:\/\/www.sportchaco.com.ar\/index.php?rest_route=%2Fwp%2Fv2%2Ftags&post=29206"}],"curies":[{"name":"wp","href":"https:\/\/api.w.org\/{rel}","templated":true}]}}