{"id":29228,"date":"2025-11-27T09:35:22","date_gmt":"2025-11-27T12:35:22","guid":{"rendered":"https:\/\/www.sportchaco.com.ar\/?p=29228"},"modified":"2025-11-27T09:36:59","modified_gmt":"2025-11-27T12:36:59","slug":"corbalan-entre-los-doce-para-jugar-hoy-en-la-habana","status":"publish","type":"post","link":"https:\/\/www.sportchaco.com.ar\/?p=29228","title":{"rendered":"Corbal\u00e1n entre los doce para jugar hoy en La Habana"},"content":{"rendered":"<p>&nbsp;<\/p>\n<div class=\"html-div xdj266r x14z9mp xat24cr x1lziwak xexx8yu xyri2b x18d9i69 x1c1uobl\">\n<div class=\"html-div xdj266r x14z9mp xat24cr x1lziwak xexx8yu xyri2b x18d9i69 x1c1uobl\" dir=\"auto\">\n<div class=\"html-div xdj266r x14z9mp xat24cr x1lziwak xexx8yu xyri2b x18d9i69 x1c1uobl\" data-ad-rendering-role=\"story_message\">\n<div id=\"_r_26p_\" class=\"x1l90r2v x1iorvi4 x1g0dm76 xpdmqnj\" data-ad-comet-preview=\"message\" data-ad-preview=\"message\">\n<div class=\"x78zum5 xdt5ytf xz62fqu x16ldp7u\">\n<div class=\"xu06os2 x1ok221b\">\n<div class=\"html-div xdj266r x14z9mp xat24cr x1lziwak xexx8yu xyri2b x18d9i69 x1c1uobl\">\n<div class=\"x14z9mp xat24cr x1lziwak x1vvkbs xtlvy1s x126k92a\"><\/div>\n<\/div>\n<\/div>\n<\/div>\n<\/div>\n<\/div>\n<\/div>\n<div id=\"_r_26q_\" class=\"html-div xdj266r x14z9mp xat24cr x1lziwak xexx8yu xyri2b x18d9i69 x1c1uobl x1n2onr6\">\n<div class=\"html-div xdj266r x14z9mp xat24cr x1lziwak xexx8yu xyri2b x18d9i69 x1c1uobl x1n2onr6\">\n<div class=\"html-div xdj266r x14z9mp xat24cr x1lziwak xexx8yu xyri2b x18d9i69 x1c1uobl\">\n<div class=\"x1n2onr6\">\n<div class=\"x1n2onr6\">\n<h5 class=\"x6ikm8r x10wlt62 x10l6tqk\"><\/h5>\n<div class=\"x6ikm8r x10wlt62 x10l6tqk\">\n<div class=\"styles_section-container-title__xC1_B\">\n<div class=\"orig-container\">\n<h5 class=\"headline-text\">Argentina defini\u00f3 el equipo para debutar en las eliminatorias al Mundial de b\u00e1squet Qatar 2027. El chaque\u00f1o Goznalo Corbal\u00e1n qued\u00f3 entre los doce que saldr\u00e1n a la cancha hoy a partir de las 20.10 en La Habana frente a Cuba.<\/h5>\n<p>Con importantes retornos de Campazzo y Deck, enfrentar\u00e1n este jueves a Cuba. El plantel completo y c\u00f3mo ver el partido.<\/p>\n<\/div>\n<\/div>\n<div class=\"styles_container-article-image__t9coI\">\n<div class=\"styles_article-image-epi__zXBdm\"><picture><source srcset=\"https:\/\/www.ellitoral.com\/images\/2025\/11\/27\/U5M8GB8EC_1300x655__1.jpg\" media=\"(min-width: 770px)\" \/><source srcset=\"https:\/\/www.ellitoral.com\/images\/2025\/11\/27\/U5M8GB8EC_630x420__1.jpg\" media=\"(min-width: 400px)\" \/><img loading=\"lazy\" decoding=\"async\" class=\"styles_cover-image__wLNjW\" src=\"https:\/\/www.ellitoral.com\/images\/2025\/11\/27\/U5M8GB8EC_300x200__1.jpg\" alt=\"El equipo ser\u00e1 dirigido por Nicol\u00e1s Casalanguida. Cr\u00e9dito: CAB\" width=\"1300\" height=\"655\" \/><\/picture><span class=\"styles_epigraphe__bSqPY\">El equipo ser\u00e1 dirigido por Nicol\u00e1s Casalanguida. Cr\u00e9dito: CAB<\/span><\/div>\n<p>&nbsp;<\/p>\n<\/div>\n<hr \/>\n<div class=\"styles_grid-container__5yxo2\">\n<div class=\"styles_detail-left__nkz8f\">\n<div id=\"cuerpo-de-nota\" class=\"styles_dynamic-content__mtXo5\">\n<div class=\"styles_dates-container__96DyH styles_paragraph-detail__ihDsk\"><\/div>\n<div class=\"undefined styles_paragraph-detail__ihDsk\">\n<div class=\"styles_author-box-container__IEFJC\">\n<div class=\"styles_author-box__UkVvo\"><\/div>\n<\/div>\n<\/div>\n<div class=\"custom-text text-content styles_paragraph-detail__ihDsk styles_lila-links__X7FER styles_note-styles__5TKFd\">\n<p><span style=\"color: #000000;\">La Selecci\u00f3n Argentina de\u00a0<strong><a style=\"color: #000000;\" title=\"b\u00e1squet\" href=\"https:\/\/www.ellitoral.com\/temas\/basquet\" target=\"_blank\" rel=\"noopener\">b\u00e1squet<\/a><\/strong>\u00a0comienza este jueves una nueva eliminatoria rumbo a un mundial, luego de quedar afuera de la \u00faltima edici\u00f3n y de los Juegos Ol\u00edmpicos Par\u00eds 2024.<\/span><\/p>\n<\/div>\n<div class=\"custom-text text-content styles_paragraph-detail__ihDsk styles_lila-links__X7FER styles_note-styles__5TKFd\">\n<p><span style=\"color: #000000;\"><strong>Con positivo balance del joven equipo que obtuvo el subcampeonato en la AmeriCup Nicaragua 2025, los argentinos definieron los 12 nombres que debutar\u00e1n en las Eliminatorias de FIBA Americas rumbo a Qatar 2027 con importantes regresos.<\/strong><\/span><\/p>\n<\/div>\n<div class=\"custom-text text-content styles_paragraph-detail__ihDsk styles_lila-links__X7FER styles_note-styles__5TKFd\">\n<p><span style=\"color: #000000;\">Nicol\u00e1s Casalanguida, entrenador asistente que estar\u00e1 a cargo en el primer partido ante las responsabilidades de Pablo Prigioni en la NBA, tendr\u00e1 disponibles a los dos jugadores del Real Madrid:\u00a0<strong><a style=\"color: #000000;\" title=\"Facundo Campazzo\" href=\"https:\/\/www.ellitoral.com\/index.php\/temas\/Facundo-Campazzo\" target=\"_blank\" rel=\"noopener\">Facundo Campazzo<\/a><\/strong>\u00a0y Gabriel Deck.<\/span><\/p>\n<\/div>\n<div class=\"styles_img-container__a4cGN\">\n<div class=\"styles_article-image-epi__GSkzE\">\n<p><span class=\"styles_epigraphe__4c7ki\" style=\"color: #000000;\">La lista completa de 12 convocados. Cr\u00e9dito: CAB<\/span><\/p>\n<hr \/>\n<p>&nbsp;<\/p>\n<\/div>\n<\/div>\n<div class=\"custom-text text-content styles_paragraph-detail__ihDsk styles_lila-links__X7FER styles_note-styles__5TKFd\">\n<p><span style=\"color: #000000;\">Su rival ser\u00e1 Cuba en el Coliseo de la Ciudad Deportiva de La Habana este jueves desde las 20:10 horas con transmisi\u00f3n de TyC Sports, DirecTV GO y Courtside1891, arbitrado por<\/span><\/p>\n<\/div>\n<div class=\"custom-text text-content styles_paragraph-detail__ihDsk styles_lila-links__X7FER styles_note-styles__5TKFd\">\n<p><span style=\"color: #000000;\">El duelo corresponde a la primera fecha de la zona D de la primera ronda, donde los equipos se dividen en cuatro zonas de cuatro, con clasificaci\u00f3n de los tres primeros de cada una a la segunda ronda. All\u00ed, se arrastran los resultados de la primera instancia y se confeccionan otras dos nuevas zonas de seis equipos. Los tres mejores de cada zona y el mejor cuarto clasificado clasifican al Mundial.<\/span><\/p>\n<\/div>\n<div class=\"custom-text text-content styles_paragraph-detail__ihDsk styles_lila-links__X7FER styles_note-styles__5TKFd\">\n<h2><span style=\"color: #000000;\"><strong>La lista completa<\/strong><\/span><\/h2>\n<\/div>\n<div class=\"custom-text text-content styles_paragraph-detail__ihDsk styles_lila-links__X7FER styles_note-styles__5TKFd\">\n<p><span style=\"color: #000000;\">De la n\u00f3mina inicial de 24 jugadores que concentraron, el cuerpo t\u00e9cnico dej\u00f3 13 nombres, de los cuales s\u00f3lo Dylan Bord\u00f3n se mantiene fuera de la planilla para este jueves.\u00a0<strong>Los 12 elegidos son:<\/strong><\/span><\/p>\n<\/div>\n<div class=\"custom-text text-content styles_paragraph-detail__ihDsk styles_lila-links__X7FER styles_note-styles__5TKFd\">\n<ul>\n<li><span style=\"color: #000000;\">1- Francisco C\u00e1ffaro &#8211; Boca Juniors (Argentina)<\/span><\/li>\n<\/ul>\n<\/div>\n<div class=\"custom-text text-content styles_paragraph-detail__ihDsk styles_lila-links__X7FER styles_note-styles__5TKFd\">\n<ul>\n<li><span style=\"color: #000000;\">2- Lee Aaliya &#8211; UCAM Murcia (Espa\u00f1a)<\/span><\/li>\n<\/ul>\n<\/div>\n<div class=\"custom-text text-content styles_paragraph-detail__ihDsk styles_lila-links__X7FER styles_note-styles__5TKFd\">\n<ul>\n<li><span style=\"color: #000000;\">7- Facundo Campazzo &#8211; Real Madrid (Espa\u00f1a)<\/span><\/li>\n<\/ul>\n<\/div>\n<div class=\"custom-text text-content styles_paragraph-detail__ihDsk styles_lila-links__X7FER styles_note-styles__5TKFd\">\n<ul>\n<li><span style=\"color: #000000;\">9- Nicol\u00e1s Brussino &#8211; Gran Canaria (Espa\u00f1a)<\/span><\/li>\n<\/ul>\n<\/div>\n<div class=\"custom-text text-content styles_paragraph-detail__ihDsk styles_lila-links__X7FER styles_note-styles__5TKFd\">\n<ul>\n<li><span style=\"color: #000000;\">10- Gonzalo Corbal\u00e1n &#8211; San Pablo Burgos (Espa\u00f1a)<\/span><\/li>\n<\/ul>\n<\/div>\n<p><span style=\"color: #000000;\"><a class=\"styles_nr-container__I5hdQ styles_paragraph-detail__IZKtN\" style=\"color: #000000;\" href=\"https:\/\/www.ellitoral.com\/deportes\/seleccion-argentina-basquet-ahora-hoy-eliminatorias_0_zx6dGADSmI.html\"><picture><img decoding=\"async\" class=\"styles_image__YCaaA\" src=\"https:\/\/www.ellitoral.com\/images\/2025\/11\/19\/Caztu3q1v_248x166__1.jpg\" \/><\/picture><\/a><\/span><\/p>\n<\/div>\n<div class=\"styles_dynamic-content__mtXo5\">\n<div class=\"custom-text text-content styles_paragraph-detail__ihDsk styles_lila-links__X7FER styles_note-styles__5TKFd\">\n<ul>\n<li><span style=\"color: #000000;\">11- Jos\u00e9 Vildoza &#8211; B\u00e1squet Girona (Espa\u00f1a)<\/span><\/li>\n<\/ul>\n<\/div>\n<div class=\"custom-text text-content styles_paragraph-detail__ihDsk styles_lila-links__X7FER styles_note-styles__5TKFd\">\n<ul>\n<li><span style=\"color: #000000;\">14- Gabriel Deck &#8211; Real Madrid (Espa\u00f1a)<\/span><\/li>\n<\/ul>\n<\/div>\n<div class=\"custom-text text-content styles_paragraph-detail__ihDsk styles_lila-links__X7FER styles_note-styles__5TKFd\">\n<ul>\n<li><span style=\"color: #000000;\">18- Gonzalo Bressan &#8211; Ol\u00edmpico (Argentina)<\/span><\/li>\n<\/ul>\n<\/div>\n<div class=\"custom-text text-content styles_paragraph-detail__ihDsk styles_lila-links__X7FER styles_note-styles__5TKFd\">\n<ul>\n<li><span style=\"color: #000000;\">20- Juan Bocca &#8211; Fibwi Palma (Espa\u00f1a)<\/span><\/li>\n<\/ul>\n<\/div>\n<div class=\"custom-text text-content styles_paragraph-detail__ihDsk styles_lila-links__X7FER styles_note-styles__5TKFd\">\n<ul>\n<li><span style=\"color: #000000;\">21- Juan Fern\u00e1ndez &#8211; B\u00e1squet Girona (Espa\u00f1a)<\/span><\/li>\n<\/ul>\n<\/div>\n<div class=\"custom-text text-content styles_paragraph-detail__ihDsk styles_lila-links__X7FER styles_note-styles__5TKFd\">\n<ul>\n<li><span style=\"color: #000000;\">35- Mateo D\u00edaz &#8211; Fuenlabrada (Espa\u00f1a)<\/span><\/li>\n<\/ul>\n<\/div>\n<div class=\"custom-text text-content styles_paragraph-detail__ihDsk styles_lila-links__X7FER styles_note-styles__5TKFd\">\n<ul>\n<li><span style=\"color: #000000;\">44- Alex Negrete &#8211; Flamengo (Brasil)<\/span><\/li>\n<\/ul>\n<\/div>\n<div class=\"custom-text text-content styles_paragraph-detail__ihDsk styles_lila-links__X7FER styles_note-styles__5TKFd\">\n<h2><span style=\"color: #000000;\"><strong>Un bolso lleno de ilusiones<\/strong><\/span><\/h2>\n<\/div>\n<div class=\"custom-text text-content styles_paragraph-detail__ihDsk styles_lila-links__X7FER styles_note-styles__5TKFd\">\n<p><span style=\"color: #000000;\">El seleccionado argentino no tiene la obligaci\u00f3n, pero s\u00ed la necesidad de regresar a las principales competiciones internacionales. Su condici\u00f3n de potencia no fue sostenida a lo largo de toda su historia deportiva, pero tampoco resulta una utop\u00eda.<\/span><\/p>\n<\/div>\n<div class=\"styles_img-container__a4cGN\">\n<div class=\"styles_article-image-epi__GSkzE\">\n<p><span style=\"color: #000000;\"><picture><source srcset=\"https:\/\/www.ellitoral.com\/images\/2025\/11\/27\/h5SJ_PSMH_300x200__1.jpg\" media=\"(max-width: 400px)\" \/><source srcset=\"https:\/\/www.ellitoral.com\/images\/2025\/11\/27\/h5SJ_PSMH_630x420__1.jpg\" media=\"(max-width: 980px)\" \/><source srcset=\"https:\/\/www.ellitoral.com\/images\/2025\/11\/27\/h5SJ_PSMH_870x580__1.jpg\" media=\"(max-width: 1300px)\" \/><img loading=\"lazy\" decoding=\"async\" class=\"styles_cover-image__pRCD1\" src=\"https:\/\/www.ellitoral.com\/images\/2025\/11\/27\/h5SJ_PSMH_870x580__1.jpg\" alt=\"El equipo ser\u00e1 dirigido por Nicol\u00e1s Casalanguida. Cr\u00e9dito: CAB\" width=\"870\" height=\"580\" \/><\/picture><span class=\"styles_epigraphe__4c7ki\">El equipo ser\u00e1 dirigido por Nicol\u00e1s Casalanguida. Cr\u00e9dito: CAB<\/span><\/span><\/p>\n<hr \/>\n<p>&nbsp;<\/p>\n<\/div>\n<\/div>\n<div class=\"custom-text text-content styles_paragraph-detail__ihDsk styles_lila-links__X7FER styles_note-styles__5TKFd\">\n<p><span style=\"color: #000000;\">China 2019 demuestra que se puede alcanzar lo alto con estilo de juego propio. El material est\u00e1 para competir a nivel continental y clasificar al pr\u00f3ximo mundial. La experiencia tambi\u00e9n se sumar\u00e1 en estas eliminatorias, luego de la aventura \u201cjoven\u201d de la AmeriCup.<\/span><\/p>\n<\/div>\n<div class=\"custom-text text-content styles_paragraph-detail__ihDsk styles_lila-links__X7FER styles_note-styles__5TKFd\">\n<p><span style=\"color: #000000;\">Las fichas j\u00f3venes y la eventual incorporaci\u00f3n de los juveniles de desarrollo de inferiores en Estados Unidos elevan la vara que ha quedado baja luego de las recientes participaciones.<\/span><\/p>\n<\/div>\n<\/div>\n<\/div>\n<\/div>\n<\/div>\n<\/div>\n<\/div>\n<\/div>\n<\/div>\n<div class=\"html-div xdj266r x14z9mp xat24cr x1lziwak xexx8yu xyri2b x18d9i69 x1c1uobl x6ikm8r x10wlt62\"><\/div>\n<\/div>\n<\/div>\n<div>\n<div class=\"xabvvm4 xeyy32k x1ia1hqs x1a2w583 x6ikm8r x10wlt62\" data-visualcompletion=\"ignore-dynamic\">\n<div>\n<div>\n<div>\n<div class=\"x1n2onr6\">\n<div class=\"x6s0dn4 xi81zsa x78zum5 x6prxxf x13a6bvl xvq8zen xdj266r xat24cr x1c1uobl xyri2b x1diwwjn xbmvrgn x1yrsyyn x18d9i69\">\n<div class=\"x6s0dn4 x78zum5 x1iyjqo2 x6ikm8r x10wlt62\">\n<p>&nbsp;<\/p>\n<div>\n<div class=\"x1i10hfl xjbqb8w x1ejq31n x18oe1m7 x1sy0etr xstzfhl x972fbf x10w94by x1qhh985 x14e42zd x9f619 x1ypdohk x3ct3a4 xdj266r x14z9mp xat24cr x1lziwak xexx8yu xyri2b x18d9i69 x1c1uobl x16tdsg8 x1hl2dhg xggy1nq x1fmog5m xu25z0z x140muxe xo1y3bh x1n2onr6 x87ps6o x1lku1pv x1a2a7pz x1heor9g xnl1qt8 x6ikm8r x10wlt62 x1vjfegm x1lliihq\" tabindex=\"0\" role=\"button\"><\/div>\n<\/div>\n<\/div>\n<div class=\"x9f619 x1ja2u2z x78zum5 x2lah0s x1n2onr6 x1qughib x1qjc9v5 xozqiw3 x1q0g3np xyri2b x1c1uobl x1ws5yxj xw01apr x4cne27 xifccgj x123j3cw xs9asl8\"><\/div>\n<\/div>\n<\/div>\n<\/div>\n<\/div>\n<\/div>\n<\/div>\n<\/div>\n<p><img decoding=\"async\" src=\"https:\/\/scontent.fcnq2-1.fna.fbcdn.net\/v\/t39.30808-6\/589313464_1242255797923522_718802813823976891_n.jpg?_nc_cat=107&amp;ccb=1-7&amp;_nc_sid=127cfc&amp;_nc_eui2=AeGin5HBsC4Rccmla7obmCIhTdoHx_5hMYRN2gfH_mExhKFOg4PrXxzXfjgJJxEMgk4&amp;_nc_ohc=HtxkGbnkj1oQ7kNvwEEAtk_&amp;_nc_oc=Adm4fJCxM-DGTtYleC7iC55JRZO6Y9uAZPRSPfhWqC3U4sf0CXsKc33eR2ZQ-tY0yQU&amp;_nc_zt=23&amp;_nc_ht=scontent.fcnq2-1.fna&amp;_nc_gid=diJQ9W3KQ2XUs9FXI7Y3qg&amp;oh=00_Afjwv463Z83dio8biI_fAdGZwKg9tPxgiwTKOUEn_N6Ayw&amp;oe=692E03A9\" alt=\"Puede ser una imagen de baloncesto y texto que dice &quot;FIBA WORLD CUP QUALIFIERS A C\u00c1FFARO AALIYA CAMPAZZO ARG GUR CUBVSARG VS A BRUSSINO AU VILDOZA CORBAL\u00c1N 01- \u0d2a\u0d2e\u0d4d\u0d19\u0d4d\u0d1f\u0d41 A Argentina DECK BOCCA BRESSAN 35 FERN\u00c1NDEZ PEAK D\u00cdAZ NEGRETE&quot;\" \/><\/p>\n","protected":false},"excerpt":{"rendered":"<p>&nbsp; Argentina defini\u00f3 el equipo para debutar en las eliminatorias al Mundial de b\u00e1squet Qatar 2027. El chaque\u00f1o Goznalo Corbal\u00e1n qued\u00f3 entre los doce que saldr\u00e1n a la cancha hoy a partir de las 20.10 en La Habana frente a Cuba. Con importantes retornos de Campazzo y Deck, enfrentar\u00e1n este jueves a Cuba. El plantel &hellip;<\/p>\n","protected":false},"author":2,"featured_media":29229,"comment_status":"open","ping_status":"open","sticky":false,"template":"","format":"standard","meta":{"footnotes":""},"categories":[3],"tags":[],"class_list":["post-29228","post","type-post","status-publish","format-standard","has-post-thumbnail","hentry","category-basquetbol"],"_links":{"self":[{"href":"https:\/\/www.sportchaco.com.ar\/index.php?rest_route=\/wp\/v2\/posts\/29228","targetHints":{"allow":["GET"]}}],"collection":[{"href":"https:\/\/www.sportchaco.com.ar\/index.php?rest_route=\/wp\/v2\/posts"}],"about":[{"href":"https:\/\/www.sportchaco.com.ar\/index.php?rest_route=\/wp\/v2\/types\/post"}],"author":[{"embeddable":true,"href":"https:\/\/www.sportchaco.com.ar\/index.php?rest_route=\/wp\/v2\/users\/2"}],"replies":[{"embeddable":true,"href":"https:\/\/www.sportchaco.com.ar\/index.php?rest_route=%2Fwp%2Fv2%2Fcomments&post=29228"}],"version-history":[{"count":3,"href":"https:\/\/www.sportchaco.com.ar\/index.php?rest_route=\/wp\/v2\/posts\/29228\/revisions"}],"predecessor-version":[{"id":29232,"href":"https:\/\/www.sportchaco.com.ar\/index.php?rest_route=\/wp\/v2\/posts\/29228\/revisions\/29232"}],"wp:featuredmedia":[{"embeddable":true,"href":"https:\/\/www.sportchaco.com.ar\/index.php?rest_route=\/wp\/v2\/media\/29229"}],"wp:attachment":[{"href":"https:\/\/www.sportchaco.com.ar\/index.php?rest_route=%2Fwp%2Fv2%2Fmedia&parent=29228"}],"wp:term":[{"taxonomy":"category","embeddable":true,"href":"https:\/\/www.sportchaco.com.ar\/index.php?rest_route=%2Fwp%2Fv2%2Fcategories&post=29228"},{"taxonomy":"post_tag","embeddable":true,"href":"https:\/\/www.sportchaco.com.ar\/index.php?rest_route=%2Fwp%2Fv2%2Ftags&post=29228"}],"curies":[{"name":"wp","href":"https:\/\/api.w.org\/{rel}","templated":true}]}}