{"id":29258,"date":"2025-11-27T18:56:19","date_gmt":"2025-11-27T21:56:19","guid":{"rendered":"https:\/\/www.sportchaco.com.ar\/?p=29258"},"modified":"2025-11-27T18:56:19","modified_gmt":"2025-11-27T21:56:19","slug":"designaciones-para-la-ultima-fecha-del-regional-amateur","status":"publish","type":"post","link":"https:\/\/www.sportchaco.com.ar\/?p=29258","title":{"rendered":"Designaciones para la \u00faltima fecha del Regional Amateur"},"content":{"rendered":"<p><strong>27-11-2025<\/strong><\/p>\n<p><img loading=\"lazy\" decoding=\"async\" class=\"aligncenter size-large wp-image-20099\" src=\"https:\/\/www.sportchaco.com.ar\/wp-content\/uploads\/2025\/06\/728x90-1024x127.gif\" alt=\"\" width=\"1024\" height=\"127\" srcset=\"https:\/\/www.sportchaco.com.ar\/wp-content\/uploads\/2025\/06\/728x90-1024x127.gif 1024w, https:\/\/www.sportchaco.com.ar\/wp-content\/uploads\/2025\/06\/728x90-300x37.gif 300w, https:\/\/www.sportchaco.com.ar\/wp-content\/uploads\/2025\/06\/728x90-768x95.gif 768w, https:\/\/www.sportchaco.com.ar\/wp-content\/uploads\/2025\/06\/728x90-1536x190.gif 1536w, https:\/\/www.sportchaco.com.ar\/wp-content\/uploads\/2025\/06\/728x90-2048x254.gif 2048w\" sizes=\"auto, (max-width: 1024px) 100vw, 1024px\" \/><\/p>\n<p>El Consejo Federal de AFA dio a conocer los d\u00edas, horarios y \u00e1rbitros para los partidos del fin de semana en lo que ser\u00e1 la 6\u00aa y \u00faltima fecha de la fase de grupo del torneo Regional Amateur.<\/p>\n<p>Los equipos de la provincia del Chaco, distribuidos en las zonas 8, 9 y 10 de la Regi\u00f3n Litoral Norte, jugar\u00e1n este s\u00e1bado y domingo.<\/p>\n<p><strong>REGI\u00d3N LITORAL NORTE<\/strong><br \/>\n<strong>TODA 6\u00aa FECHA<br \/>\nZONA 8<br \/>\nDomingo 30-11<\/strong><br \/>\nA las 17, Defensores \u2013 Regional<br \/>\n<strong>\u00c1rbitro:<\/strong> Sebasti\u00e1n Ver\u00f3n. <strong>Asistentes:<\/strong> Juan Gabriel Hern\u00e1ndez y Dar\u00edo G\u00f3mez (terna de Resistencia)<\/p>\n<p>A las 17, Estudiantes \u2013 Uni\u00f3n (Machagai)<br \/>\n<strong>\u00c1rbitro:<\/strong> Leandro D\u00edaz Doro\u00f1uk.<strong>\u00a0Asistentes:<\/strong> Gonzalo Amaya y Alberto Coronel Rojas (terna de Las Bre\u00f1as)<\/p>\n<p><strong>ZONA 9<\/strong><strong><br \/>\nS\u00e1bado 29-11<br \/>\n<\/strong>A las 17, Policiales \u2013 Dep. Municipal (Gral. Roca)<br \/>\n<strong>\u00c1rbitro:<\/strong> Mart\u00edn Banegas. <strong>Asistentes:<\/strong> Daniela Montiel y Leonardo Kitoff (terna de Villa \u00c1ngela)<\/p>\n<p>A las 17:30, Hurac\u00e1n (Vedia) \u2013 Fontana<br \/>\n<strong>\u00c1rbitro:<\/strong> Enrique M\u00e9ndez.<strong>\u00a0Asistentes:<\/strong> Nicol\u00e1s Cabral y V\u00edctor Ibarra (terna de Gral. San Mart\u00edn)<\/p>\n<p><strong>ZONA 10<\/strong><br \/>\n<strong>S\u00e1bado 29-11<br \/>\n<\/strong>A las 17, Cultural (Castelli) \u2013 Cooperativa (Villa Berthet)<br \/>\n<strong>\u00c1rbitro:<\/strong> Marcelo Ojeda. <strong>Asistentes:<\/strong> Rub\u00e9n Saavedra y Agust\u00edn Alegre (terna de Machagai)<\/p>\n<p>A las 17:30, Comercio (Santa Sylvina) \u2013 Uni\u00f3n (Pampa Alegr\u00eda)<br \/>\n<strong>\u00c1rbitro:<\/strong> Mar\u00eda Soledad R\u00edos. <strong>Asistentes:<\/strong> Sabrina Cristaldo y Melina Meza (terna de Resistencia)<\/p>\n<p><strong>POSICIONES<\/strong><br \/>\n<strong>ZONA 8<\/strong><br \/>\nDefensores (Vilelas) 10<em>*<\/em><br \/>\nUni\u00f3n (Machagai) 7<br \/>\nEstudiantes (Resistencia) 6<br \/>\nRegional (Resistencia) 6<br \/>\n<em>*Clasificado a la siguiente fase<\/em><\/p>\n<p><strong>ZONA 9<\/strong><br \/>\nFontana 12<em>*<\/em><br \/>\nPoliciales (Resistencia) 12<em>*<\/em><br \/>\nDep. Municipal (Gral. Roca) 6<br \/>\nHurac\u00e1n (Vedia) 0<br \/>\n<em>*Clasificado a la siguiente fase<\/em><\/p>\n<p><strong>ZONA 10<\/strong><br \/>\nCultural (Castelli) 11<em>*<\/em><br \/>\nComercio (Santa Sylvina) 10<em>*<\/em><br \/>\nCooperativa (Villa Berthet) 4<br \/>\nUni\u00f3n (Pampa Alegr\u00eda) 3<br \/>\n<em>*Clasificado a la siguiente fase<\/em><\/p>\n<p><em><strong>Foto: Gentileza Ariel Meza<\/strong><\/em><\/p>\n<p><img loading=\"lazy\" decoding=\"async\" class=\"aligncenter size-large wp-image-20149\" src=\"https:\/\/www.sportchaco.com.ar\/wp-content\/uploads\/2025\/06\/Chaco-sin-fuego-1080x1350-3-819x1024.gif\" alt=\"\" width=\"819\" height=\"1024\" srcset=\"https:\/\/www.sportchaco.com.ar\/wp-content\/uploads\/2025\/06\/Chaco-sin-fuego-1080x1350-3-819x1024.gif 819w, https:\/\/www.sportchaco.com.ar\/wp-content\/uploads\/2025\/06\/Chaco-sin-fuego-1080x1350-3-240x300.gif 240w, https:\/\/www.sportchaco.com.ar\/wp-content\/uploads\/2025\/06\/Chaco-sin-fuego-1080x1350-3-768x960.gif 768w, https:\/\/www.sportchaco.com.ar\/wp-content\/uploads\/2025\/06\/Chaco-sin-fuego-1080x1350-3-1229x1536.gif 1229w, https:\/\/www.sportchaco.com.ar\/wp-content\/uploads\/2025\/06\/Chaco-sin-fuego-1080x1350-3-1638x2048.gif 1638w\" sizes=\"auto, (max-width: 819px) 100vw, 819px\" \/><\/p>\n","protected":false},"excerpt":{"rendered":"<p>27-11-2025 El Consejo Federal de AFA dio a conocer los d\u00edas, horarios y \u00e1rbitros para los partidos del fin de semana en lo que ser\u00e1 la 6\u00aa y \u00faltima fecha de la fase de grupo del torneo Regional Amateur. Los equipos de la provincia del Chaco, distribuidos en las zonas 8, 9 y 10 de &hellip;<\/p>\n","protected":false},"author":3,"featured_media":29259,"comment_status":"open","ping_status":"open","sticky":false,"template":"","format":"standard","meta":{"footnotes":""},"categories":[5],"tags":[],"class_list":["post-29258","post","type-post","status-publish","format-standard","has-post-thumbnail","hentry","category-futbol"],"_links":{"self":[{"href":"https:\/\/www.sportchaco.com.ar\/index.php?rest_route=\/wp\/v2\/posts\/29258","targetHints":{"allow":["GET"]}}],"collection":[{"href":"https:\/\/www.sportchaco.com.ar\/index.php?rest_route=\/wp\/v2\/posts"}],"about":[{"href":"https:\/\/www.sportchaco.com.ar\/index.php?rest_route=\/wp\/v2\/types\/post"}],"author":[{"embeddable":true,"href":"https:\/\/www.sportchaco.com.ar\/index.php?rest_route=\/wp\/v2\/users\/3"}],"replies":[{"embeddable":true,"href":"https:\/\/www.sportchaco.com.ar\/index.php?rest_route=%2Fwp%2Fv2%2Fcomments&post=29258"}],"version-history":[{"count":1,"href":"https:\/\/www.sportchaco.com.ar\/index.php?rest_route=\/wp\/v2\/posts\/29258\/revisions"}],"predecessor-version":[{"id":29260,"href":"https:\/\/www.sportchaco.com.ar\/index.php?rest_route=\/wp\/v2\/posts\/29258\/revisions\/29260"}],"wp:featuredmedia":[{"embeddable":true,"href":"https:\/\/www.sportchaco.com.ar\/index.php?rest_route=\/wp\/v2\/media\/29259"}],"wp:attachment":[{"href":"https:\/\/www.sportchaco.com.ar\/index.php?rest_route=%2Fwp%2Fv2%2Fmedia&parent=29258"}],"wp:term":[{"taxonomy":"category","embeddable":true,"href":"https:\/\/www.sportchaco.com.ar\/index.php?rest_route=%2Fwp%2Fv2%2Fcategories&post=29258"},{"taxonomy":"post_tag","embeddable":true,"href":"https:\/\/www.sportchaco.com.ar\/index.php?rest_route=%2Fwp%2Fv2%2Ftags&post=29258"}],"curies":[{"name":"wp","href":"https:\/\/api.w.org\/{rel}","templated":true}]}}