{"id":29279,"date":"2025-11-27T22:29:58","date_gmt":"2025-11-28T01:29:58","guid":{"rendered":"https:\/\/www.sportchaco.com.ar\/?p=29279"},"modified":"2025-11-27T22:29:58","modified_gmt":"2025-11-28T01:29:58","slug":"dura-sancion-de-la-afa-juan-sebastian-veron-fue-suspendido-por-6-meses-y-los-titulares-de-estudiantes-por-dos-partidos","status":"publish","type":"post","link":"https:\/\/www.sportchaco.com.ar\/?p=29279","title":{"rendered":"Dura sanci\u00f3n de la AFA: Juan Sebasti\u00e1n Ver\u00f3n fue suspendido por 6 meses y los titulares de Estudiantes por dos partidos"},"content":{"rendered":"<header class=\"news-headline\">\n<h1 class=\"news-headline__title\"><\/h1>\n<div class=\"news-headline__author-and-share-wrapper\">\n<div class=\"news-headline__author-wrapper\"><\/div>\n<\/div>\n<p class=\"ignore-parser\">El conjunto platense le hab\u00eda dado la espalda a los jugadores de Rosario Central, en protesta de la decisi\u00f3n de otorgarle el t\u00edtulo de campe\u00f3n de Liga tras haber terminado primero en la tabla anual.<\/p>\n<\/header>\n<p>&nbsp;<\/p>\n<div class=\"detail-highlighted-multimedia content-protected-false\">\n<figure class=\"detail-highlighted-multimedia__figure\"><img loading=\"lazy\" decoding=\"async\" class=\"detail-highlighted-multimedia__figure-img img-fluid\" src=\"https:\/\/media.ambito.com\/p\/59df9dc67e3116cc668f3b8fd12ab950\/adjuntos\/239\/imagenes\/042\/973\/0042973035\/655x368\/smart\/pasillo-espaldas-rosario-central-estudiantes.jpg\" alt=\"Los 11 titulares no podr\u00e1n participar de los pr\u00f3ximos dos partidos.\" width=\"1891\" height=\"800\" crossorigin=\"anonymous\" \/><figcaption class=\"detail-highlighted-multimedia__figcaption\">\n<div class=\"detail-highlighted-multimedia__caption\">\n<p>Los 11 titulares no podr\u00e1n participar de los pr\u00f3ximos dos partidos.<\/p>\n<\/div>\n<\/figcaption><\/figure>\n<\/div>\n<article class=\"article-body article-body--first-paragraph content-protected-false\" data-td-script-src=\"https:\/\/www.ambito.com\/td\/modulos\/encuestas\/js\/function-embeds-min-version-1764130014.js\">La<strong>\u00a0Asociaci\u00f3n del F\u00fatbol Argentino (AFA)<\/strong>\u00a0orden\u00f3 una<strong>\u00a0dura sanci\u00f3n\u00a0<\/strong>en respuesta del\u00a0<a href=\"https:\/\/www.ambito.com\/deportes\/futbolistas-argentinos-agremiados-cuestiono-el-pasillo-espaldas-y-pidio-respeto-y-juego-limpio-n6217517\" target=\"_blank\" rel=\"follow noopener\">\u00abespaldarazo\u00bb<\/a>\u00a0de los jugadores de Estudiantes de La Plata a sus pares de Rosario Central, en protesta por el t\u00edtulo de Liga otorgado al conjunto de \u00c1ngel Di Mar\u00eda. El Tribunal de Disciplina<strong>\u00a0inhabilit\u00f3 por dos partidos a los once titulares del equipo platense y suspendi\u00f3 a su presidente, Juan Sebasti\u00e1n Ver\u00f3n, por 6 meses<\/strong>\u00a0para toda actividad relacionada con el f\u00fatbol.<\/p>\n<\/article>\n<article class=\"article-body article-body--second-paragraph content-protected-false\"><strong>El ente disciplinario<\/strong>\u00a0hab\u00eda iniciado una investigaci\u00f3n formal por la protesta realizada por el plantel de\u00a0<strong>Estudiantes<\/strong>\u00a0en el\u00a0<strong>Gigante de Arroyito<\/strong>, otorgando 48 horas para que se presentara un descargo por los\u00a0<strong>12 jugadores<\/strong>\u00a0que se dieron vuelta durante el ingreso de los futbolistas de\u00a0<strong>Rosario Central<\/strong>.<\/p>\n<\/article>\n<section class=\"related-news\"><\/section>\n<article class=\"article-body article-body--third-paragraph content-protected-false\">En su presentaci\u00f3n, Estudiantes explic\u00f3 que<strong>\u00a0la instrucci\u00f3n de darse vuelta\u00a0<\/strong>en el pasillo fue una\u00a0<strong>decisi\u00f3n directa del mandatario<\/strong>, con el fin de expresar el desacuerdo institucional por el reconocimiento otorgado al Canalla. En busca de que\u00a0<strong>los jugadores quedaran desligados<\/strong>\u00a0de una eventual responsabilidad disciplinaria.<\/p>\n<\/article>\n<article class=\"article-body article-body--fourth-paragraph content-protected-false\">\n<figure id=\"8158530-Libre-1000976711_wrap\" class=\"embed_cont type_imagen\" contenteditable=\"false\">\n<div id=\"8158530-Libre-1000976711_content\" class=\"embed_content\"><img loading=\"lazy\" decoding=\"async\" id=\"8158530-Libre-1000976711_embed\" title=\"En el descargo de Estudiantes, Juan Sebasti\u00e1n Ver\u00f3n hab\u00eda asumido la responsabilidad por el pol\u00e9mico pasillo de espaldas. Pero no salv\u00f3 a sus jugadores.\" src=\"https:\/\/media.ambito.com\/p\/ec506735b0c8f1b7dec0d1cbba095b33\/adjuntos\/239\/imagenes\/042\/984\/0042984999\/730x0\/smart\/image.png\" alt=\"En el descargo de Estudiantes, Juan Sebasti\u00e1n Ver\u00f3n hab\u00eda asumido la responsabilidad por el pol\u00e9mico pasillo de espaldas. Pero no salv\u00f3 a sus jugadores.\" width=\"730\" height=\"487\" data-td-src-property=\"https:\/\/media.ambito.com\/p\/ec506735b0c8f1b7dec0d1cbba095b33\/adjuntos\/239\/imagenes\/042\/984\/0042984999\/730x0\/smart\/image.png\" \/><\/div><figcaption class=\"embed_wrapper-cont\">\n<div id=\"8158530-Libre-1000976711_epigrafe\" class=\"embed_epigrafe\">\n<p>En el descargo de Estudiantes, Juan Sebasti\u00e1n Ver\u00f3n hab\u00eda asumido la responsabilidad por el pol\u00e9mico pasillo de espaldas. Pero no salv\u00f3 a sus jugadores.<\/p>\n<\/div>\n<\/figcaption><\/figure>\n<h2>C\u00f3mo surgi\u00f3 la pol\u00e9mica entre Estudiantes, Rosario Central, la AFA y el pasillo<\/h2>\n<p>Todo el conflicto comenz\u00f3 el jueves pasado, cuando una delegaci\u00f3n de\u00a0<strong>Rosario Central<\/strong>\u00a0viaj\u00f3 a Buenos Aires para recibir una copa por haber ganado la tabla anual, un t\u00edtulo que hasta ese momento\u00a0<strong>ning\u00fan club sab\u00eda que exist\u00eda<\/strong>\u00a0en la temporada 2025. Los dirigentes hab\u00edan sido convocados para conocer la estructura de los torneos del a\u00f1o pr\u00f3ximo y, en ese contexto,\u00a0<strong>se les comunic\u00f3 que se otorgar\u00eda un reconocimiento por puntos acumulados<\/strong>, sin anticipar que ser\u00eda considerado una estrella.<\/p>\n<\/article>\n<article class=\"article-body article-body--fifth-paragraph content-protected-false\">Las reacciones no se hicieron esperar. Los hinchas de distintos clubes manifestaron su descontento en redes y responsabilizaron a sus dirigencias por supuestamente haber aprobado el galard\u00f3n. La tensi\u00f3n escal\u00f3 cuando\u00a0<strong>Estudiantes<\/strong>\u00a0afirm\u00f3 p\u00fablicamente que\u00a0<strong>no hubo votaci\u00f3n<\/strong>, mientras que la Liga Profesional aseguraba exactamente lo contrario.<\/p>\n<\/article>\n<article class=\"article-body article-body--remaining-paragraph content-protected-false\">En ese marco,\u00a0<strong>Pablo Toviggino<\/strong>\u00a0notific\u00f3 a Estudiantes -tambi\u00e9n a trav\u00e9s de redes sociales y con cierta prepotencia- que<strong>\u00a0deb\u00eda realizar el pasillo de campe\u00f3n en el Gigante de Arroyito<\/strong>. Luego de d\u00edas de especulaciones, el homenaje se llev\u00f3 a cabo, pero con la particularidad de que los jugadores del Pincha\u00a0<strong>se dieron vuelta<\/strong>\u00a0cuando\u00a0<strong>\u00c1ngel Di Mar\u00eda<\/strong>\u00a0y compa\u00f1\u00eda salieron a la cancha con la copa.<\/p>\n<p>El \u00e1rbitro\u00a0<strong>Pablo D\u00f3valo<\/strong>\u00a0dej\u00f3 asentada la situaci\u00f3n en su informe, se\u00f1alando que el pasillo no se cumpli\u00f3 seg\u00fan lo estipulado en el reglamento, motivo por el cual el Tribunal analiz\u00f3 una posible sanci\u00f3n. Finalmente,\u00a0<strong>la decisi\u00f3n ser\u00eda no penalizar a los futbolistas.<\/strong><\/p>\n<\/article>\n","protected":false},"excerpt":{"rendered":"<p>El conjunto platense le hab\u00eda dado la espalda a los jugadores de Rosario Central, en protesta de la decisi\u00f3n de otorgarle el t\u00edtulo de campe\u00f3n de Liga tras haber terminado primero en la tabla anual. &nbsp; Los 11 titulares no podr\u00e1n participar de los pr\u00f3ximos dos partidos. La\u00a0Asociaci\u00f3n del F\u00fatbol Argentino (AFA)\u00a0orden\u00f3 una\u00a0dura sanci\u00f3n\u00a0en respuesta &hellip;<\/p>\n","protected":false},"author":2,"featured_media":29280,"comment_status":"open","ping_status":"open","sticky":false,"template":"","format":"standard","meta":{"footnotes":""},"categories":[47],"tags":[],"class_list":["post-29279","post","type-post","status-publish","format-standard","has-post-thumbnail","hentry","category-nacionales"],"_links":{"self":[{"href":"https:\/\/www.sportchaco.com.ar\/index.php?rest_route=\/wp\/v2\/posts\/29279","targetHints":{"allow":["GET"]}}],"collection":[{"href":"https:\/\/www.sportchaco.com.ar\/index.php?rest_route=\/wp\/v2\/posts"}],"about":[{"href":"https:\/\/www.sportchaco.com.ar\/index.php?rest_route=\/wp\/v2\/types\/post"}],"author":[{"embeddable":true,"href":"https:\/\/www.sportchaco.com.ar\/index.php?rest_route=\/wp\/v2\/users\/2"}],"replies":[{"embeddable":true,"href":"https:\/\/www.sportchaco.com.ar\/index.php?rest_route=%2Fwp%2Fv2%2Fcomments&post=29279"}],"version-history":[{"count":1,"href":"https:\/\/www.sportchaco.com.ar\/index.php?rest_route=\/wp\/v2\/posts\/29279\/revisions"}],"predecessor-version":[{"id":29281,"href":"https:\/\/www.sportchaco.com.ar\/index.php?rest_route=\/wp\/v2\/posts\/29279\/revisions\/29281"}],"wp:featuredmedia":[{"embeddable":true,"href":"https:\/\/www.sportchaco.com.ar\/index.php?rest_route=\/wp\/v2\/media\/29280"}],"wp:attachment":[{"href":"https:\/\/www.sportchaco.com.ar\/index.php?rest_route=%2Fwp%2Fv2%2Fmedia&parent=29279"}],"wp:term":[{"taxonomy":"category","embeddable":true,"href":"https:\/\/www.sportchaco.com.ar\/index.php?rest_route=%2Fwp%2Fv2%2Fcategories&post=29279"},{"taxonomy":"post_tag","embeddable":true,"href":"https:\/\/www.sportchaco.com.ar\/index.php?rest_route=%2Fwp%2Fv2%2Ftags&post=29279"}],"curies":[{"name":"wp","href":"https:\/\/api.w.org\/{rel}","templated":true}]}}