{"id":29305,"date":"2025-11-28T18:31:13","date_gmt":"2025-11-28T21:31:13","guid":{"rendered":"https:\/\/www.sportchaco.com.ar\/?p=29305"},"modified":"2025-11-28T18:31:13","modified_gmt":"2025-11-28T21:31:13","slug":"colapinto-fulmino-a-alpine-no-te-hace-disfrutar-de-manejar","status":"publish","type":"post","link":"https:\/\/www.sportchaco.com.ar\/?p=29305","title":{"rendered":"Colapinto fulmin\u00f3 a Alpine: \u201cNo te hace disfrutar de manejar\u201d"},"content":{"rendered":"<h1 class=\"base-heading article-body__headline\"><\/h1>\n<h2 class=\"article-body__subheadline\">\u201cEs un auto complicado de manejar, inestable y no se siente r\u00e1pido\u201d, dispar\u00f3 el piloto argentino sobre el monoplaza de la escuder\u00eda francesa. Cu\u00e1ndo vuelve a correr.<\/h2>\n<div class=\"article-body__byline\">\n<div class=\"article-body__byline__info-container\">\n<div class=\"article-body__byline__date\"><\/div>\n<\/div>\n<\/div>\n<figure class=\"base-media-item article-body__main-image\"><figcaption class=\"base-media-item__fig-caption\"><span class=\"base-media-item__caption\">fOTO PORTADA: Franco Colapinto en el Gran Premio de Qatar. <\/span><span class=\"base-media-item__credit\">Foto: X @AlpineF1Team<\/span><\/figcaption><\/figure>\n<p class=\"article-body__paragraph\"><span style=\"color: #000000;\"><a style=\"color: #000000;\" title=\"https:\/\/www.canal26.com\/deportes\/2025\/11\/28\/cambio-el-reglamento-del-gran-premio-de-qatar-2025-por-que-puede-ser-un-beneficio-para-franco-colapinto\/\" href=\"https:\/\/www.canal26.com\/deportes\/2025\/11\/28\/cambio-el-reglamento-del-gran-premio-de-qatar-2025-por-que-puede-ser-un-beneficio-para-franco-colapinto\/\" target=\"_blank\" rel=\"noopener\"><b>Franco Colapinto<\/b><\/a>\u00a0termin\u00f3\u00a0<a style=\"color: #000000;\" title=\"https:\/\/www.canal26.com\/deportes\/2025\/11\/28\/franco-colapinto-clasifico-20-en-la-clasificacion-sprint-del-gran-premio-de-qatar-a-que-hora-es-la-carrera\/\" href=\"https:\/\/www.canal26.com\/deportes\/2025\/11\/28\/franco-colapinto-clasifico-20-en-la-clasificacion-sprint-del-gran-premio-de-qatar-a-que-hora-es-la-carrera\/\" target=\"_blank\" rel=\"noopener\">\u00faltimo en la clasificaci\u00f3n a la carrera sprint del Gran Premio de Qatar<\/a>\u00a0de la\u00a0<b>F\u00f3rmula 1<\/b>, un puesto por detr\u00e1s de su compa\u00f1ero en Alpine,\u00a0<b>Pierre Gasly<\/b>, y apunt\u00f3 contra el monoplaza de la escuder\u00eda francesa: \u201cEs un auto complicado de manejar, inestable y no se siente r\u00e1pido\u201d, dispar\u00f3.<\/span><\/p>\n<p class=\"article-body__paragraph\"><span style=\"color: #000000;\">\u201cHay que enfocarse en ma\u00f1ana, pero est\u00e1 siendo un fin de semana complicado.\u00a0<b>No tener grip en las curvas r\u00e1pidas complica todo y no te hace disfrutar de manejar<\/b>\u201d, se\u00f1al\u00f3 el piloto argentino.<\/span><\/p>\n<figure class=\"base-media-item article-body__image\"><span style=\"color: #000000;\"><picture class=\"global-picture\"><img decoding=\"async\" class=\"global-image twoxl-740-469 xl-740-469 lg-740-469 md-740-469 sm-740-469 xsm-740-469\" src=\"https:\/\/www.canal26.com\/resizer\/v2\/44D26L5OFZEIJEWZ5S26CJ5UUU.JPG?auth=bd379b3e7055829a43c84dfebac70e2dd972ed9aa7f0c0b318060851a4a80b00&amp;smart=true&amp;width=950&amp;height=602&amp;quality=70\" sizes=\"(min-width: 900px) 950px, (min-width: 700px) 800px, (min-width: 600px) 780px, (min-width: 450px) 600px, (min-width: 320px) 450px, (min-width: 150px) 320px, 150px\" srcset=\"https:\/\/www.canal26.com\/resizer\/v2\/44D26L5OFZEIJEWZ5S26CJ5UUU.JPG?auth=bd379b3e7055829a43c84dfebac70e2dd972ed9aa7f0c0b318060851a4a80b00&amp;smart=true&amp;width=150&amp;height=95&amp;quality=70 150w, https:\/\/www.canal26.com\/resizer\/v2\/44D26L5OFZEIJEWZ5S26CJ5UUU.JPG?auth=bd379b3e7055829a43c84dfebac70e2dd972ed9aa7f0c0b318060851a4a80b00&amp;smart=true&amp;width=320&amp;height=203&amp;quality=70 320w, https:\/\/www.canal26.com\/resizer\/v2\/44D26L5OFZEIJEWZ5S26CJ5UUU.JPG?auth=bd379b3e7055829a43c84dfebac70e2dd972ed9aa7f0c0b318060851a4a80b00&amp;smart=true&amp;width=450&amp;height=285&amp;quality=70 450w, https:\/\/www.canal26.com\/resizer\/v2\/44D26L5OFZEIJEWZ5S26CJ5UUU.JPG?auth=bd379b3e7055829a43c84dfebac70e2dd972ed9aa7f0c0b318060851a4a80b00&amp;smart=true&amp;width=600&amp;height=380&amp;quality=70 600w, https:\/\/www.canal26.com\/resizer\/v2\/44D26L5OFZEIJEWZ5S26CJ5UUU.JPG?auth=bd379b3e7055829a43c84dfebac70e2dd972ed9aa7f0c0b318060851a4a80b00&amp;smart=true&amp;width=780&amp;height=494&amp;quality=70 780w, https:\/\/www.canal26.com\/resizer\/v2\/44D26L5OFZEIJEWZ5S26CJ5UUU.JPG?auth=bd379b3e7055829a43c84dfebac70e2dd972ed9aa7f0c0b318060851a4a80b00&amp;smart=true&amp;width=800&amp;height=507&amp;quality=70 800w, https:\/\/www.canal26.com\/resizer\/v2\/44D26L5OFZEIJEWZ5S26CJ5UUU.JPG?auth=bd379b3e7055829a43c84dfebac70e2dd972ed9aa7f0c0b318060851a4a80b00&amp;smart=true&amp;width=950&amp;height=602&amp;quality=70 950w\" alt=\"Franco Colapinto en el Gran Premio de Qatar.\" \/><\/picture><\/span><figcaption class=\"base-media-item__fig-caption\"><span style=\"color: #000000;\"><span class=\"base-media-item__caption\">Franco Colapinto en el Gran Premio de Qatar.\u00a0<\/span><span class=\"base-media-item__credit\">Foto: REUTERS<\/span><\/span><\/figcaption><\/figure>\n<p class=\"article-body__paragraph\"><span style=\"color: #000000;\">Y a\u00f1adi\u00f3: \u201c<b>Fuimos los dos muy lentos en general, estamos muy lejos<\/b>. Es un auto complicado de manejar, inestable y no se siente r\u00e1pido. Tenemos mucho que trabajar para ma\u00f1ana\u201d.<\/span><\/p>\n<p class=\"article-body__paragraph\"><span style=\"color: #000000;\">Adem\u00e1s, Colapinto describi\u00f3 el gran problema de Alpine: \u201cRompimos mucho el piso en la primera prueba libre porque\u00a0<b>tenemos mucho efecto de rebote en las curvas r\u00e1pidas\u00a0<\/b>y los dos nos despistamos\u201d, apunt\u00f3.<\/span><\/p>\n","protected":false},"excerpt":{"rendered":"<p>\u201cEs un auto complicado de manejar, inestable y no se siente r\u00e1pido\u201d, dispar\u00f3 el piloto argentino sobre el monoplaza de la escuder\u00eda francesa. Cu\u00e1ndo vuelve a correr. fOTO PORTADA: Franco Colapinto en el Gran Premio de Qatar. Foto: X @AlpineF1Team Franco Colapinto\u00a0termin\u00f3\u00a0\u00faltimo en la clasificaci\u00f3n a la carrera sprint del Gran Premio de Qatar\u00a0de la\u00a0F\u00f3rmula &hellip;<\/p>\n","protected":false},"author":2,"featured_media":29307,"comment_status":"open","ping_status":"open","sticky":false,"template":"","format":"standard","meta":{"footnotes":""},"categories":[2],"tags":[],"class_list":["post-29305","post","type-post","status-publish","format-standard","has-post-thumbnail","hentry","category-automovilismo"],"_links":{"self":[{"href":"https:\/\/www.sportchaco.com.ar\/index.php?rest_route=\/wp\/v2\/posts\/29305","targetHints":{"allow":["GET"]}}],"collection":[{"href":"https:\/\/www.sportchaco.com.ar\/index.php?rest_route=\/wp\/v2\/posts"}],"about":[{"href":"https:\/\/www.sportchaco.com.ar\/index.php?rest_route=\/wp\/v2\/types\/post"}],"author":[{"embeddable":true,"href":"https:\/\/www.sportchaco.com.ar\/index.php?rest_route=\/wp\/v2\/users\/2"}],"replies":[{"embeddable":true,"href":"https:\/\/www.sportchaco.com.ar\/index.php?rest_route=%2Fwp%2Fv2%2Fcomments&post=29305"}],"version-history":[{"count":1,"href":"https:\/\/www.sportchaco.com.ar\/index.php?rest_route=\/wp\/v2\/posts\/29305\/revisions"}],"predecessor-version":[{"id":29308,"href":"https:\/\/www.sportchaco.com.ar\/index.php?rest_route=\/wp\/v2\/posts\/29305\/revisions\/29308"}],"wp:featuredmedia":[{"embeddable":true,"href":"https:\/\/www.sportchaco.com.ar\/index.php?rest_route=\/wp\/v2\/media\/29307"}],"wp:attachment":[{"href":"https:\/\/www.sportchaco.com.ar\/index.php?rest_route=%2Fwp%2Fv2%2Fmedia&parent=29305"}],"wp:term":[{"taxonomy":"category","embeddable":true,"href":"https:\/\/www.sportchaco.com.ar\/index.php?rest_route=%2Fwp%2Fv2%2Fcategories&post=29305"},{"taxonomy":"post_tag","embeddable":true,"href":"https:\/\/www.sportchaco.com.ar\/index.php?rest_route=%2Fwp%2Fv2%2Ftags&post=29305"}],"curies":[{"name":"wp","href":"https:\/\/api.w.org\/{rel}","templated":true}]}}