{"id":29309,"date":"2025-11-28T18:35:09","date_gmt":"2025-11-28T21:35:09","guid":{"rendered":"https:\/\/www.sportchaco.com.ar\/?p=29309"},"modified":"2025-11-28T18:35:09","modified_gmt":"2025-11-28T21:35:09","slug":"veron-le-puso-mas-picante-a-central-cordoba-estudiantes","status":"publish","type":"post","link":"https:\/\/www.sportchaco.com.ar\/?p=29309","title":{"rendered":"Ver\u00f3n le puso m\u00e1s picante a Central C\u00f3rdoba-Estudiantes"},"content":{"rendered":"<div class=\"c-stack b-single-chain\" data-style-direction=\"vertical\" data-style-justification=\"start\" data-style-alignment=\"unset\" data-style-inline=\"false\" data-style-wrap=\"nowrap\">\n<div class=\"c-stack b-single-chain__children-stack\" data-style-direction=\"vertical\" data-style-justification=\"start\" data-style-alignment=\"unset\" data-style-inline=\"false\" data-style-wrap=\"nowrap\">\n<h2 class=\"p12Heading h2 p12Header\"><\/h2>\n<h1 class=\"p12Heading h1 p12Header\"><\/h1>\n<h5 class=\"p12Heading h3 p12Header\">El presidente pincha Juan Ram\u00f3n Veron habl\u00f3 por primera vez de la batalla con la AFA, ironiz\u00f3 sobre los santiague\u00f1os y apunt\u00f3 directamente contra Toviggino. Adem\u00e1s, defini\u00f3 como \u201cfallido\u201d el tan promocionado acuerdo con Foster Gillett.<\/h5>\n<div class=\"p12-article-info\">\n<hr class=\"p12-divider p12-divider--horizontal \" aria-hidden=\"true\" \/>\n<div class=\"article-info-content\">\n<div class=\"right-content\">\n<div class=\"p12Date undefined\"><time datetime=\"2025-11-28T21:07:40.943Z\">28 de noviembre de 2025<\/time><\/div>\n<div class=\"p12SocialIcons\">\n<p>&nbsp;<\/p>\n<\/div>\n<\/div>\n<\/div>\n<hr class=\"p12-divider p12-divider--horizontal \" aria-hidden=\"true\" \/>\n<\/div>\n<div class=\"p12-lead-art\">\n<figure class=\"c-media-item\">\n<div class=\"p12-lead-art__image-wrapper\"><\/div><figcaption class=\"c-media-item__fig-caption\"><strong><span class=\"c-media-item__title\">Foto portadaCentral Cordoba Estudiantes <\/span><span class=\"c-media-item__caption\">El Ferroviario y el Pincha jugaron en agosto pasado, cuando este partido era uno del mont\u00f3n. Ya no es as\u00ed.\u00a0<\/span><\/strong><\/figcaption><\/figure>\n<\/div>\n<\/div>\n<\/div>\n<div class=\"article-content\">\n<article class=\"p12-article-body  \">\n<p class=\"c-paragraph\"><b>Central C\u00f3rdoba y Estudiantes\u00a0<\/b>abrir\u00e1n la acci\u00f3n de los cuartos de final del Torneo Apertura este s\u00e1bado por la noche en Santiago del Estero.\u00a0<b>Un partido que hasta hace una semana era uno m\u00e1s<\/b>\u00a0y declaraciones, comunicados, sanciones y \u201cespaldazos\u201d mediante, se transform\u00f3 en\u00a0<b>un evento imperdible<\/b>.<\/p>\n<div class=\"p12-article-body__html\"><\/div>\n<p class=\"c-paragraph\">\u00bfMa\u00f1ana es s\u00e1bado? Bueno,\u00a0<b>va a estar complicado ma\u00f1ana&#8230; Porque es muy buen equipo, s\u00ed s\u00ed\u201c, ironiz\u00f3 Juan Sebasti\u00e1n Ver\u00f3n<\/b>, presidente pincha, sobre la cita contra los santiague\u00f1os durante una entrevista con el programa radial\u00a0<i>\u00bfY ahora qui\u00e9n podr\u00e1 ayudarnos?<\/i>, conducido por Ernesto Tenembaum.<\/p>\n<p class=\"c-paragraph\"><b>La aparici\u00f3n (v\u00eda tel\u00e9fono) de Ver\u00f3n fue la primera desde que se desat\u00f3 toda la pol\u00e9mica entre el club platense y la AFA por la designaci\u00f3n de Rosario Central como campe\u00f3n.\u00a0<\/b>En el medio pasaron tuits cruzados, el pasillo de campe\u00f3n y su consecuente \u201cespaldazo\u201d, la eliminaci\u00f3n a Central en Arroyito, m\u00e1s tuits cruzados y, el jueves, las fuertes sanciones de la AFA contra Ver\u00f3n y los jugadores pinchas.\u00a0<b>\u201cMe pone en alerta y me llama la atenci\u00f3n que (Pablo) Toviggino diga que el pr\u00f3ximo a\u00f1o la vamos a pasar mal.<\/b>\u00a0Vamos a tener que estar muy atentos\u201d, declar\u00f3 Ver\u00f3n -suspendido por seis meses para participar de toda actividad relacionada al f\u00fatbol profesional-, quien tambi\u00e9n tuvo tiempo para definir el proyecto inversor del empresario\u00a0<b>Foster Gillett<\/b>\u00a0en el Pincha, bandera del Gobierno para el avance de las SAD en el f\u00fatbol argentino, como\u00a0<b>\u201cun intento fallido\u201d<\/b>.<\/p>\n<div data-chromatic=\"ignore\">\n<div>\n<div>\n<div class=\"twitter-tweet twitter-tweet-rendered\"><\/div>\n<\/div>\n<\/div>\n<\/div>\n<p class=\"c-paragraph\">El hombre al que responde Ver\u00f3n en esta historia,\u00a0<b>Toviggino, es tesorero de la AFA<\/b>, expresidente de la Liga Santiague\u00f1a de F\u00fatbol, hombre fuerte en Central C\u00f3rdoba y, por supuesto, asiduo usuario de la red social X, exTwitter. \u201c\u00a1Felicitaciones Comandante! En silencio,\u00a0<b>no interrumpa al enemigo cuando est\u00e1 cometiendo un error \u00a1QUE 2026 NOS ESPERA!\u201c, tuite\u00f3 Toviggino horas despu\u00e9s\u00a0<\/b>de las declaraciones de Ver\u00f3n (\u201del enemigo\u00bb), aprovechando como excusa el fuerte apoyo de la Conmebol a Claudio Tapia (\u201cel comandante\u201d), quien fue ratificado por unanimidad como representante de la Confederaci\u00f3n Sudamericana ante la FIFA.<b>\u00a0Ese comentario sobre 2026<\/b>\u00a0ya hab\u00eda sido utilizado antes por Toviggino y\u00a0<b>es el que Ver\u00f3n catalog\u00f3 como una amenaza directa contra Estudiantes<\/b>.<\/p>\n<h2 class=\"p12-article-body__h2\">Un poco de f\u00fatbol<\/h2>\n<p class=\"c-paragraph\">Entre tanta pol\u00e9mica,\u00a0<b>desde las 21:30 se jugar\u00e1 un partido de f\u00fatbol en el Estadio Unico Madre de Ciudades, que contar\u00e1 con televisaci\u00f3n de TNT Sports Premium<\/b>, arbitraje de Yael Falc\u00f3n P\u00e9rez con asistencia de Silvio Trucco en el VAR.<\/p>\n<p class=\"c-paragraph\"><b>Central C\u00f3rdoba, de gran a\u00f1o bajo la conducci\u00f3n t\u00e9cnica de Omar De Felippe\u00a0<\/b>(en el primer semestre lleg\u00f3 a vencer a Flamengo en el Maracan\u00e1 por Copa Libertadores),\u00a0<b>viene de eliminar a San Lorenzo por 2-1<\/b>\u00a0y goza de la local\u00eda gracias a su 4\u00ba puesto en la Zona A durante la fase regular. Estudiantes, por su parte, dio el gran batacazo en Rosario por 1-0 luego de meterse por la ventana en playoffs (8\u00ba en la A). Como compartieron zona,\u00a0<b>el Ferroviario y el Pincha vienen de cruzarse hace poco: fue 2-0 para los santiague\u00f1os<\/b>\u00a0en su casa a fines de agosto con goles del arquero Muslera en contra y el picante Perell\u00f3, todo antes de los diez minutos de juego.<\/p>\n<div class=\"p12-article-body__embed-responsive\" data-chromatic=\"ignore\">\n<div>\n<div><iframe loading=\"lazy\" title=\"CENTRAL C\u00d3RDOBA 2 - 0 ESTUDIANTES | Resumen del partido | #TorneoBetano Clausura 2025\" src=\"https:\/\/www.youtube.com\/embed\/Hv8ZWx6ygFs?feature=oembed\" width=\"560\" height=\"315\" frameborder=\"0\" allowfullscreen=\"allowfullscreen\" data-mce-fragment=\"1\"><\/iframe><\/div>\n<\/div>\n<\/div>\n<p class=\"c-paragraph\">\u201cMucho m\u00e1s complicado que Rosario Central, partido complicad\u00edsimo\u201d, redund\u00f3 Ver\u00f3n sobre el choque de este noche y, ante la acotaci\u00f3n de que su equipo llega agrandado y tiene mucha historia a favor, respondi\u00f3 de manera ir\u00f3nica:<b>\u00a0\u201cJa, \u00bfsab\u00e9s c\u00f3mo te bajan la m\u00edstica? En un segundo te la bajan\u00bb<\/b>.<\/p>\n<p class=\"c-paragraph\">El vencedor de este encuentro esperar\u00e1 en semifinales al ganador del cruce del lunes entre Barracas Central y Gimnasia La Plata, a las 17 en el Estadio Claudio Fabi\u00e1n Tapia. \u201c<b>Tranquila la llave que nos toc\u00f3&#8230; 60 expulsados\u201d, coment\u00f3 al respecto la Brujita, entre bromeando y protestando<\/b>.<\/p>\n<\/article>\n<\/div>\n","protected":false},"excerpt":{"rendered":"<p>El presidente pincha Juan Ram\u00f3n Veron habl\u00f3 por primera vez de la batalla con la AFA, ironiz\u00f3 sobre los santiague\u00f1os y apunt\u00f3 directamente contra Toviggino. Adem\u00e1s, defini\u00f3 como \u201cfallido\u201d el tan promocionado acuerdo con Foster Gillett. 28 de noviembre de 2025 &nbsp; Foto portadaCentral Cordoba Estudiantes El Ferroviario y el Pincha jugaron en agosto pasado, &hellip;<\/p>\n","protected":false},"author":2,"featured_media":29310,"comment_status":"open","ping_status":"open","sticky":false,"template":"","format":"standard","meta":{"footnotes":""},"categories":[47],"tags":[],"class_list":["post-29309","post","type-post","status-publish","format-standard","has-post-thumbnail","hentry","category-nacionales"],"_links":{"self":[{"href":"https:\/\/www.sportchaco.com.ar\/index.php?rest_route=\/wp\/v2\/posts\/29309","targetHints":{"allow":["GET"]}}],"collection":[{"href":"https:\/\/www.sportchaco.com.ar\/index.php?rest_route=\/wp\/v2\/posts"}],"about":[{"href":"https:\/\/www.sportchaco.com.ar\/index.php?rest_route=\/wp\/v2\/types\/post"}],"author":[{"embeddable":true,"href":"https:\/\/www.sportchaco.com.ar\/index.php?rest_route=\/wp\/v2\/users\/2"}],"replies":[{"embeddable":true,"href":"https:\/\/www.sportchaco.com.ar\/index.php?rest_route=%2Fwp%2Fv2%2Fcomments&post=29309"}],"version-history":[{"count":1,"href":"https:\/\/www.sportchaco.com.ar\/index.php?rest_route=\/wp\/v2\/posts\/29309\/revisions"}],"predecessor-version":[{"id":29311,"href":"https:\/\/www.sportchaco.com.ar\/index.php?rest_route=\/wp\/v2\/posts\/29309\/revisions\/29311"}],"wp:featuredmedia":[{"embeddable":true,"href":"https:\/\/www.sportchaco.com.ar\/index.php?rest_route=\/wp\/v2\/media\/29310"}],"wp:attachment":[{"href":"https:\/\/www.sportchaco.com.ar\/index.php?rest_route=%2Fwp%2Fv2%2Fmedia&parent=29309"}],"wp:term":[{"taxonomy":"category","embeddable":true,"href":"https:\/\/www.sportchaco.com.ar\/index.php?rest_route=%2Fwp%2Fv2%2Fcategories&post=29309"},{"taxonomy":"post_tag","embeddable":true,"href":"https:\/\/www.sportchaco.com.ar\/index.php?rest_route=%2Fwp%2Fv2%2Ftags&post=29309"}],"curies":[{"name":"wp","href":"https:\/\/api.w.org\/{rel}","templated":true}]}}