{"id":29312,"date":"2025-11-28T20:31:49","date_gmt":"2025-11-28T23:31:49","guid":{"rendered":"https:\/\/www.sportchaco.com.ar\/?p=29312"},"modified":"2025-11-29T01:17:05","modified_gmt":"2025-11-29T04:17:05","slug":"el-cone-espindola-destaco-la-campana-de-defe","status":"publish","type":"post","link":"https:\/\/www.sportchaco.com.ar\/?p=29312","title":{"rendered":"El \u00abCone\u00bb Esp\u00edndola destac\u00f3 la campa\u00f1a de Defensores"},"content":{"rendered":"<p><strong>29-11-2025<\/strong><\/p>\n<p><img loading=\"lazy\" decoding=\"async\" class=\"aligncenter size-large wp-image-20253\" src=\"https:\/\/www.sportchaco.com.ar\/wp-content\/uploads\/2025\/06\/Campo-720x90-13-1024x128.gif\" alt=\"\" width=\"1024\" height=\"128\" srcset=\"https:\/\/www.sportchaco.com.ar\/wp-content\/uploads\/2025\/06\/Campo-720x90-13-1024x128.gif 1024w, https:\/\/www.sportchaco.com.ar\/wp-content\/uploads\/2025\/06\/Campo-720x90-13-300x38.gif 300w, https:\/\/www.sportchaco.com.ar\/wp-content\/uploads\/2025\/06\/Campo-720x90-13-768x96.gif 768w\" sizes=\"auto, (max-width: 1024px) 100vw, 1024px\" \/><\/p>\n<p>Defensores de Vilelas transita un presente exigente pero alentador en la doble competencia que afronta entre la Liga Chaque\u00f1a y el Torneo Regional Amateur. As\u00ed lo expres\u00f3 su director t\u00e9cnico, <strong data-start=\"584\" data-end=\"605\">Joaqu\u00edn Esp\u00edndola<\/strong>, en di\u00e1logo con <em data-start=\"622\" data-end=\"647\">Cara y Ceca del Deporte<\/em>, donde analiz\u00f3 el momento del equipo, los objetivos trazados y la paridad del certamen.<\/p>\n<audio class=\"wp-audio-shortcode\" id=\"audio-29312-1\" preload=\"none\" style=\"width: 100%;\" controls=\"controls\"><source type=\"audio\/mpeg\" src=\"https:\/\/www.sportchaco.com.ar\/wp-content\/uploads\/2025\/11\/Joaquin-Espindola.mp3?_=1\" \/><a href=\"https:\/\/www.sportchaco.com.ar\/wp-content\/uploads\/2025\/11\/Joaquin-Espindola.mp3\">https:\/\/www.sportchaco.com.ar\/wp-content\/uploads\/2025\/11\/Joaquin-Espindola.mp3<\/a><\/audio>\n<p>&nbsp;<\/p>\n<p data-start=\"737\" data-end=\"1067\"><strong>\u201cHoy estamos un poco m\u00e1s relajados porque pudimos lograr el primer objetivo, que era clasificar a la segunda fase del Regional\u201d<\/strong>, explic\u00f3 el entrenador de <strong data-start=\"891\" data-end=\"932\"><span class=\"hover:entity-accent entity-underline inline cursor-pointer align-baseline\"><span class=\"whitespace-normal\">Defensores de Vilelas<\/span><\/span><\/strong>. Sin embargo, remarc\u00f3 que el desgaste de la doble competencia se siente: \u201cJugar cada tres d\u00edas, a esta altura del a\u00f1o, es complicado\u201d.<\/p>\n<h2 data-start=\"1074\" data-end=\"1114\"><strong data-start=\"1077\" data-end=\"1114\">Un triunfo amplio, pero trabajoso<\/strong><\/h2>\n<p data-start=\"1116\" data-end=\"1436\">Esp\u00edndola tambi\u00e9n se refiri\u00f3 al \u00faltimo compromiso, donde el marcador fue amplio pero el desarrollo muy disputado.<\/p>\n<p data-start=\"1116\" data-end=\"1436\"><strong>\u201cFue un partido muy duro. En el primer tiempo tuvimos situaciones claras que no pudimos concretar. Despu\u00e9s, gracias a Dios, ampliamos la ventaja, pero cost\u00f3 mucho. La temperatura tambi\u00e9n influy\u00f3\u201d, se\u00f1al\u00f3.<\/strong><\/p>\n<p><img decoding=\"async\" src=\"https:\/\/scontent.fcnq2-2.fna.fbcdn.net\/v\/t39.30808-6\/588956571_805808725793395_1891589340636485781_n.jpg?_nc_cat=104&amp;ccb=1-7&amp;_nc_sid=833d8c&amp;_nc_ohc=9i0RPgAaekEQ7kNvwH_GeX7&amp;_nc_oc=AdnOQSHuBCdc-GpBU8mInYk9YMQMwbr4Fyz1kthIxIuT9RSQw50YwkRXBQsN12FVQkQ&amp;_nc_zt=23&amp;_nc_ht=scontent.fcnq2-2.fna&amp;_nc_gid=xAZweZSIAoOxWN4iE_tzBQ&amp;oh=00_AfhmzHALQ0ZAhEWauSITJo1DpuGfA9-nIfvn1lH7_piU8w&amp;oe=69300C38\" alt=\"Puede ser una imagen de f\u00fatbol y texto\" \/><\/p>\n<h2 data-start=\"1443\" data-end=\"1486\"><strong data-start=\"1446\" data-end=\"1486\">Objetivo claro: ir partido a partido<\/strong><\/h2>\n<p data-start=\"1488\" data-end=\"1730\">Consultado sobre las metas en el Regional Amateur, el DT fue cauto:<br data-start=\"1555\" data-end=\"1558\" \/><strong>\u201cVamos partido a partido, intentando llegar lo m\u00e1s lejos posible. Queremos pelear el ascenso, pero primero hay que ver para qu\u00e9 estamos cuando conozcamos al pr\u00f3ximo rival\u201d.<\/strong><\/p>\n<p data-start=\"1732\" data-end=\"1974\">En ese sentido, destac\u00f3 el potencial del plantel:<br data-start=\"1781\" data-end=\"1784\" \/><strong>\u201cTenemos un gran plantel, con jugadores de mucha jerarqu\u00eda. Eso te da un equipo s\u00faper competitivo. Fuimos de menor a mayor y todav\u00eda no logramos el juego ideal, pero conseguimos resultados\u201d.<\/strong><\/p>\n<h2 data-start=\"1981\" data-end=\"2026\"><strong data-start=\"1984\" data-end=\"2026\">La jerarqu\u00eda obliga a competir siempre<\/strong><\/h2>\n<p data-start=\"2028\" data-end=\"2360\">Esp\u00edndola reconoci\u00f3 que el equipo es candidato por nombres y recambio, aunque aclar\u00f3 que eso no garantiza nada:<\/p>\n<p data-start=\"2028\" data-end=\"2360\"><strong>\u201cIlusiona tener este tipo de jugadores, pero el inicio nos cost\u00f3. Perdimos en la primera fecha, tuvimos lesionados importantes y refuerzos que no pod\u00edamos utilizar. Eso nos condicion\u00f3. Ahora el equipo est\u00e1 m\u00e1s suelto\u201d.<\/strong><\/p>\n<p data-start=\"2362\" data-end=\"2568\">Sobre la competencia interna, afirm\u00f3:<br data-start=\"2399\" data-end=\"2402\" \/><strong>\u201cJuega el que mejor est\u00e1. Hay competencia sana. Los jugadores entienden que esto funciona as\u00ed. En general mantenemos el mismo esquema, siempre con una idea ofensiva\u201d.<\/strong><\/p>\n<p><img decoding=\"async\" src=\"https:\/\/scontent.fcnq2-1.fna.fbcdn.net\/v\/t39.30808-6\/588638357_804710952569839_8516880605322506671_n.jpg?_nc_cat=100&amp;ccb=1-7&amp;_nc_sid=833d8c&amp;_nc_ohc=d544V4QxBy4Q7kNvwFIz6Ev&amp;_nc_oc=AdlnctN2D_3y0YDv5B8UpZxQ_J3S_lnEjUzDxqY8Y0ALswpHnzizc5Vh0HDVwmnwHTU&amp;_nc_zt=23&amp;_nc_ht=scontent.fcnq2-1.fna&amp;_nc_gid=u9d7209F2BONyXoCGVVRxg&amp;oh=00_Afg-VvNFQkgmeQQfxMpH0ixy9nAAZ8ZnaCWvbwR4Sm87gw&amp;oe=692FFE3B\" alt=\"Puede ser una imagen de una o varias personas, personas jugando al f\u00fatbol, personas jugando al f\u00fatbol y texto\" \/><\/p>\n<h2 data-start=\"2575\" data-end=\"2625\"><strong data-start=\"2578\" data-end=\"2625\">Fortaleza defensiva y recuperaciones claves<\/strong><\/h2>\n<p data-start=\"2627\" data-end=\"2836\">El entrenador destac\u00f3 el orden defensivo como uno de los pilares del equipo:<br data-start=\"2703\" data-end=\"2706\" \/><strong>\u201cNo nos convierten mucho. Adem\u00e1s, estamos recuperando jugadores importantes que ven\u00edan lesionados, lo que nos ampl\u00eda el recambio\u201d.<\/strong><\/p>\n<h2 data-start=\"2843\" data-end=\"2874\"><strong data-start=\"2846\" data-end=\"2874\">Las canchas y la local\u00eda<\/strong><\/h2>\n<p data-start=\"2876\" data-end=\"3125\">En cuanto a los campos de juego, valor\u00f3 la cancha donde Defensores hace de local en el Regional:<strong> \u201cEs amplia, con buen piso. Cuando est\u00e1 bien cortada, nos favorece. En Vilelas a veces cuesta por la humedad, pero nunca tuvimos problemas para jugar\u201d.<\/strong><\/p>\n<p><img loading=\"lazy\" decoding=\"async\" class=\"aligncenter wp-image-29314 size-full\" src=\"https:\/\/www.sportchaco.com.ar\/wp-content\/uploads\/2025\/11\/Joaquin-espindola.jpg\" alt=\"\" width=\"780\" height=\"470\" srcset=\"https:\/\/www.sportchaco.com.ar\/wp-content\/uploads\/2025\/11\/Joaquin-espindola.jpg 780w, https:\/\/www.sportchaco.com.ar\/wp-content\/uploads\/2025\/11\/Joaquin-espindola-300x181.jpg 300w, https:\/\/www.sportchaco.com.ar\/wp-content\/uploads\/2025\/11\/Joaquin-espindola-768x463.jpg 768w\" sizes=\"auto, (max-width: 780px) 100vw, 780px\" \/><\/p>\n<h2 data-start=\"3132\" data-end=\"3185\"><strong data-start=\"3135\" data-end=\"3185\">Una zona pareja y una clasificaci\u00f3n anticipada<\/strong><\/h2>\n<p data-start=\"3187\" data-end=\"3416\">Esp\u00edndola fue sincero al reconocer que no imaginaban clasificar tan pronto:<br data-start=\"3262\" data-end=\"3265\" \/><strong>\u201cSi soy sincero, no. Sab\u00edamos que la zona iba a ser muy dura. No fuimos superiores a todos, pero logramos buenos resultados. La paridad es muy grande\u201d.<\/strong><\/p>\n<h2 data-start=\"3423\" data-end=\"3442\"><strong data-start=\"3426\" data-end=\"3442\">Lo que viene<\/strong><\/h2>\n<p data-start=\"3444\" data-end=\"3636\">De cara a la pr\u00f3xima fase, el DT fue claro: <strong>\u201cCualquier rival va a ser muy duro. Ahora empieza lo mejor. Tener una zona tan competitiva no nos permiti\u00f3 relajarnos nunca y eso nos da un plus\u201d.<\/strong><\/p>\n<p data-start=\"3638\" data-end=\"3837\">Adem\u00e1s, explic\u00f3 que el liderazgo en la Liga permite administrar cargas pensando tambi\u00e9n en el Regional: <strong>\u201cQueremos llegar bien a las dos competencias. Es clave rotar, dar minutos y planificar bien\u201d.<\/strong><\/p>\n<p>&nbsp;<\/p>\n<p><em><strong>Por Luis Dar\u00edo Molodezky y Marcos Daniel Acosta<\/strong><\/em><\/p>\n<p><img loading=\"lazy\" decoding=\"async\" class=\"aligncenter size-large wp-image-20149\" src=\"https:\/\/www.sportchaco.com.ar\/wp-content\/uploads\/2025\/06\/Chaco-sin-fuego-1080x1350-3-819x1024.gif\" alt=\"\" width=\"819\" height=\"1024\" srcset=\"https:\/\/www.sportchaco.com.ar\/wp-content\/uploads\/2025\/06\/Chaco-sin-fuego-1080x1350-3-819x1024.gif 819w, https:\/\/www.sportchaco.com.ar\/wp-content\/uploads\/2025\/06\/Chaco-sin-fuego-1080x1350-3-240x300.gif 240w, https:\/\/www.sportchaco.com.ar\/wp-content\/uploads\/2025\/06\/Chaco-sin-fuego-1080x1350-3-768x960.gif 768w, https:\/\/www.sportchaco.com.ar\/wp-content\/uploads\/2025\/06\/Chaco-sin-fuego-1080x1350-3-1229x1536.gif 1229w, https:\/\/www.sportchaco.com.ar\/wp-content\/uploads\/2025\/06\/Chaco-sin-fuego-1080x1350-3-1638x2048.gif 1638w\" sizes=\"auto, (max-width: 819px) 100vw, 819px\" \/><\/p>\n","protected":false},"excerpt":{"rendered":"<p>29-11-2025 Defensores de Vilelas transita un presente exigente pero alentador en la doble competencia que afronta entre la Liga Chaque\u00f1a y el Torneo Regional Amateur. As\u00ed lo expres\u00f3 su director t\u00e9cnico, Joaqu\u00edn Esp\u00edndola, en di\u00e1logo con Cara y Ceca del Deporte, donde analiz\u00f3 el momento del equipo, los objetivos trazados y la paridad del certamen. &hellip;<\/p>\n","protected":false},"author":2,"featured_media":29336,"comment_status":"open","ping_status":"open","sticky":false,"template":"","format":"standard","meta":{"footnotes":""},"categories":[5],"tags":[],"class_list":["post-29312","post","type-post","status-publish","format-standard","has-post-thumbnail","hentry","category-futbol"],"_links":{"self":[{"href":"https:\/\/www.sportchaco.com.ar\/index.php?rest_route=\/wp\/v2\/posts\/29312","targetHints":{"allow":["GET"]}}],"collection":[{"href":"https:\/\/www.sportchaco.com.ar\/index.php?rest_route=\/wp\/v2\/posts"}],"about":[{"href":"https:\/\/www.sportchaco.com.ar\/index.php?rest_route=\/wp\/v2\/types\/post"}],"author":[{"embeddable":true,"href":"https:\/\/www.sportchaco.com.ar\/index.php?rest_route=\/wp\/v2\/users\/2"}],"replies":[{"embeddable":true,"href":"https:\/\/www.sportchaco.com.ar\/index.php?rest_route=%2Fwp%2Fv2%2Fcomments&post=29312"}],"version-history":[{"count":6,"href":"https:\/\/www.sportchaco.com.ar\/index.php?rest_route=\/wp\/v2\/posts\/29312\/revisions"}],"predecessor-version":[{"id":29335,"href":"https:\/\/www.sportchaco.com.ar\/index.php?rest_route=\/wp\/v2\/posts\/29312\/revisions\/29335"}],"wp:featuredmedia":[{"embeddable":true,"href":"https:\/\/www.sportchaco.com.ar\/index.php?rest_route=\/wp\/v2\/media\/29336"}],"wp:attachment":[{"href":"https:\/\/www.sportchaco.com.ar\/index.php?rest_route=%2Fwp%2Fv2%2Fmedia&parent=29312"}],"wp:term":[{"taxonomy":"category","embeddable":true,"href":"https:\/\/www.sportchaco.com.ar\/index.php?rest_route=%2Fwp%2Fv2%2Fcategories&post=29312"},{"taxonomy":"post_tag","embeddable":true,"href":"https:\/\/www.sportchaco.com.ar\/index.php?rest_route=%2Fwp%2Fv2%2Ftags&post=29312"}],"curies":[{"name":"wp","href":"https:\/\/api.w.org\/{rel}","templated":true}]}}