{"id":29325,"date":"2025-11-29T00:41:44","date_gmt":"2025-11-29T03:41:44","guid":{"rendered":"https:\/\/www.sportchaco.com.ar\/?p=29325"},"modified":"2025-11-29T00:41:50","modified_gmt":"2025-11-29T03:41:50","slug":"efemerides-del-29-de-noviembre-3","status":"publish","type":"post","link":"https:\/\/www.sportchaco.com.ar\/?p=29325","title":{"rendered":"Efem\u00e9rides del 29 de noviembre"},"content":{"rendered":"<div class=\"container fullwidth-entry-title-wrapper\">\n<div class=\"container-wrapper fullwidth-entry-title\">\n<header class=\"entry-header-outer\">\n<div class=\"entry-header\">\n<h6 class=\"post-title entry-title\">Foto portada: Juan Carlos Su\u00e1rez a la derecha con Atlio Bangher y Luna.<\/h6>\n<div class=\"single-post-meta post-meta clearfix\"><\/div>\n<\/div>\n<\/header>\n<\/div>\n<\/div>\n<div id=\"content\" class=\"site-content container\">\n<div id=\"main-content-row\" class=\"tie-row main-content-row\">\n<div class=\"main-content tie-col-md-8 tie-col-xs-12\" role=\"main\">\n<article id=\"the-post\" class=\"container-wrapper post-content tie-standard\">\n<div class=\"featured-area\">\n<div class=\"featured-area-inner\"><\/div>\n<\/div>\n<div class=\"entry-content entry clearfix\">\n<p>&nbsp;<\/p>\n<p><strong>Esta es la Efem\u00e9rides del Deporte en el Chaco de un 29 de noviembre del periodista Luis Dar\u00edo Molodezky.<\/strong><\/p>\n<h5 style=\"text-align: center;\"><strong> <img loading=\"lazy\" decoding=\"async\" class=\"alignnone size-medium wp-image-29086\" src=\"https:\/\/www.sportchaco.com.ar\/wp-content\/uploads\/2025\/11\/Luis-carita-2-300x214.jpg\" alt=\"\" width=\"300\" height=\"214\" srcset=\"https:\/\/www.sportchaco.com.ar\/wp-content\/uploads\/2025\/11\/Luis-carita-2-300x214.jpg 300w, https:\/\/www.sportchaco.com.ar\/wp-content\/uploads\/2025\/11\/Luis-carita-2.jpg 600w\" sizes=\"auto, (max-width: 300px) 100vw, 300px\" \/><\/strong><\/h5>\n<h5><strong>\u00a0<\/strong><\/h5>\n<p><strong>1979\u00a0<\/strong>\/ Resultado ins\u00f3lito por la segunda fecha del oficial de la Asociaci\u00f3n Saenzpe\u00f1ense de B\u00e1squetbol: Uni\u00f3n Gimn\u00e1stica Sokol le gan\u00f3 a Maracaibo por 165 a 25.<\/p>\n<p>&nbsp;<\/p>\n<p><strong>1982\u00a0<\/strong>\/ El Club Don Bosco de Resistencia de Bochas se clasific\u00f3 campe\u00f3n de campeones de clubes al vencer en el cotejo final a Juventud Cooperativista por 18 a 4. Estuvieron presentes en S\u00e1enz Pe\u00f1a el presidente de la Federaci\u00f3n Atilio Bangher y los jueces nacionales Elio Luna y de Jes\u00fas C\u00e1ceres. Integraron el equipo campe\u00f3n Juan Carlos Su\u00e1rez, Jorge Su\u00e1rez (h) y Hugo Soto. Suplente Jorge Su\u00e1rez (p).<\/p>\n<p>&nbsp;<\/p>\n<p>&nbsp;<\/p>\n<p><strong>1987 \/<\/strong>\u00a0Miguel Fern\u00e1ndez se consagr\u00f3 Campe\u00f3n Argentino de Golf.<\/p>\n<p>&nbsp;<\/p>\n<p><strong>1992 \/<\/strong>\u00a0El equipo de la URNE compuesto por chaque\u00f1os y correntinos se qued\u00f3 con el t\u00edtulo al vencer a Rosario 31 a 12. Ese equipo estaba dirigido por\u00a0Fernando Gane\u00a0y el\u00a0Puma M\u00e9ndez\u00a0y lo integraron\u00a0Juan Demarchi,\u00a0Lisandro Mantilla,\u00a0Livio Guarnieri,\u00a0Walter Scordo,\u00a0Juan Esteban Castillo Odena,\u00a0Diego G\u00f3mez Coll,\u00a0Juan Mart\u00edn Meabe,\u00a0Santiago Galassi,\u00a0Alejandro Segovia,\u00a0Maximiliano Marc\u00f3,\u00a0Alfredo Mateos\u00a0y\u00a0Juan Manuel San Vicente. El grupo lo completaron Juan Valentinotti (PF) y\u00a0Luis Colignon\u00a0(Manager). Previamente URNE hab\u00eda eliminado a Mendoza en cuartos, Tucum\u00e1n en Semis.<\/p>\n<\/div>\n<\/article>\n<\/div>\n<\/div>\n<\/div>\n","protected":false},"excerpt":{"rendered":"<p>Foto portada: Juan Carlos Su\u00e1rez a la derecha con Atlio Bangher y Luna. &nbsp; Esta es la Efem\u00e9rides del Deporte en el Chaco de un 29 de noviembre del periodista Luis Dar\u00edo Molodezky. \u00a0 1979\u00a0\/ Resultado ins\u00f3lito por la segunda fecha del oficial de la Asociaci\u00f3n Saenzpe\u00f1ense de B\u00e1squetbol: Uni\u00f3n Gimn\u00e1stica Sokol le gan\u00f3 a &hellip;<\/p>\n","protected":false},"author":2,"featured_media":29328,"comment_status":"open","ping_status":"open","sticky":false,"template":"","format":"standard","meta":{"footnotes":""},"categories":[45,41],"tags":[],"class_list":["post-29325","post","type-post","status-publish","format-standard","has-post-thumbnail","hentry","category-efemerides-dia-por-dia","category-noviembre"],"_links":{"self":[{"href":"https:\/\/www.sportchaco.com.ar\/index.php?rest_route=\/wp\/v2\/posts\/29325","targetHints":{"allow":["GET"]}}],"collection":[{"href":"https:\/\/www.sportchaco.com.ar\/index.php?rest_route=\/wp\/v2\/posts"}],"about":[{"href":"https:\/\/www.sportchaco.com.ar\/index.php?rest_route=\/wp\/v2\/types\/post"}],"author":[{"embeddable":true,"href":"https:\/\/www.sportchaco.com.ar\/index.php?rest_route=\/wp\/v2\/users\/2"}],"replies":[{"embeddable":true,"href":"https:\/\/www.sportchaco.com.ar\/index.php?rest_route=%2Fwp%2Fv2%2Fcomments&post=29325"}],"version-history":[{"count":2,"href":"https:\/\/www.sportchaco.com.ar\/index.php?rest_route=\/wp\/v2\/posts\/29325\/revisions"}],"predecessor-version":[{"id":29330,"href":"https:\/\/www.sportchaco.com.ar\/index.php?rest_route=\/wp\/v2\/posts\/29325\/revisions\/29330"}],"wp:featuredmedia":[{"embeddable":true,"href":"https:\/\/www.sportchaco.com.ar\/index.php?rest_route=\/wp\/v2\/media\/29328"}],"wp:attachment":[{"href":"https:\/\/www.sportchaco.com.ar\/index.php?rest_route=%2Fwp%2Fv2%2Fmedia&parent=29325"}],"wp:term":[{"taxonomy":"category","embeddable":true,"href":"https:\/\/www.sportchaco.com.ar\/index.php?rest_route=%2Fwp%2Fv2%2Fcategories&post=29325"},{"taxonomy":"post_tag","embeddable":true,"href":"https:\/\/www.sportchaco.com.ar\/index.php?rest_route=%2Fwp%2Fv2%2Ftags&post=29325"}],"curies":[{"name":"wp","href":"https:\/\/api.w.org\/{rel}","templated":true}]}}