{"id":29354,"date":"2025-11-29T23:37:35","date_gmt":"2025-11-30T02:37:35","guid":{"rendered":"https:\/\/www.sportchaco.com.ar\/?p=29354"},"modified":"2025-11-29T23:37:31","modified_gmt":"2025-11-30T02:37:31","slug":"felix-vasco-echezarreta-una-vida-atravesada-por-el-deporte-y-el-rugido-de-los-motores","status":"publish","type":"post","link":"https:\/\/www.sportchaco.com.ar\/?p=29354","title":{"rendered":"F\u00e9lix \u201cVasco\u201d Echezarreta, una vida atravesada por el deporte y el rugido de los motores"},"content":{"rendered":"<h2 data-start=\"106\" data-end=\"197\"><\/h2>\n<h5 data-start=\"199\" data-end=\"615\">Un <strong data-start=\"202\" data-end=\"229\">28 de noviembre de 1932<\/strong>, en la ciudad de <span class=\"hover:entity-accent entity-underline inline cursor-pointer align-baseline\"><span class=\"whitespace-normal\">Resistencia<\/span><\/span>, nac\u00eda <strong data-start=\"292\" data-end=\"321\">F\u00e9lix \u201cVasco\u201d Echezarreta<\/strong>, uno de los personajes m\u00e1s polifac\u00e9ticos, apasionados y tambi\u00e9n pol\u00e9micos del deporte chaque\u00f1o. Hijo de una familia de trabajadores, tamberos de oficio, su historia es tambi\u00e9n la de los inmigrantes que forjaron su destino a fuerza de sacrificio, madrugadas eternas y compromiso con el trabajo.<\/h5>\n<p data-start=\"617\" data-end=\"1086\">Desde muy joven, a las <strong data-start=\"640\" data-end=\"661\">tres de la ma\u00f1ana<\/strong>, F\u00e9lix y sus hermanos sal\u00edan a repartir leche por la ciudad. En el barrio <strong data-start=\"736\" data-end=\"751\">El Favorito<\/strong>, donde se crio, comenzaron a asomar sus primeras condiciones deportivas. Fue <strong data-start=\"829\" data-end=\"861\">jockey en carreras cuadreras<\/strong>, futbolista en potreros y canchas del medio, con pasos por <span class=\"hover:entity-accent entity-underline inline cursor-pointer align-baseline\"><span class=\"whitespace-normal\">Argentino del Norte<\/span><\/span>, <span class=\"hover:entity-accent entity-underline inline cursor-pointer align-baseline\"><span class=\"whitespace-normal\">Uni\u00f3n de Villa Perrando<\/span><\/span> y finalmente por <span class=\"hover:entity-accent entity-underline inline cursor-pointer align-baseline\"><span class=\"whitespace-normal\">Chaco For Ever<\/span><\/span>, donde dej\u00f3 su sello de goleador.<\/p>\n<p data-start=\"617\" data-end=\"1086\"><img decoding=\"async\" class=\"aligncenter\" src=\"https:\/\/scontent.fcnq2-2.fna.fbcdn.net\/v\/t39.30808-6\/589776070_122116044999022572_6041592765355610736_n.jpg?stp=dst-jpg_p526x296_tt6&amp;_nc_cat=108&amp;ccb=1-7&amp;_nc_sid=127cfc&amp;_nc_ohc=UTzMzUnyq_sQ7kNvwE_-Y9t&amp;_nc_oc=AdnVPrtYV5DafadyvPtkM0JkYdg2A1NHyAATS6vPXJ9cyVPuHlpB-TlSaqDsYx9RA1k&amp;_nc_zt=23&amp;_nc_ht=scontent.fcnq2-2.fna&amp;_nc_gid=c6C8EqA5RRFdpSURsPMWuw&amp;oh=00_AfhXO-SCQaOkk6iLNeuPRnvqEP7Qan13j_FyCO6ZcrpneQ&amp;oe=6930CFD0\" alt=\"No hay ninguna descripci\u00f3n de la foto disponible.\" \/><\/p>\n<p data-start=\"1088\" data-end=\"1396\">Su transferencia de Uni\u00f3n a For Ever qued\u00f3 marcada en la historia: fue <strong data-start=\"1159\" data-end=\"1209\">el primer pase del f\u00fatbol profesional chaque\u00f1o<\/strong>, pagado en parte con ladrillos que se usaron para construir el muro perimetral del estadio. Una escena que hoy parece incre\u00edble, pero que refleja la \u00e9poca y la dimensi\u00f3n de su recorrido.<\/p>\n<p data-start=\"1398\" data-end=\"1748\">Sin embargo, su destino terminar\u00eda definitivamente ligado al <strong data-start=\"1459\" data-end=\"1477\">deporte tuerca<\/strong>. Primero fue el <strong data-start=\"1494\" data-end=\"1505\">karting<\/strong>, del que fue verdadero pionero en la regi\u00f3n. Luego lleg\u00f3 el <strong data-start=\"1566\" data-end=\"1582\">motociclismo<\/strong>, compartiendo pista con figuras rutilantes como <span class=\"hover:entity-accent entity-underline inline cursor-pointer align-baseline\"><span class=\"whitespace-normal\">Enzo Belotti<\/span><\/span>, <span class=\"hover:entity-accent entity-underline inline cursor-pointer align-baseline\"><span class=\"whitespace-normal\">Oscar Piovano<\/span><\/span> y <span class=\"hover:entity-accent entity-underline inline cursor-pointer align-baseline\"><span class=\"whitespace-normal\">C\u00e9sar Giuliano<\/span><\/span>.<\/p>\n<p data-start=\"1398\" data-end=\"1748\"><img decoding=\"async\" src=\"https:\/\/scontent.fcnq2-1.fna.fbcdn.net\/v\/t39.30808-6\/592452572_122116044405022572_3881789115476469034_n.jpg?_nc_cat=102&amp;ccb=1-7&amp;_nc_sid=127cfc&amp;_nc_ohc=0gIywGG8M08Q7kNvwGCfl0m&amp;_nc_oc=Adk-xYWrSc5DBQ5jEOuZsOc98ooX7D0f2tWLwQDO3VMW9e06jW9VDnPYhwsxj7FP-UE&amp;_nc_zt=23&amp;_nc_ht=scontent.fcnq2-1.fna&amp;_nc_gid=v2zWpHjZicQ9DoayNil0bw&amp;oh=00_AfjjzXHSXbddyWN-1Iuop_HAY9mmC8yUdSNxYxIluXscwA&amp;oe=6930E735\" alt=\"No hay ninguna descripci\u00f3n de la foto disponible.\" \/><\/p>\n<p data-start=\"1398\" data-end=\"1748\"><strong>Mucho automovilismo en estado foto, Fronzotti, Laurita y&#8230; entre otros<\/strong><\/p>\n<p data-start=\"1750\" data-end=\"2297\">M\u00e1s tarde, los autos ser\u00edan su gran pasi\u00f3n. Fue <strong data-start=\"1798\" data-end=\"1818\">m\u00faltiple campe\u00f3n<\/strong> en la <strong data-start=\"1825\" data-end=\"1845\">F\u00f3rmula Chaque\u00f1a<\/strong>, en la <strong data-start=\"1853\" data-end=\"1875\">Clase D con Torino<\/strong> y en la <strong data-start=\"1884\" data-end=\"1907\">Clase A con Gordini<\/strong>, siempre con un estilo aguerrido, frontal, sin especulaciones. Su \u00faltima actuaci\u00f3n como piloto fue en <strong data-start=\"2010\" data-end=\"2018\">1992<\/strong>, en <span class=\"hover:entity-accent entity-underline inline cursor-pointer align-baseline\"><span class=\"whitespace-normal\">Las Parejas<\/span><\/span>, en una carrera de la <strong data-start=\"2083\" data-end=\"2112\">F\u00f3rmula Renault Argentina<\/strong> que quedar\u00eda en la historia por marcar el primer triunfo de <span class=\"hover:entity-accent entity-underline inline cursor-pointer align-baseline\"><span class=\"whitespace-normal\">Juan Manuel Pato Silva<\/span><\/span>. Un accidente en esa competencia termin\u00f3 de sellar su retiro definitivo de las pistas.<\/p>\n<p data-start=\"1750\" data-end=\"2297\"><img decoding=\"async\" src=\"https:\/\/scontent.fcnq2-2.fna.fbcdn.net\/v\/t39.30808-6\/592878937_122116044387022572_8720080857825612727_n.jpg?_nc_cat=108&amp;ccb=1-7&amp;_nc_sid=127cfc&amp;_nc_ohc=N-CRNe3W6AgQ7kNvwGY4poi&amp;_nc_oc=AdlZ82-cj8ajzOqFwdHdwamNU7aX6r2ku4dgFGWs2rgHIxvJ2fv3BqOQszpPTfjz-m8&amp;_nc_zt=23&amp;_nc_ht=scontent.fcnq2-2.fna&amp;_nc_gid=c4nQs99WHzrQn5WVFY_jgQ&amp;oh=00_Afggad1t1rgolh493tqkCyyxHbpgVOwOe4N1dmJgLHgkfQ&amp;oe=6930D6CC\" alt=\"No hay ninguna descripci\u00f3n de la foto disponible.\" \/><\/p>\n<p data-start=\"1750\" data-end=\"2297\"><strong>Echezarreta con Rabinovich, Latorre y Varas, en el cumplea\u00f1os 80 del Vasco<\/strong><\/p>\n<p data-start=\"2299\" data-end=\"2689\">Pero si como piloto dej\u00f3 huella, como <strong data-start=\"2337\" data-end=\"2375\">dirigente su legado fue monumental<\/strong>. Fue fundador de la <strong data-start=\"2396\" data-end=\"2435\">Asociaci\u00f3n de Volantes del Nordeste<\/strong>, re-fundador y presidente en varios per\u00edodos del <span class=\"hover:entity-accent entity-underline inline cursor-pointer align-baseline\"><span class=\"whitespace-normal\">Chaco Automoto Club<\/span><\/span>, e impulsor clave de la compra y construcci\u00f3n del <strong data-start=\"2573\" data-end=\"2601\">Aut\u00f3dromo de Resistencia<\/strong>, inaugurado el <strong data-start=\"2617\" data-end=\"2640\">24 de junio de 1979<\/strong>, luego de a\u00f1os de gestiones, luchas y pol\u00e9micas.<\/p>\n<p data-start=\"2691\" data-end=\"3162\">Antes de eso, el automovilismo chaque\u00f1o hab\u00eda tenido como emblema el circuito de <strong data-start=\"2772\" data-end=\"2798\">\u201cEl Patito Endiablado\u201d<\/strong>, enclavado en terrenos de la familia Echezarreta. El propio \u201cVasco\u201d dise\u00f1\u00f3 su trazado junto a <span class=\"hover:entity-accent entity-underline inline cursor-pointer align-baseline\"><span class=\"whitespace-normal\">Yaco Guarnieri<\/span><\/span> y <span class=\"hover:entity-accent entity-underline inline cursor-pointer align-baseline\"><span class=\"whitespace-normal\">Chito Scarp\u00edn<\/span><\/span>. All\u00ed, el 27 de julio de 1969, se inaugur\u00f3 oficialmente con el Turismo Nacional y jornadas memorables del Zonal y del Anexo J. Para muchos, fue la <strong data-start=\"3122\" data-end=\"3161\">catedral del automovilismo regional<\/strong>.<\/p>\n<p data-start=\"3164\" data-end=\"3611\">Inquieto hasta el final, a los <strong data-start=\"3195\" data-end=\"3206\">77 a\u00f1os<\/strong>, en <strong data-start=\"3211\" data-end=\"3219\">2009<\/strong>, volvi\u00f3 a subirse a un auto para reeditar la legendaria <strong data-start=\"3276\" data-end=\"3300\">Buenos Aires\u2013Caracas<\/strong>, rindiendo homenaje a los grandes pioneros como <span class=\"hover:entity-accent entity-underline inline cursor-pointer align-baseline\"><span class=\"whitespace-normal\">Eduardo Orcola<\/span><\/span> y <span class=\"hover:entity-accent entity-underline inline cursor-pointer align-baseline\"><span class=\"whitespace-normal\">Guido Agazzani<\/span><\/span>. Lo hizo a bordo de un <strong data-start=\"3454\" data-end=\"3481\">Mercedes Benz 350 coup\u00e9<\/strong>, con tres cajas de velocidades. Su acompa\u00f1ante, Eduardo Besga, desert\u00f3 en Mendoza, pero el \u201cVasco\u201d sigui\u00f3 solo, fiel a su estilo.<\/p>\n<p data-start=\"3613\" data-end=\"4022\">En los \u00faltimos a\u00f1os, el paso del tiempo fue marcando su cuerpo y su memoria. Aun as\u00ed, intentaba recordar fechas, carreras y an\u00e9cdotas con la misma pasi\u00f3n de siempre. \u201cNo me dejan salir en auto, me esconden las llaves y yo estoy muy bien\u201d, dec\u00eda, con esa voz fina que lo caracterizaba. Tambi\u00e9n mostraba preocupaci\u00f3n por la situaci\u00f3n de algunos terrenos de su propiedad en la zona del acceso Norte de la ciudad.<\/p>\n<p data-start=\"4024\" data-end=\"4312\">El <strong data-start=\"4027\" data-end=\"4052\">16 de febrero de 2020<\/strong>, a los <strong data-start=\"4060\" data-end=\"4071\">87 a\u00f1os<\/strong>, F\u00e9lix \u201cVasco\u201d Echezarreta falleci\u00f3 en Resistencia. Se fue un <strong data-start=\"4134\" data-end=\"4183\">protagonista irrepetible del deporte chaque\u00f1o<\/strong>, un luchador incansable, un hombre de convicciones firmes, pol\u00e9mico, apasionado, pero sobre todo un <strong data-start=\"4284\" data-end=\"4311\">constructor de historia<\/strong>.<\/p>\n<p data-start=\"4314\" data-end=\"4582\">Hoy, su nombre sigue retumbando en cada curva del aut\u00f3dromo, en cada recuerdo del karting, en cada relato del viejo \u201cPatito Endiablado\u201d, como un s\u00edmbolo de una \u00e9poca en la que el deporte se hac\u00eda con barro en las botas, las manos llenas de grasa\u2026 y el coraz\u00f3n a fondo. Controvertido y discutido como pocos, hizo historia<\/p>\n<p data-start=\"4314\" data-end=\"4582\"><strong><img loading=\"lazy\" decoding=\"async\" class=\"alignnone wp-image-29355\" src=\"https:\/\/www.sportchaco.com.ar\/wp-content\/uploads\/2025\/11\/Luis-carita-1-287x300.jpg\" alt=\"\" width=\"128\" height=\"134\" srcset=\"https:\/\/www.sportchaco.com.ar\/wp-content\/uploads\/2025\/11\/Luis-carita-1-287x300.jpg 287w, https:\/\/www.sportchaco.com.ar\/wp-content\/uploads\/2025\/11\/Luis-carita-1.jpg 430w\" sizes=\"auto, (max-width: 128px) 100vw, 128px\" \/>\u00a0POR LUIS DARIO MOLODEZKY<\/strong><\/p>\n","protected":false},"excerpt":{"rendered":"<p>Un 28 de noviembre de 1932, en la ciudad de Resistencia, nac\u00eda F\u00e9lix \u201cVasco\u201d Echezarreta, uno de los personajes m\u00e1s polifac\u00e9ticos, apasionados y tambi\u00e9n pol\u00e9micos del deporte chaque\u00f1o. Hijo de una familia de trabajadores, tamberos de oficio, su historia es tambi\u00e9n la de los inmigrantes que forjaron su destino a fuerza de sacrificio, madrugadas eternas &hellip;<\/p>\n","protected":false},"author":2,"featured_media":29356,"comment_status":"open","ping_status":"open","sticky":false,"template":"","format":"standard","meta":{"footnotes":""},"categories":[1,78],"tags":[],"class_list":["post-29354","post","type-post","status-publish","format-standard","has-post-thumbnail","hentry","category-fotos-del-recuerdo","category-historias"],"_links":{"self":[{"href":"https:\/\/www.sportchaco.com.ar\/index.php?rest_route=\/wp\/v2\/posts\/29354","targetHints":{"allow":["GET"]}}],"collection":[{"href":"https:\/\/www.sportchaco.com.ar\/index.php?rest_route=\/wp\/v2\/posts"}],"about":[{"href":"https:\/\/www.sportchaco.com.ar\/index.php?rest_route=\/wp\/v2\/types\/post"}],"author":[{"embeddable":true,"href":"https:\/\/www.sportchaco.com.ar\/index.php?rest_route=\/wp\/v2\/users\/2"}],"replies":[{"embeddable":true,"href":"https:\/\/www.sportchaco.com.ar\/index.php?rest_route=%2Fwp%2Fv2%2Fcomments&post=29354"}],"version-history":[{"count":5,"href":"https:\/\/www.sportchaco.com.ar\/index.php?rest_route=\/wp\/v2\/posts\/29354\/revisions"}],"predecessor-version":[{"id":29362,"href":"https:\/\/www.sportchaco.com.ar\/index.php?rest_route=\/wp\/v2\/posts\/29354\/revisions\/29362"}],"wp:featuredmedia":[{"embeddable":true,"href":"https:\/\/www.sportchaco.com.ar\/index.php?rest_route=\/wp\/v2\/media\/29356"}],"wp:attachment":[{"href":"https:\/\/www.sportchaco.com.ar\/index.php?rest_route=%2Fwp%2Fv2%2Fmedia&parent=29354"}],"wp:term":[{"taxonomy":"category","embeddable":true,"href":"https:\/\/www.sportchaco.com.ar\/index.php?rest_route=%2Fwp%2Fv2%2Fcategories&post=29354"},{"taxonomy":"post_tag","embeddable":true,"href":"https:\/\/www.sportchaco.com.ar\/index.php?rest_route=%2Fwp%2Fv2%2Ftags&post=29354"}],"curies":[{"name":"wp","href":"https:\/\/api.w.org\/{rel}","templated":true}]}}