{"id":29364,"date":"2025-11-29T23:33:19","date_gmt":"2025-11-30T02:33:19","guid":{"rendered":"https:\/\/www.sportchaco.com.ar\/?p=29364"},"modified":"2025-11-30T00:02:35","modified_gmt":"2025-11-30T03:02:35","slug":"miguel-angel-fernandez-la-huella-imborrable-de-una-pluma-mayor","status":"publish","type":"post","link":"https:\/\/www.sportchaco.com.ar\/?p=29364","title":{"rendered":"Miguel \u00c1ngel Fern\u00e1ndez, la huella imborrable de una pluma mayor"},"content":{"rendered":"<p>&nbsp;<\/p>\n<h2 data-start=\"114\" data-end=\"182\"><\/h2>\n<h2 data-start=\"114\" data-end=\"182\"><\/h2>\n<h2 data-start=\"114\" data-end=\"182\">Hoy a 5 a\u00f1os de su partida, evocamos a Miguel Angel Fernandez, una de las plumas brillantes y de las \u00faltimas del periodismo escrito en el Chaco. Lo queremos hacer con los textos del periodista Eduardo L\u00f3pez, pero tambi\u00e9n con una nota deportiva, actividad que amaba, y que de vez en cuanto recordaba con comentarios de los partidos de For Ever o este homenaje cuando falleci\u00f3 Edgardo Outeri\u00f1o en las p\u00e1ginas de Norte. Sus inicios los tuvieron muy vinculado al deporte en las p\u00e1ginas de El Territorio y LT5 Radio Chaco.<\/h2>\n<h2 data-start=\"114\" data-end=\"182\"><\/h2>\n<h5 data-start=\"183\" data-end=\"202\"><em data-start=\"183\" data-end=\"202\">Por Eduardo L\u00f3pez <\/em><em data-start=\"183\" data-end=\"202\"><img loading=\"lazy\" decoding=\"async\" class=\"alignnone wp-image-29366\" src=\"https:\/\/www.sportchaco.com.ar\/wp-content\/uploads\/2025\/11\/Reconociento45-220x300.jpg\" alt=\"\" width=\"59\" height=\"81\" srcset=\"https:\/\/www.sportchaco.com.ar\/wp-content\/uploads\/2025\/11\/Reconociento45-220x300.jpg 220w, https:\/\/www.sportchaco.com.ar\/wp-content\/uploads\/2025\/11\/Reconociento45-752x1024.jpg 752w, https:\/\/www.sportchaco.com.ar\/wp-content\/uploads\/2025\/11\/Reconociento45-768x1046.jpg 768w, https:\/\/www.sportchaco.com.ar\/wp-content\/uploads\/2025\/11\/Reconociento45-1128x1536.jpg 1128w, https:\/\/www.sportchaco.com.ar\/wp-content\/uploads\/2025\/11\/Reconociento45-1504x2048.jpg 1504w, https:\/\/www.sportchaco.com.ar\/wp-content\/uploads\/2025\/11\/Reconociento45-scaled.jpg 1880w\" sizes=\"auto, (max-width: 59px) 100vw, 59px\" \/><\/em><\/h5>\n<p data-start=\"204\" data-end=\"648\">A cinco a\u00f1os de su partida, <strong data-start=\"232\" data-end=\"258\">Miguel \u00c1ngel Fern\u00e1ndez<\/strong> sigue siendo una referencia inevitable cuando se habla de periodismo escrito en el Chaco. Fue una de las \u00faltimas grandes plumas de una generaci\u00f3n que hizo del oficio una verdadera escuela de vida, de \u00e9tica y de compromiso con la noticia. Su legado no se mide solo en a\u00f1os \u2014que fueron muchos\u2014 sino en las generaciones que form\u00f3 y en la huella profunda que dej\u00f3 en cada redacci\u00f3n donde pas\u00f3.<\/p>\n<p data-start=\"650\" data-end=\"1061\">Miguel hab\u00eda nacido el <strong data-start=\"673\" data-end=\"698\">14 de octubre de 1943<\/strong> en <span class=\"hover:entity-accent entity-underline inline cursor-pointer align-baseline\"><span class=\"whitespace-normal\">El Zapallar<\/span><\/span> \u2014hoy <span class=\"hover:entity-accent entity-underline inline cursor-pointer align-baseline\"><span class=\"whitespace-normal\">General San Mart\u00edn<\/span><\/span>\u2014 y muri\u00f3 el <strong data-start=\"795\" data-end=\"822\">30 de noviembre de 2020<\/strong> en <span class=\"hover:entity-accent entity-underline inline cursor-pointer align-baseline\"><span class=\"whitespace-normal\">Resistencia<\/span><\/span>, a los 77 a\u00f1os. Maestro de formaci\u00f3n, periodista por vocaci\u00f3n irrenunciable, aprendi\u00f3 el oficio desde muy joven, junto a su padre, <strong data-start=\"995\" data-end=\"1016\">Luciano Fern\u00e1ndez<\/strong>, en corresponsal\u00edas que marcaron su destino.<\/p>\n<p data-start=\"1063\" data-end=\"1623\">Desde los a\u00f1os estudiantiles ya trabajaba para <span class=\"hover:entity-accent entity-underline inline cursor-pointer align-baseline\"><span class=\"whitespace-normal\">El Territorio<\/span><\/span> y tambi\u00e9n para <span class=\"hover:entity-accent entity-underline inline cursor-pointer align-baseline\"><span class=\"whitespace-normal\">La Naci\u00f3n<\/span><\/span>. En 1963 fue convocado por el director <strong data-start=\"1240\" data-end=\"1254\">Luis Viola<\/strong> y se incorpor\u00f3 de lleno al trabajo en redacci\u00f3n, en tiempos vertiginosos, cuando el diario incluso lleg\u00f3 a tener edici\u00f3n vespertina. Aquella etapa qued\u00f3 marcada por coberturas hist\u00f3ricas, como la noticia de la muerte de <strong data-start=\"1475\" data-end=\"1491\">John Kennedy<\/strong>, publicada apenas una hora y media despu\u00e9s del hecho, o el regreso triunfal del <span class=\"hover:entity-accent entity-underline inline cursor-pointer align-baseline\"><span class=\"whitespace-normal\">Coro Polif\u00f3nico de Resistencia<\/span><\/span> desde Arezzo.<\/p>\n<p data-start=\"1625\" data-end=\"2162\">En <strong data-start=\"1628\" data-end=\"1645\">El Territorio<\/strong> comparti\u00f3 redacci\u00f3n con gigantes del oficio como <strong data-start=\"1695\" data-end=\"1722\">Carlos L\u00f3pez Piacentini<\/strong> y <strong data-start=\"1725\" data-end=\"1745\">Godofredo Gerzel<\/strong>, llegando a ser secretario de Redacci\u00f3n hasta 1969. Ese a\u00f1o, junto a L\u00f3pez Piacentini y <strong data-start=\"1834\" data-end=\"1851\">Guido Miranda<\/strong>, se alej\u00f3 del diario por diferencias con la l\u00ednea editorial en un tiempo en que el nuevo diario <span class=\"hover:entity-accent entity-underline inline cursor-pointer align-baseline\"><span class=\"whitespace-normal\">Norte<\/span><\/span> comenzaba a competir fuerte desde su aparici\u00f3n en 1968. De esa ruptura tambi\u00e9n nacer\u00eda la hist\u00f3rica <strong data-start=\"2086\" data-end=\"2104\">Revista Regi\u00f3n<\/strong>, una experiencia cultural y period\u00edstica de enorme valor.<\/p>\n<p data-start=\"2164\" data-end=\"2629\">Entre 1972 y 1973 fue director de Prensa de la Gobernaci\u00f3n durante la gesti\u00f3n del coronel <strong data-start=\"2254\" data-end=\"2269\">Oscar Mazza<\/strong>, y tambi\u00e9n jefe de Prensa de la Delegaci\u00f3n Chaco de la <span class=\"hover:entity-accent entity-underline inline cursor-pointer align-baseline\"><span class=\"whitespace-normal\">Federaci\u00f3n Argentina de Cooperativas Agr\u00edcolas<\/span><\/span>. Luego, fue subdirector de <strong data-start=\"2390\" data-end=\"2399\">NORTE<\/strong> entre 1972 y 1974, etapa en la que vivi\u00f3 uno de los momentos m\u00e1s duros de su vida profesional: estuvo detenido durante un mes en Gendarmer\u00eda tras la publicaci\u00f3n de un comunicado de la Triple A. Al recuperar la libertad, renunci\u00f3.<\/p>\n<p data-start=\"2631\" data-end=\"3118\">Su regreso definitivo a <strong data-start=\"2655\" data-end=\"2664\">NORTE<\/strong> se produjo en 1978, cuando el diario pas\u00f3 a manos de los empresarios <strong data-start=\"2734\" data-end=\"2750\">Romero Feris<\/strong>. Desde entonces \u2014y durante <strong data-start=\"2778\" data-end=\"2789\">43 a\u00f1os<\/strong>\u2014 fue su director. Bajo su conducci\u00f3n, el diario atraves\u00f3 etapas complejas, pol\u00edticas, econ\u00f3micas y sociales, sin resignar su identidad ni su rol como formador de periodistas. A muchos de nosotros nos ense\u00f1\u00f3 que el t\u00edtulo debe decir lo justo, que la cr\u00f3nica debe ser precisa y que el periodista no puede negociar su credibilidad.<\/p>\n<p data-start=\"2631\" data-end=\"3118\"><img loading=\"lazy\" decoding=\"async\" class=\"size-medium wp-image-29382 aligncenter\" src=\"https:\/\/www.sportchaco.com.ar\/wp-content\/uploads\/2025\/11\/Willy-Luis-Fernandez-y-Allou-300x200.jpg\" alt=\"\" width=\"300\" height=\"200\" srcset=\"https:\/\/www.sportchaco.com.ar\/wp-content\/uploads\/2025\/11\/Willy-Luis-Fernandez-y-Allou-300x200.jpg 300w, https:\/\/www.sportchaco.com.ar\/wp-content\/uploads\/2025\/11\/Willy-Luis-Fernandez-y-Allou-1024x683.jpg 1024w, https:\/\/www.sportchaco.com.ar\/wp-content\/uploads\/2025\/11\/Willy-Luis-Fernandez-y-Allou-768x512.jpg 768w, https:\/\/www.sportchaco.com.ar\/wp-content\/uploads\/2025\/11\/Willy-Luis-Fernandez-y-Allou-1536x1024.jpg 1536w, https:\/\/www.sportchaco.com.ar\/wp-content\/uploads\/2025\/11\/Willy-Luis-Fernandez-y-Allou.jpg 1575w\" sizes=\"auto, (max-width: 300px) 100vw, 300px\" \/><\/p>\n<p data-start=\"2631\" data-end=\"3118\"><strong>MIGUEL ANGEL FERN\u00c1NDEZ COMANDO EL EQUIPO PERIODISTICO DE LA DECADA DEL 2000 CON WILLY RODRIGUEZ, LUIS DARIO MOLODEZKY Y CARLOS ANIBAL ALLOU.<\/strong><\/p>\n<p data-start=\"3120\" data-end=\"3450\">Miguel tambi\u00e9n fue una figura fuerte en la radio y la televisi\u00f3n. Condujo programas rurales, magazines informativos y ciclos de an\u00e1lisis en Canal 9 de Resistencia, en cables y en numerosas emisoras. Su \u00faltima trinchera radial fue la FM Universidad de la <span class=\"hover:entity-accent entity-underline inline cursor-pointer align-baseline\"><span class=\"whitespace-normal\">UTN<\/span><\/span>, donde trabaj\u00f3 hasta sus \u00faltimos d\u00edas.<\/p>\n<p data-start=\"3452\" data-end=\"3813\">Represent\u00f3 al Chaco en entidades nacionales e internacionales como <span class=\"hover:entity-accent entity-underline inline cursor-pointer align-baseline\"><span class=\"whitespace-normal\">ADEPA<\/span><\/span>, <span class=\"hover:entity-accent entity-underline inline cursor-pointer align-baseline\"><span class=\"whitespace-normal\">ADIRA<\/span><\/span> y la <span class=\"hover:entity-accent entity-underline inline cursor-pointer align-baseline\"><span class=\"whitespace-normal\">Sociedad Interamericana de Prensa<\/span><\/span>, que le otorg\u00f3 un premio en Estados Unidos por el programa <strong data-start=\"3702\" data-end=\"3731\">\u201cEl Diario en la Escuela\u201d<\/strong>, una iniciativa que uni\u00f3 educaci\u00f3n y periodismo como pocos proyectos lo lograron.<\/p>\n<p data-start=\"3815\" data-end=\"4214\">En 2014 recibi\u00f3 el <strong data-start=\"3834\" data-end=\"3864\">Premio Santa Clara de As\u00eds<\/strong>, y en 2018, al cumplir 75 a\u00f1os, fue homenajeado con una plazoleta que lleva su nombre en Resistencia, donde se instal\u00f3 la escultura <strong data-start=\"3997\" data-end=\"4009\">\u201cPasi\u00f3n\u201d<\/strong> de <span class=\"hover:entity-accent entity-underline inline cursor-pointer align-baseline\"><span class=\"whitespace-normal\">Fabriciano G\u00f3mez<\/span><\/span>. Como escritor dej\u00f3 una obra de enorme valor hist\u00f3rico: el libro <em data-start=\"4118\" data-end=\"4155\">\u201cGallardo, el canillita gobernador\u201d<\/em>, sobre la vida de <span class=\"hover:entity-accent entity-underline inline cursor-pointer align-baseline\"><span class=\"whitespace-normal\">Felipe Gallardo<\/span><\/span>.<\/p>\n<p data-start=\"4216\" data-end=\"4627\">Casado con <strong data-start=\"4227\" data-end=\"4243\">Raquel Livio<\/strong>, fue padre de <strong data-start=\"4258\" data-end=\"4285\">Claudia, Mary y Marcelo<\/strong>. El 25 de septiembre de 2021, su hija Claudia y su nieta <strong data-start=\"4343\" data-end=\"4365\">Florencia Mart\u00ednez<\/strong>, ambas periodistas, donaron al Archivo Hist\u00f3rico Provincial una parte fundamental de su legado documental. Ese mismo a\u00f1o, la Municipalidad de Carlos Paz le entreg\u00f3, de manera p\u00f3stuma, el <strong data-start=\"4553\" data-end=\"4574\">\u201cCarlos de Honor\u201d<\/strong>, por su tarea de difusi\u00f3n del turismo en esa ciudad.<\/p>\n<p data-start=\"4629\" data-end=\"4900\">Miguel \u00c1ngel Fern\u00e1ndez fue, ante todo, un <strong data-start=\"4671\" data-end=\"4697\">maestro del periodismo<\/strong>. De los que correg\u00edan con paciencia, pero con firmeza. De los que ense\u00f1aban con el ejemplo. A cinco a\u00f1os de su partida, su nombre sigue siendo sin\u00f3nimo de rigor, de vocaci\u00f3n, de entrega total al oficio.<\/p>\n<p data-start=\"4902\" data-end=\"5096\">Algunos hombres no se van del todo. Se quedan en cada redacci\u00f3n, en cada archivo, en cada joven que aprende a escribir una noticia con la misma pasi\u00f3n con la que \u00e9l lo hizo durante toda su vida.<\/p>\n<h1 data-start=\"4902\" data-end=\"5096\">Miguel Angel Fern\u00e1ndez repasando la vida de Edgardo Outeri\u00f1o, luego de su partida, en8\u00a0 octubre de 1985, firmando con EMEAEFE.<\/h1>\n<p data-start=\"4902\" data-end=\"5096\"><img decoding=\"async\" src=\"https:\/\/scontent.fcnq2-1.fna.fbcdn.net\/v\/t39.30808-6\/592384097_122116046721022572_9167344981773262054_n.jpg?_nc_cat=105&amp;ccb=1-7&amp;_nc_sid=127cfc&amp;_nc_ohc=1aNC4rPgln8Q7kNvwE8V8yR&amp;_nc_oc=AdkusYJ1-mS5iNF3YTNmLO1JeT6rRq-a8ePm5Hg7burIB82-H-y3j4ZOMxQR3816ufQ&amp;_nc_zt=23&amp;_nc_ht=scontent.fcnq2-1.fna&amp;_nc_gid=53YZ4gHS96iP9SKM7Kvcnw&amp;oh=00_Afg5s7xMZGAwRQB-L4WXH9QuaTthSVOS3u5DzNFci05o1A&amp;oe=6930E928\" alt=\"Puede ser una imagen de texto que dice &quot;O PERDIO LOS MAS GRANDES El viaje sin retorno de Edgardo Outeri\u00f1o Cha- sus mayores fundamentos una us. enmu- Edgardo Outeri- ba- istorial hombres paso atributos, tender que, canchas pareci\u00f3 ina- con paso todas aquellas insertan Outeri\u00f1o &quot;Mito&quot; Outeri\u00f1o nun- Aicides aloraba t\u00e9cnica pudo cuando dias, lesvincu- olpes ciala ombinada ase empujo ha- muerte. tible orque jamas fafectos, una los quedan vieja distanciarlos rectangulos volvia crisol valores todavia tantar sobre iempo encontro querido ngacion virtudes g8. siempre quenas Edgardo del podiai obligaci\u00f3n todavia aquellos en preci- cesto este ara&quot;\" \/>}<\/p>\n<p data-start=\"4902\" data-end=\"5096\"><strong><img loading=\"lazy\" decoding=\"async\" class=\"alignnone wp-image-29355\" src=\"https:\/\/www.sportchaco.com.ar\/wp-content\/uploads\/2025\/11\/Luis-carita-1-287x300.jpg\" alt=\"\" width=\"88\" height=\"92\" srcset=\"https:\/\/www.sportchaco.com.ar\/wp-content\/uploads\/2025\/11\/Luis-carita-1-287x300.jpg 287w, https:\/\/www.sportchaco.com.ar\/wp-content\/uploads\/2025\/11\/Luis-carita-1.jpg 430w\" sizes=\"auto, (max-width: 88px) 100vw, 88px\" \/>\u00a0PRODUCCION LUIS DARIO MOLODEZKY<\/strong><\/p>\n<p data-start=\"4902\" data-end=\"5096\">\n","protected":false},"excerpt":{"rendered":"<p>&nbsp; Hoy a 5 a\u00f1os de su partida, evocamos a Miguel Angel Fernandez, una de las plumas brillantes y de las \u00faltimas del periodismo escrito en el Chaco. Lo queremos hacer con los textos del periodista Eduardo L\u00f3pez, pero tambi\u00e9n con una nota deportiva, actividad que amaba, y que de vez en cuanto recordaba con &hellip;<\/p>\n","protected":false},"author":2,"featured_media":29370,"comment_status":"open","ping_status":"open","sticky":false,"template":"","format":"standard","meta":{"footnotes":""},"categories":[1,78],"tags":[],"class_list":["post-29364","post","type-post","status-publish","format-standard","has-post-thumbnail","hentry","category-fotos-del-recuerdo","category-historias"],"_links":{"self":[{"href":"https:\/\/www.sportchaco.com.ar\/index.php?rest_route=\/wp\/v2\/posts\/29364","targetHints":{"allow":["GET"]}}],"collection":[{"href":"https:\/\/www.sportchaco.com.ar\/index.php?rest_route=\/wp\/v2\/posts"}],"about":[{"href":"https:\/\/www.sportchaco.com.ar\/index.php?rest_route=\/wp\/v2\/types\/post"}],"author":[{"embeddable":true,"href":"https:\/\/www.sportchaco.com.ar\/index.php?rest_route=\/wp\/v2\/users\/2"}],"replies":[{"embeddable":true,"href":"https:\/\/www.sportchaco.com.ar\/index.php?rest_route=%2Fwp%2Fv2%2Fcomments&post=29364"}],"version-history":[{"count":9,"href":"https:\/\/www.sportchaco.com.ar\/index.php?rest_route=\/wp\/v2\/posts\/29364\/revisions"}],"predecessor-version":[{"id":29424,"href":"https:\/\/www.sportchaco.com.ar\/index.php?rest_route=\/wp\/v2\/posts\/29364\/revisions\/29424"}],"wp:featuredmedia":[{"embeddable":true,"href":"https:\/\/www.sportchaco.com.ar\/index.php?rest_route=\/wp\/v2\/media\/29370"}],"wp:attachment":[{"href":"https:\/\/www.sportchaco.com.ar\/index.php?rest_route=%2Fwp%2Fv2%2Fmedia&parent=29364"}],"wp:term":[{"taxonomy":"category","embeddable":true,"href":"https:\/\/www.sportchaco.com.ar\/index.php?rest_route=%2Fwp%2Fv2%2Fcategories&post=29364"},{"taxonomy":"post_tag","embeddable":true,"href":"https:\/\/www.sportchaco.com.ar\/index.php?rest_route=%2Fwp%2Fv2%2Ftags&post=29364"}],"curies":[{"name":"wp","href":"https:\/\/api.w.org\/{rel}","templated":true}]}}