{"id":2939,"date":"2023-11-16T23:33:08","date_gmt":"2023-11-17T02:33:08","guid":{"rendered":"https:\/\/www.sportchaco.com.ar\/?p=2939"},"modified":"2023-11-16T23:33:08","modified_gmt":"2023-11-17T02:33:08","slug":"pre-federal-hercules-alvear-prmer-duelo-por-el-titulo","status":"publish","type":"post","link":"https:\/\/www.sportchaco.com.ar\/?p=2939","title":{"rendered":"PRE FEDERAL: H\u00c9RCULES-ALVEAR, PRMER DUELO POR EL T\u00cdTULO"},"content":{"rendered":"<p>&nbsp;<\/p>\n<p><b>\u00a0<\/b><\/p>\n<p>&nbsp;<\/p>\n<p>H\u00e9rcules y Alvear protagonizar\u00e1n este viernes el primer duelo de la final del Torneo Provincial Pre Federal de B\u00e1squet, cuando a las 22 se enfrenten en Charata con arbitraje de Sebasti\u00e1n Vasallo, Lucas Sotelo y Enzo Zamprogno, y Alejandra Moreno de comisionada t\u00e9cnica.<\/p>\n<p>Ambos han tenido un rendimiento de menor a mayor y han accedido a esta instancia luego de barrer sus respectivas series en semifinales. El \u201cazulgrana\u201d dej\u00f3 en el camino en la etapa anterior a Cultural de Santa Sylvina, luego de ganar 80 a 69 en el mismo reducto donde iniciar\u00e1 la final, y 61 a 56 de visitante. Previamente, se deshizo de Comercio de la misma localidad (86-76 y 84-77).<\/p>\n<p>El \u201calbinegro\u201d, en tanto, en la instancia anterior elimin\u00f3 al campe\u00f3n Hind\u00fa de manera clara, gan\u00e1ndole de visitante 85 a 73 y luego en casa por 83 a 65; y en cuartos de final hab\u00eda derrotado a Don Bosco (99-77 y 64-50). Este ser\u00e1 el tercer enfrentamiento de ambos en la competencia, teniendo en cuenta que compartieron la Zona \u201cB\u201d en la fase regular.<\/p>\n<p>En el primer duelo, disputado en el arranque mismo del torneo en Charata, H\u00e9rcules se impuso 74 a 67; y en la revancha que tuvo lugar en la sexta fecha en Villa \u00c1ngela, el triunfo fue para Alvear por 65 a 60. Adem\u00e1s hab\u00edan protagonizado otros enfrentamientos en el \u00e1mbito de la Asociaci\u00f3n del Sudoeste, a cuya instituci\u00f3n representan.<\/p>\n<p>El conjunto de Charata, que perdi\u00f3 solo dos juegos, hab\u00eda ganado su grupo y tiene en el corzuelense Gabriel Frencia a su goleador; y los de Villa \u00c1ngela, que terminaron segundos con siete triunfos y tres ca\u00eddas, cuenta con Adri\u00e1n Rubio y Lautaro Loto como sus m\u00e1ximos anotadores.<\/p>\n<p>El primer juego de la serie al mejor de tres ser\u00e1 este viernes a las 22 en el estadio de H\u00e9rcules; y el segundo se trasladar\u00e1 a Villa \u00c1ngela el 24 de este mes. En caso de ser necesario un tercer partido, se volver\u00e1 a jugar en Charata el 1 de diciembre. Los partidos finales se podr\u00e1n ver en vivo en el Facebook de la Federaci\u00f3n Chaque\u00f1a de B\u00e1squetbol, y en diferido por Chaco TV.<\/p>\n<p>&nbsp;<\/p>\n<p><b>FUENTE:<\/b>\u00a0Federaci\u00f3n Chaque\u00f1a de B\u00e1squetbol<\/p>\n<p><b>FOTO:<\/b> <strong>H\u00e9rcules de Charata en el Pre Federal<\/strong><\/p>\n","protected":false},"excerpt":{"rendered":"<p>&nbsp; \u00a0 &nbsp; H\u00e9rcules y Alvear protagonizar\u00e1n este viernes el primer duelo de la final del Torneo Provincial Pre Federal de B\u00e1squet, cuando a las 22 se enfrenten en Charata con arbitraje de Sebasti\u00e1n Vasallo, Lucas Sotelo y Enzo Zamprogno, y Alejandra Moreno de comisionada t\u00e9cnica. Ambos han tenido un rendimiento de menor a mayor &hellip;<\/p>\n","protected":false},"author":2,"featured_media":2940,"comment_status":"open","ping_status":"open","sticky":false,"template":"","format":"standard","meta":{"footnotes":""},"categories":[3],"tags":[],"class_list":["post-2939","post","type-post","status-publish","format-standard","has-post-thumbnail","hentry","category-basquetbol"],"_links":{"self":[{"href":"https:\/\/www.sportchaco.com.ar\/index.php?rest_route=\/wp\/v2\/posts\/2939","targetHints":{"allow":["GET"]}}],"collection":[{"href":"https:\/\/www.sportchaco.com.ar\/index.php?rest_route=\/wp\/v2\/posts"}],"about":[{"href":"https:\/\/www.sportchaco.com.ar\/index.php?rest_route=\/wp\/v2\/types\/post"}],"author":[{"embeddable":true,"href":"https:\/\/www.sportchaco.com.ar\/index.php?rest_route=\/wp\/v2\/users\/2"}],"replies":[{"embeddable":true,"href":"https:\/\/www.sportchaco.com.ar\/index.php?rest_route=%2Fwp%2Fv2%2Fcomments&post=2939"}],"version-history":[{"count":1,"href":"https:\/\/www.sportchaco.com.ar\/index.php?rest_route=\/wp\/v2\/posts\/2939\/revisions"}],"predecessor-version":[{"id":2941,"href":"https:\/\/www.sportchaco.com.ar\/index.php?rest_route=\/wp\/v2\/posts\/2939\/revisions\/2941"}],"wp:featuredmedia":[{"embeddable":true,"href":"https:\/\/www.sportchaco.com.ar\/index.php?rest_route=\/wp\/v2\/media\/2940"}],"wp:attachment":[{"href":"https:\/\/www.sportchaco.com.ar\/index.php?rest_route=%2Fwp%2Fv2%2Fmedia&parent=2939"}],"wp:term":[{"taxonomy":"category","embeddable":true,"href":"https:\/\/www.sportchaco.com.ar\/index.php?rest_route=%2Fwp%2Fv2%2Fcategories&post=2939"},{"taxonomy":"post_tag","embeddable":true,"href":"https:\/\/www.sportchaco.com.ar\/index.php?rest_route=%2Fwp%2Fv2%2Ftags&post=2939"}],"curies":[{"name":"wp","href":"https:\/\/api.w.org\/{rel}","templated":true}]}}