{"id":29396,"date":"2025-11-29T20:38:25","date_gmt":"2025-11-29T23:38:25","guid":{"rendered":"https:\/\/www.sportchaco.com.ar\/?p=29396"},"modified":"2025-11-29T21:35:03","modified_gmt":"2025-11-30T00:35:03","slug":"rossi-y-zapallito-sanchez-ganaron-la-series-del-procar-4000","status":"publish","type":"post","link":"https:\/\/www.sportchaco.com.ar\/?p=29396","title":{"rendered":"Rossi y Zapallito S\u00e1nchez ganaron la series del Procar 4000"},"content":{"rendered":"<header>\n<h3 class=\"text-uppercase h6 text-primary\"><\/h3>\n<h1 class=\"title text-big font-weight-bold mb-0\"><span style=\"font-size: 16px; font-weight: 400;\">29\/11\/202<\/span><\/h1>\n<h1 class=\"title text-big font-weight-bold mb-0\"><\/h1>\n<div class=\"metadata mt-3 line-height-clear text-dark\">\n<address class=\"author mb-0 h6\">\u00a0<\/address>\n<\/div>\n<\/header>\n<figure class=\"border-bottom border-gray pb-3 mb-3\"><\/figure>\n<section class=\"border-bottom border-gray pb-3 mb-3\">El\u00a0<strong>Procar 4000<\/strong>\u00a0estar\u00e1 disputando el\u00a0<strong>Gran Premio Coronaci\u00f3n\u00a0<\/strong>en el marco de la\u00a0<strong>\u00faltima fecha\u00a0<\/strong><strong>de la temporada 2025<\/strong>\u00a0en el aut\u00f3dromo\u00a0<strong>\u201cRoberto Mouras\u201d\u00a0<\/strong>de\u00a0<strong>La Plata<\/strong>. Bajo una intensa e incesante lluvia se pusiero en marcha las<strong>\u00a0Series de la Clase A<\/strong>, que tuvieron como ganador a<strong>\u00a0Gast\u00f3n Rossi y Oscar S\u00e1nchez.\u00a0<\/strong><\/section>\n<header>\n<h1 class=\"title text-big font-weight-bold mb-0\">las Series de la Clase A en La Plata<\/h1>\n<div class=\"lead mt-3\">\n<p>Gast\u00f3n Rossi y Omar S\u00e1nchez fueron los m\u00e1s r\u00e1pidos de las Series en el aut\u00f3dromo \u201cRoberto Mouras\u201d en la \u00faltima\u00a0fecha de la temporada 2025 de la Clase A del Procar 4000.<\/p>\n<\/div>\n<div class=\"metadata mt-3 line-height-clear text-dark\"><\/div>\n<\/header>\n<figure class=\"border-bottom border-gray pb-3 mb-3\"><img decoding=\"async\" class=\"img-fluid\" src=\"https:\/\/www.carburando.com\/media\/cache\/post_desktop_700\/images\/692b4decb62e6938696525.jpg\" sizes=\"(max-width: 800px) 700px, (max-width: 1200px) 1000px, (max-width: 2400px) 2000px, 3000px\" srcset=\" https:\/\/www.carburando.com\/media\/cache\/post_desktop_700\/images\/692b4decb62e6938696525.jpg 700w, https:\/\/www.carburando.com\/media\/cache\/post_desktop_1000\/images\/692b4decb62e6938696525.jpg 1000w, https:\/\/www.carburando.com\/media\/cache\/post_desktop_2000\/images\/692b4decb62e6938696525.jpg 2000w, https:\/\/www.carburando.com\/media\/cache\/post_desktop_3000\/images\/692b4decb62e6938696525.jpg 3000w \" alt=\"Procar 4000: Rossi y S\u00e1nchez se quedaron con las Series de la Clase A en La Plata\" \/><figcaption class=\"small text-muted mt-2\">Procar 4000: Rossi y S\u00e1nchez se quedaron con las Series de la Clase A en La Plata<\/figcaption><\/figure>\n<section class=\"border-bottom border-gray pb-3 mb-3\">El\u00a0<strong>Procar 4000<\/strong>\u00a0desembarc\u00f3 en el\u00a0<strong>aut\u00f3dromo \u201cRoberto Mouras\u201d de La Plata\u00a0\u00a0<\/strong>para llevar a cabo la<strong>\u00a0\u00faltima fecha\u00a0<\/strong>de la temporada 2025. All\u00ed,\u00a0<strong>Alan Guevara y Gast\u00f3n Rossi<\/strong>\u00a0fueron los protagonistas de las Series de la\u00a0<strong>Clase A.<\/strong>Luego de que\u00a0<strong>Germ\u00e1n Pietranera<\/strong>\u00a0se quera con\u00a0la clasificaci\u00f3n, y que\u00a0<strong>Gast\u00f3n Rossi y Oscar S\u00e1nchez<\/strong>\u00a0lo siguieran, se llevaron a cabo las series. En la primera, el que domin\u00f3 de punta a punta fue el\u00a0<strong>\u00abGato\u00bb\u00a0<\/strong>con un tiempo de\u00a0<strong>9:47.441<\/strong>\u00a0(quien adem\u00e1s\u00a0largar\u00e1 desde la pole debido a que fue el m\u00e1s r\u00e1pida), mientras que lo siguieron\u00a0<strong>Emmanuel \u00abTiki\u00bb P\u00e9rez Bravo y Ezequiel G\u00f3mez<\/strong>, a\u00a0<strong>+4.105<\/strong>\u00a0y\u00a0<strong>+5.032<\/strong>, respectivamente.<\/p>\n<table>\n<thead>\n<tr>\n<th>Posici\u00f3n<\/th>\n<th>Piloto<\/th>\n<th>Tiempo Total<\/th>\n<th>Diferencia<\/th>\n<\/tr>\n<\/thead>\n<tbody>\n<tr>\n<td>1<\/td>\n<td>Gaston Rossi<\/td>\n<td>9:47.441<\/td>\n<td>&#8211;<\/td>\n<\/tr>\n<tr>\n<td>2<\/td>\n<td>Emanuel P\u00e9rez Bravo<\/td>\n<td>9:51.546<\/td>\n<td>4.105<\/td>\n<\/tr>\n<tr>\n<td>3<\/td>\n<td>Ezequiel Gomez<\/td>\n<td>9:52.473<\/td>\n<td>5.032<\/td>\n<\/tr>\n<tr>\n<td>4<\/td>\n<td>Fabi\u00e1n Maggini (M)<\/td>\n<td>10:01.357<\/td>\n<td>13.916<\/td>\n<\/tr>\n<tr>\n<td>5<\/td>\n<td>Ramiro Apecetche<\/td>\n<td>10:10.252<\/td>\n<td>22.811<\/td>\n<\/tr>\n<\/tbody>\n<\/table>\n<p>En la segunda bater\u00eda,<strong>\u00a0Omar \u00abZapallito\u00bb S\u00e1nchez\u00a0<\/strong><strong>lider\u00f3 sin inconvenientes<\/strong>. Aventaj\u00f3 a\u00a0<strong>Luis Maggini y Alejandro Gobetto<\/strong>,\u00a0quienes completaron las primeras tres posiciones a\u00a0<strong>+9.007 y +14.575<\/strong>, respectivamente.<\/p>\n<table>\n<thead>\n<tr>\n<th>Posici\u00f3n<\/th>\n<th>Piloto<\/th>\n<th>Tiempo Total<\/th>\n<th>Diferencia<\/th>\n<\/tr>\n<\/thead>\n<tbody>\n<tr>\n<td>1<\/td>\n<td>Oscar S\u00e1nchez (M)<\/td>\n<td>9:51.970<\/td>\n<td>&#8211;<\/td>\n<\/tr>\n<tr>\n<td>2<\/td>\n<td>Luis Maggini (M)<\/td>\n<td>10:00.977<\/td>\n<td>9.007<\/td>\n<\/tr>\n<tr>\n<td>3<\/td>\n<td>Alejandro Gobetto<\/td>\n<td>10:06.545<\/td>\n<td>14.575<\/td>\n<\/tr>\n<tr>\n<td>4<\/td>\n<td>Alan Guevara<\/td>\n<td>10:07.689<\/td>\n<td>15.719<\/td>\n<\/tr>\n<tr>\n<td>5<\/td>\n<td>Cristian Valencia<\/td>\n<td>10:17.215<\/td>\n<td>25.245<\/td>\n<\/tr>\n<\/tbody>\n<\/table>\n<p><img decoding=\"async\" src=\"https:\/\/scontent.fcnq2-2.fna.fbcdn.net\/v\/t39.30808-6\/592669405_122116087077022572_8831575384324028532_n.jpg?_nc_cat=110&amp;ccb=1-7&amp;_nc_sid=127cfc&amp;_nc_ohc=FhL5FSniaFEQ7kNvwFtHAfm&amp;_nc_oc=AdkrQhzqDO5PNCeB-qqi_QeuV10cJZdI8YK7irIlEPlxF8aUnF4Ql3rHjFCaJ3-G3MQ&amp;_nc_zt=23&amp;_nc_ht=scontent.fcnq2-2.fna&amp;_nc_gid=dXqEVAvaC8XO4oFLZtDWdQ&amp;oh=00_Afgek8vHP62rmsINCsJx4CaRlFy0BtRDe2s6lm8dMlPYqg&amp;oe=69315C0E\" alt=\"Puede ser una imagen de texto\" \/><\/p>\n<\/section>\n","protected":false},"excerpt":{"rendered":"<p>29\/11\/202 \u00a0 El\u00a0Procar 4000\u00a0estar\u00e1 disputando el\u00a0Gran Premio Coronaci\u00f3n\u00a0en el marco de la\u00a0\u00faltima fecha\u00a0de la temporada 2025\u00a0en el aut\u00f3dromo\u00a0\u201cRoberto Mouras\u201d\u00a0de\u00a0La Plata. Bajo una intensa e incesante lluvia se pusiero en marcha las\u00a0Series de la Clase A, que tuvieron como ganador a\u00a0Gast\u00f3n Rossi y Oscar S\u00e1nchez.\u00a0 las Series de la Clase A en La Plata Gast\u00f3n Rossi &hellip;<\/p>\n","protected":false},"author":2,"featured_media":29398,"comment_status":"open","ping_status":"open","sticky":false,"template":"","format":"standard","meta":{"footnotes":""},"categories":[2],"tags":[],"class_list":["post-29396","post","type-post","status-publish","format-standard","has-post-thumbnail","hentry","category-automovilismo"],"_links":{"self":[{"href":"https:\/\/www.sportchaco.com.ar\/index.php?rest_route=\/wp\/v2\/posts\/29396","targetHints":{"allow":["GET"]}}],"collection":[{"href":"https:\/\/www.sportchaco.com.ar\/index.php?rest_route=\/wp\/v2\/posts"}],"about":[{"href":"https:\/\/www.sportchaco.com.ar\/index.php?rest_route=\/wp\/v2\/types\/post"}],"author":[{"embeddable":true,"href":"https:\/\/www.sportchaco.com.ar\/index.php?rest_route=\/wp\/v2\/users\/2"}],"replies":[{"embeddable":true,"href":"https:\/\/www.sportchaco.com.ar\/index.php?rest_route=%2Fwp%2Fv2%2Fcomments&post=29396"}],"version-history":[{"count":4,"href":"https:\/\/www.sportchaco.com.ar\/index.php?rest_route=\/wp\/v2\/posts\/29396\/revisions"}],"predecessor-version":[{"id":29405,"href":"https:\/\/www.sportchaco.com.ar\/index.php?rest_route=\/wp\/v2\/posts\/29396\/revisions\/29405"}],"wp:featuredmedia":[{"embeddable":true,"href":"https:\/\/www.sportchaco.com.ar\/index.php?rest_route=\/wp\/v2\/media\/29398"}],"wp:attachment":[{"href":"https:\/\/www.sportchaco.com.ar\/index.php?rest_route=%2Fwp%2Fv2%2Fmedia&parent=29396"}],"wp:term":[{"taxonomy":"category","embeddable":true,"href":"https:\/\/www.sportchaco.com.ar\/index.php?rest_route=%2Fwp%2Fv2%2Fcategories&post=29396"},{"taxonomy":"post_tag","embeddable":true,"href":"https:\/\/www.sportchaco.com.ar\/index.php?rest_route=%2Fwp%2Fv2%2Ftags&post=29396"}],"curies":[{"name":"wp","href":"https:\/\/api.w.org\/{rel}","templated":true}]}}