{"id":29402,"date":"2025-11-29T20:45:45","date_gmt":"2025-11-29T23:45:45","guid":{"rendered":"https:\/\/www.sportchaco.com.ar\/?p=29402"},"modified":"2025-11-29T20:45:45","modified_gmt":"2025-11-29T23:45:45","slug":"piastri-larga-primero-y-colapinto-ultimo-en-qatar","status":"publish","type":"post","link":"https:\/\/www.sportchaco.com.ar\/?p=29402","title":{"rendered":"Piastri larga primero y Colapinto \u00faltimo en Qatar"},"content":{"rendered":"<div class=\"article-header article-headline-live-blogging with-follow-button-ctn\">\n<h5 id=\"franco-colapinto-tuvo-otra-mala-clasificacion-con-el-alpine-y-largara-ultimo-el-gran-premio-de-qatar-de-formula-1\" class=\"display-block article-headline text_align_center article-headline-live-blogging\">Franco Colapinto tuvo otra mala clasificaci\u00f3n con el Alpine y largar\u00e1 \u00faltimo el Gran Premio de Qatar de F\u00f3rmula 1 Tras ser 20\u00b0 en la Sprint, el argentino no logr\u00f3 marcar buen ritmo y se ubic\u00f3 al fondo del pelot\u00f3n. Gasly avanz\u00f3 hasta la Q3 e iniciar\u00e1 9\u00b0<\/h5>\n<\/div>\n<div class=\"body-blogging-share-bar\">\n<div class=\"sharebar-container display_flex\">\n<div class=\"sharebar-buttons-container display_flex\">\n<div class=\"sharebar-buttons button-save\" tabindex=\"0\" role=\"button\" aria-label=\"Guardar\"><\/div>\n<div class=\"sharebar-buttons-separator\"><\/div>\n<\/div>\n<\/div>\n<\/div>\n<div class=\"body-blogging-top-line\"><\/div>\n<div class=\"body-blogging-article\">\n<p class=\"paragraph\">La carrera principal del Gran Premio de Qatar tendr\u00e1 la\u00a0<a title=\"https:\/\/www.infobae.com\/deportes\/2025\/11\/29\/arde-la-pelea-por-el-titulo-de-la-formula-1-tras-la-victoria-de-oscar-piastri-en-la-sprint-del-gran-premio-de-qatar-asi-quedo-la-tabla\/\" href=\"https:\/\/www.infobae.com\/deportes\/2025\/11\/29\/arde-la-pelea-por-el-titulo-de-la-formula-1-tras-la-victoria-de-oscar-piastri-en-la-sprint-del-gran-premio-de-qatar-asi-quedo-la-tabla\/\" target=\"_blank\" rel=\"noopener\">pelea por el t\u00edtulo desde la largada<\/a>:\u00a0<b>Oscar Piastri<\/b>\u00a0se qued\u00f3 con la pole position y comenzar\u00e1 justo por delante de<b>\u00a0Lando Norris<\/b>\u00a0(2\u00b0) y\u00a0<b>Max Verstappen<\/b>\u00a0(3\u00b0).<\/p>\n<p class=\"paragraph\">El australiano iniciar\u00e1 la cita como el segundo piloto con m\u00e1s puntos en la temporada con\u00a0<b>374 unidades<\/b>, justo detr\u00e1s de su compa\u00f1ero de McLaren que desembarca a la fecha como\u00a0<b>l\u00edder con 396<\/b>.\u00a0<b>El neerland\u00e9s de Red Bull figura tercer con 371 puntos<\/b>.<\/p>\n<p class=\"paragraph\"><b>Franco Colapinto<\/b>\u00a0tuvo otra jornada para el olvido en Qatar.\u00a0<a title=\"https:\/\/www.infobae.com\/deportes\/2025\/11\/29\/franco-colapinto-largara-xxx-en-la-sprint-del-gran-premio-de-qatar-de-la-formula-1-hora-tv-y-todo-lo-que-hay-que-saber\/\" href=\"https:\/\/www.infobae.com\/deportes\/2025\/11\/29\/franco-colapinto-largara-xxx-en-la-sprint-del-gran-premio-de-qatar-de-la-formula-1-hora-tv-y-todo-lo-que-hay-que-saber\/\" target=\"_blank\" rel=\"noopener\">Qued\u00f3 20\u00b0 en la Sprint en una carrera corta<\/a>\u00a0que no lo vio encontrar ritmo en ning\u00fan momento, pero luego tampoco logr\u00f3 encontrar el camino:\u00a0<b>clasific\u00f3 \u00faltimo para la cita principal del domingo<\/b>\u00a0con un tiempo de\u00a0<b>1:21.137<\/b>\u00a0que lo dej\u00f3 a 0.456 del registro de su compa\u00f1ero\u00a0<b>Pierre Gasly<\/b>, que clasific\u00f3 a la Q2 con el tiempo de corte del 15\u00b0 puesto en esa tanda inicial (1:20.681).<\/p>\n<p class=\"paragraph\">El\u00a0<b>franc\u00e9s finalmente avanz\u00f3 a la Q3\u00a0<\/b>con un registro de 1:20.324 que le permiti\u00f3 superar el corte por 0.029 y\u00a0<b>largar\u00e1 9\u00b0 la cita del domingo<\/b>\u00a0tras firmar su mejor vuelta en la \u00faltima tanda con 1:20.477.<\/p>\n<p class=\"paragraph\"><b>\u201cManej\u00e9 mal toda la qualy. No estuve bien, no estuve fino. Triste porque creo que fue todo m\u00edo\u201d<\/b>,\u00a0<a title=\"https:\/\/www.infobae.com\/deportes\/2025\/11\/29\/fue-toda-mia-maneje-mal-la-desolacion-de-colapinto-tras-quedar-ultimo-en-la-clasificacion-del-gp-de-qatar-de-formula-1\/\" href=\"https:\/\/www.infobae.com\/deportes\/2025\/11\/29\/fue-toda-mia-maneje-mal-la-desolacion-de-colapinto-tras-quedar-ultimo-en-la-clasificacion-del-gp-de-qatar-de-formula-1\/\" target=\"_blank\" rel=\"noopener\">reconoci\u00f3 el argentino tras su mala sesi\u00f3n<\/a>.<\/p>\n<p class=\"paragraph\">La sorpresa de la sesi\u00f3n una vez m\u00e1s lo tuvo como protagonista a\u00a0<b>Lewis Hamilton<\/b>, quien largar\u00e1 18\u00b0 porque fue apenas m\u00e1s veloz que Colapinto y Esteban Ocon en la Q1.\u00a0<b>Yuki Tsunoda<\/b>, que hab\u00eda tenido una interesante Sprint, no pas\u00f3 el tiempo de corte por apenas 0.080 y comenzar\u00e1 16\u00b0 este domingo.<\/p>\n<p class=\"paragraph\"><b>La cita principal a 57 vueltas se desarrollar\u00e1 este domingo a partir de las 13 horas de Argentina<\/b>.<\/p>\n<div class=\"visual-image\"><picture><source srcset=\"https:\/\/www.infobae.com\/resizer\/v2\/OEPMKD6STFHABFT3C3X22UFTJA.jpg?auth=f351fbbda8e9c4285fec9b3848557e09f65aca106b27d527547aac62d2dc5400&amp;smart=true&amp;width=992&amp;height=563&amp;quality=85\" media=\"(min-width: 1000px)\" \/><source srcset=\"https:\/\/www.infobae.com\/resizer\/v2\/OEPMKD6STFHABFT3C3X22UFTJA.jpg?auth=f351fbbda8e9c4285fec9b3848557e09f65aca106b27d527547aac62d2dc5400&amp;smart=true&amp;width=768&amp;height=436&amp;quality=85\" media=\"(min-width: 768px)\" \/><source srcset=\"https:\/\/www.infobae.com\/resizer\/v2\/OEPMKD6STFHABFT3C3X22UFTJA.jpg?auth=f351fbbda8e9c4285fec9b3848557e09f65aca106b27d527547aac62d2dc5400&amp;smart=true&amp;width=577&amp;height=327&amp;quality=85\" media=\"(min-width: 580px)\" \/><source srcset=\"https:\/\/www.infobae.com\/resizer\/v2\/OEPMKD6STFHABFT3C3X22UFTJA.jpg?auth=f351fbbda8e9c4285fec9b3848557e09f65aca106b27d527547aac62d2dc5400&amp;smart=true&amp;width=420&amp;height=238&amp;quality=85\" media=\"(min-width: 350px)\" \/><source srcset=\"https:\/\/www.infobae.com\/resizer\/v2\/OEPMKD6STFHABFT3C3X22UFTJA.jpg?auth=f351fbbda8e9c4285fec9b3848557e09f65aca106b27d527547aac62d2dc5400&amp;smart=true&amp;width=350&amp;height=199&amp;quality=85\" media=\"(min-width: 80px)\" \/><img loading=\"lazy\" decoding=\"async\" class=\"global-image\" src=\"https:\/\/www.infobae.com\/resizer\/v2\/OEPMKD6STFHABFT3C3X22UFTJA.jpg?auth=f351fbbda8e9c4285fec9b3848557e09f65aca106b27d527547aac62d2dc5400&amp;smart=true&amp;width=350&amp;height=199&amp;quality=85\" alt=\"As\u00ed qued\u00f3 la grilla de\" width=\"1920\" height=\"1089\" \/><\/picture>As\u00ed qued\u00f3 la grilla de largada para la carrera principal del Gran Premio de Qatar de F\u00f3rmula 1 (Foto: @F1)<\/div>\n<\/div>\n","protected":false},"excerpt":{"rendered":"<p>Franco Colapinto tuvo otra mala clasificaci\u00f3n con el Alpine y largar\u00e1 \u00faltimo el Gran Premio de Qatar de F\u00f3rmula 1 Tras ser 20\u00b0 en la Sprint, el argentino no logr\u00f3 marcar buen ritmo y se ubic\u00f3 al fondo del pelot\u00f3n. Gasly avanz\u00f3 hasta la Q3 e iniciar\u00e1 9\u00b0 La carrera principal del Gran Premio de &hellip;<\/p>\n","protected":false},"author":2,"featured_media":29403,"comment_status":"open","ping_status":"open","sticky":false,"template":"","format":"standard","meta":{"footnotes":""},"categories":[2],"tags":[],"class_list":["post-29402","post","type-post","status-publish","format-standard","has-post-thumbnail","hentry","category-automovilismo"],"_links":{"self":[{"href":"https:\/\/www.sportchaco.com.ar\/index.php?rest_route=\/wp\/v2\/posts\/29402","targetHints":{"allow":["GET"]}}],"collection":[{"href":"https:\/\/www.sportchaco.com.ar\/index.php?rest_route=\/wp\/v2\/posts"}],"about":[{"href":"https:\/\/www.sportchaco.com.ar\/index.php?rest_route=\/wp\/v2\/types\/post"}],"author":[{"embeddable":true,"href":"https:\/\/www.sportchaco.com.ar\/index.php?rest_route=\/wp\/v2\/users\/2"}],"replies":[{"embeddable":true,"href":"https:\/\/www.sportchaco.com.ar\/index.php?rest_route=%2Fwp%2Fv2%2Fcomments&post=29402"}],"version-history":[{"count":1,"href":"https:\/\/www.sportchaco.com.ar\/index.php?rest_route=\/wp\/v2\/posts\/29402\/revisions"}],"predecessor-version":[{"id":29404,"href":"https:\/\/www.sportchaco.com.ar\/index.php?rest_route=\/wp\/v2\/posts\/29402\/revisions\/29404"}],"wp:featuredmedia":[{"embeddable":true,"href":"https:\/\/www.sportchaco.com.ar\/index.php?rest_route=\/wp\/v2\/media\/29403"}],"wp:attachment":[{"href":"https:\/\/www.sportchaco.com.ar\/index.php?rest_route=%2Fwp%2Fv2%2Fmedia&parent=29402"}],"wp:term":[{"taxonomy":"category","embeddable":true,"href":"https:\/\/www.sportchaco.com.ar\/index.php?rest_route=%2Fwp%2Fv2%2Fcategories&post=29402"},{"taxonomy":"post_tag","embeddable":true,"href":"https:\/\/www.sportchaco.com.ar\/index.php?rest_route=%2Fwp%2Fv2%2Ftags&post=29402"}],"curies":[{"name":"wp","href":"https:\/\/api.w.org\/{rel}","templated":true}]}}