{"id":29406,"date":"2025-11-29T22:35:49","date_gmt":"2025-11-30T01:35:49","guid":{"rendered":"https:\/\/www.sportchaco.com.ar\/?p=29406"},"modified":"2025-11-29T22:35:49","modified_gmt":"2025-11-30T01:35:49","slug":"flamengo-se-consagro-campeon-de-la-copa-libertadores","status":"publish","type":"post","link":"https:\/\/www.sportchaco.com.ar\/?p=29406","title":{"rendered":"Flamengo se consagr\u00f3 campe\u00f3n de la Copa Libertadores"},"content":{"rendered":"<div class=\"c-stack b-single-chain\" data-style-direction=\"vertical\" data-style-justification=\"start\" data-style-alignment=\"unset\" data-style-inline=\"false\" data-style-wrap=\"nowrap\">\n<div class=\"c-stack b-single-chain__children-stack\" data-style-direction=\"vertical\" data-style-justification=\"start\" data-style-alignment=\"unset\" data-style-inline=\"false\" data-style-wrap=\"nowrap\">\n<h5 class=\"p12Heading h2 p12Header\">Flamengo el gan\u00f3 a Palmeiras 1 a 0, en el estadio Monumental de Lima El conjunto carioca derrot\u00f3 al equipo paulista y levant\u00f3 por cuarta vez el t\u00edtulo m\u00e1s prestigioso del continente. Danilo convirti\u00f3 el gol del triunfo para el Mengao.<\/h5>\n<div class=\"p12-article-info\">\n<hr class=\"p12-divider p12-divider--horizontal \" aria-hidden=\"true\" \/>\n<div class=\"article-info-content\">\n<div class=\"right-content\">\n<div class=\"p12SocialIcons\">\n<p>&nbsp;<\/p>\n<\/div>\n<\/div>\n<\/div>\n<hr class=\"p12-divider p12-divider--horizontal \" aria-hidden=\"true\" \/>\n<\/div>\n<div class=\"p12-lead-art\">\n<figure class=\"c-media-item\">\n<div class=\"p12-lead-art__image-wrapper\"><img loading=\"lazy\" decoding=\"async\" class=\"c-image\" src=\"https:\/\/www.pagina12.com.ar\/resizer\/v2\/Q552MCSMBJCG7KV3BP5G453DH4.jpg?smart=true&amp;auth=fc063ad9956e691d4cb792e5fc8caa30d232a24c9c98d60289a7464a9a9a36ab&amp;width=5106&amp;height=3388\" srcset=\"https:\/\/www.pagina12.com.ar\/resizer\/v2\/Q552MCSMBJCG7KV3BP5G453DH4.jpg?smart=true&amp;auth=fc063ad9956e691d4cb792e5fc8caa30d232a24c9c98d60289a7464a9a9a36ab&amp;width=960&amp;height=636 960w, https:\/\/www.pagina12.com.ar\/resizer\/v2\/Q552MCSMBJCG7KV3BP5G453DH4.jpg?smart=true&amp;auth=fc063ad9956e691d4cb792e5fc8caa30d232a24c9c98d60289a7464a9a9a36ab&amp;width=1920&amp;height=1273 1920w\" alt=\"Flamengo vs Palmeiras\" width=\"5106\" height=\"3388\" data-chromatic=\"ignore\" \/><\/div><figcaption class=\"c-media-item__fig-caption\"><span class=\"c-media-item__caption\">Danilo celebra el gol del triunfo que le dio la Libertadores a Flamengo\u00a0<\/span><span class=\"c-media-item__credit\">(LUIS ACOSTA\/AFP)<\/p>\n<p><\/span><\/figcaption><\/figure>\n<\/div>\n<\/div>\n<\/div>\n<div class=\"article-content\">\n<article class=\"p12-article-body  \">\n<div class=\"p12-article-body__html\"><\/div>\n<p class=\"c-paragraph\"><b>Flamengo<\/b>\u00a0se consagr\u00f3 campe\u00f3n de la\u00a0<b>Copa Libertadores 2025<\/b>\u00a0al derrotar 1-0 a\u00a0<b>Palmeiras<\/b>, en el duelo de brasile\u00f1os que definieron el certamen continental en la ciudad de Lima, Per\u00fa.<\/p>\n<p class=\"c-paragraph\">El defensor\u00a0<b>Danilo\u00a0<\/b>marc\u00f3 el \u00fanico gol de la final, a los 22 minutos del segundo tiempo.<\/p>\n<p class=\"c-paragraph\">As\u00ed, el equipo dirigido por Filipe Luis\u00a0<b>levant\u00f3 su cuarta Copa Libertadores<\/b>\u00a0y se convierte en el brasile\u00f1o m\u00e1s ganador de la historia, superando las tres de Santos, Gremio, Palmeiras y San Pablo.<\/p>\n<p><img decoding=\"async\" class=\"aligncenter\" src=\"https:\/\/www.ole.com.ar\/images\/2025\/11\/29\/Ga2RwuoXc_400x400__1.jpg\" alt=\"\u00a1Flamengo derrot\u00f3 a Palmeiras y es el campe\u00f3n de la Libertadores 2025!\" \/><\/p>\n<\/article>\n<\/div>\n","protected":false},"excerpt":{"rendered":"<p>Flamengo el gan\u00f3 a Palmeiras 1 a 0, en el estadio Monumental de Lima El conjunto carioca derrot\u00f3 al equipo paulista y levant\u00f3 por cuarta vez el t\u00edtulo m\u00e1s prestigioso del continente. Danilo convirti\u00f3 el gol del triunfo para el Mengao. &nbsp; Danilo celebra el gol del triunfo que le dio la Libertadores a Flamengo\u00a0(LUIS &hellip;<\/p>\n","protected":false},"author":2,"featured_media":29407,"comment_status":"open","ping_status":"open","sticky":false,"template":"","format":"standard","meta":{"footnotes":""},"categories":[6],"tags":[],"class_list":["post-29406","post","type-post","status-publish","format-standard","has-post-thumbnail","hentry","category-internacionales"],"_links":{"self":[{"href":"https:\/\/www.sportchaco.com.ar\/index.php?rest_route=\/wp\/v2\/posts\/29406","targetHints":{"allow":["GET"]}}],"collection":[{"href":"https:\/\/www.sportchaco.com.ar\/index.php?rest_route=\/wp\/v2\/posts"}],"about":[{"href":"https:\/\/www.sportchaco.com.ar\/index.php?rest_route=\/wp\/v2\/types\/post"}],"author":[{"embeddable":true,"href":"https:\/\/www.sportchaco.com.ar\/index.php?rest_route=\/wp\/v2\/users\/2"}],"replies":[{"embeddable":true,"href":"https:\/\/www.sportchaco.com.ar\/index.php?rest_route=%2Fwp%2Fv2%2Fcomments&post=29406"}],"version-history":[{"count":1,"href":"https:\/\/www.sportchaco.com.ar\/index.php?rest_route=\/wp\/v2\/posts\/29406\/revisions"}],"predecessor-version":[{"id":29408,"href":"https:\/\/www.sportchaco.com.ar\/index.php?rest_route=\/wp\/v2\/posts\/29406\/revisions\/29408"}],"wp:featuredmedia":[{"embeddable":true,"href":"https:\/\/www.sportchaco.com.ar\/index.php?rest_route=\/wp\/v2\/media\/29407"}],"wp:attachment":[{"href":"https:\/\/www.sportchaco.com.ar\/index.php?rest_route=%2Fwp%2Fv2%2Fmedia&parent=29406"}],"wp:term":[{"taxonomy":"category","embeddable":true,"href":"https:\/\/www.sportchaco.com.ar\/index.php?rest_route=%2Fwp%2Fv2%2Fcategories&post=29406"},{"taxonomy":"post_tag","embeddable":true,"href":"https:\/\/www.sportchaco.com.ar\/index.php?rest_route=%2Fwp%2Fv2%2Ftags&post=29406"}],"curies":[{"name":"wp","href":"https:\/\/api.w.org\/{rel}","templated":true}]}}