{"id":29445,"date":"2025-11-30T19:39:38","date_gmt":"2025-11-30T22:39:38","guid":{"rendered":"https:\/\/www.sportchaco.com.ar\/?p=29445"},"modified":"2025-11-30T19:39:38","modified_gmt":"2025-11-30T22:39:38","slug":"f-1-max-verstappen-dejo-la-pelea-por-el-titulo-al-rojo-vivo","status":"publish","type":"post","link":"https:\/\/www.sportchaco.com.ar\/?p=29445","title":{"rendered":"F-1: Max Verstappen dej\u00f3 la pelea por el t\u00edtulo al rojo vivo"},"content":{"rendered":"<div class=\"content-article-title\">\n<div class=\"wrapper-layout center-content center_story max-width\">\n<div class=\"col-content\">\n<h5 class=\"article__title font__display\"><span style=\"font-size: 16px; font-weight: 400;\">30-10-2025<\/span><\/h5>\n<h5 class=\"article__title font__display\">Max Verstappen gan\u00f3 el Gran Premio de Qatar y dej\u00f3 la pelea por el t\u00edtulo de la F\u00f3rmula 1 al rojo vivo <span style=\"font-size: 24px;\">El campe\u00f3n de la temporada 2025 se conocer\u00e1 la pr\u00f3xima semana en la \u00faltima carrera del a\u00f1o en Abu Dhabi.<\/span><\/h5>\n<\/div>\n<\/div>\n<\/div>\n<div class=\"common-layout wrapper-layout center-content center_story max-width story article\">\n<div class=\"col-content\"><main class=\"col-content\"><\/p>\n<div class=\"article__header article__story article__article\">\n<div class=\"article__head\">\n<div class=\"article__lead-art article__lead-art-photo\" data-testid=\"LeadArtPhoto\">\n<figure class=\"\" data-testid=\"figure-testid\">\n<div class=\"aspect_ratio__container\"><picture class=\"responsive-image\"><source srcset=\"https:\/\/tn.com.ar\/resizer\/v2\/max-verstappen-gano-el-gp-de-qatar-foto-ap-HWESTGP2FFF3TMQB6XZK4CMROM.jpg?auth=91b8c7408188946ba8f23ebcd47eb068df227ba47c2b7e4ac5b47525ed2715a4&amp;width=767\" type=\"image\/jpg\" media=\"(max-width: 728px)\" \/><source srcset=\"https:\/\/tn.com.ar\/resizer\/v2\/max-verstappen-gano-el-gp-de-qatar-foto-ap-HWESTGP2FFF3TMQB6XZK4CMROM.jpg?auth=91b8c7408188946ba8f23ebcd47eb068df227ba47c2b7e4ac5b47525ed2715a4&amp;width=1023\" type=\"image\/jpg\" media=\"(max-width: 1023px)\" \/><source srcset=\"https:\/\/tn.com.ar\/resizer\/v2\/max-verstappen-gano-el-gp-de-qatar-foto-ap-HWESTGP2FFF3TMQB6XZK4CMROM.jpg?auth=91b8c7408188946ba8f23ebcd47eb068df227ba47c2b7e4ac5b47525ed2715a4&amp;width=1440\" type=\"image\/jpg\" \/><img decoding=\"async\" class=\"width_full height_full article__lead-art-photo image_placeholder\" src=\"https:\/\/tn.com.ar\/resizer\/v2\/max-verstappen-gano-el-gp-de-qatar-foto-ap-HWESTGP2FFF3TMQB6XZK4CMROM.jpg?auth=91b8c7408188946ba8f23ebcd47eb068df227ba47c2b7e4ac5b47525ed2715a4&amp;width=767\" alt=\"Max Verstappen gan\u00f3 el GP de Qatar (Foto: AP)\" \/><\/picture><\/div><figcaption class=\"caption_image\" data-testid=\"figcaption-testid\">\n<div class=\"image_caption font__body-regular\">Max Verstappen gan\u00f3 el GP de Qatar (Fuente TN)<\/div>\n<\/figcaption><\/figure>\n<\/div>\n<div class=\"article__audionote-share\">\n<div class=\"trinity__audio-wrapper\"><\/div>\n<\/div>\n<div class=\"trinity-tts-placeholder-icon-player\"><\/div>\n<\/div>\n<\/div>\n<div class=\"default-article-color article__body article__article\">\n<p class=\"paragraph font__body-regular\"><b>Max Verstappen<\/b>\u00a0gan\u00f3 el\u00a0<a title=\"https:\/\/tn.com.ar\/deportes\/automovilismo\/2025\/11\/30\/franco-colapinto-largara-ultimo-en-un-gran-premio-de-qatar-decisivo-para-definir-el-campeon-de-la-formula-1\/\" href=\"https:\/\/tn.com.ar\/deportes\/automovilismo\/2025\/11\/30\/franco-colapinto-largara-ultimo-en-un-gran-premio-de-qatar-decisivo-para-definir-el-campeon-de-la-formula-1\/\" target=\"_blank\" rel=\"noopener noreferrer\">Gran Premio de Qatar de la F\u00f3rmula 1<\/a>\u00a0y puso al rojo vivo la pelea por el t\u00edtulo de la temporada 2025, que se definir\u00e1 en una semana en la \u00faltima carrera del a\u00f1o en Abu Dhabi.<\/p>\n<div id=\"ad-slot-infeed\" class=\"infeed-container\"><\/div>\n<p class=\"paragraph font__body-regular\">El podio en el circuito internacional de Lusail lo completaron Oscar Piastri (McLaren) y Carlos Sainz (Williams). Lando Norris (McLaren), el l\u00edder del campeonato, qued\u00f3 en el cuarto lugar.<\/p>\n<figure class=\"\" data-testid=\"figure-testid\">\n<div class=\"aspect_ratio__container\"><picture class=\"responsive-image\"><source srcset=\"https:\/\/tn.com.ar\/resizer\/v2\/max-verstappen-festeja-en-el-podio-foto-ap-fatima-shbair-6JJHQAILWZ5VGJTF7O6HYGSAEU.jpg?auth=a68a8561624ba3c52b887dbd3dcd9dfb4a47e1feedf5ab376827683333e40740&amp;width=767\" type=\"image\/jpg\" media=\"(max-width: 728px)\" \/><source srcset=\"https:\/\/tn.com.ar\/resizer\/v2\/max-verstappen-festeja-en-el-podio-foto-ap-fatima-shbair-6JJHQAILWZ5VGJTF7O6HYGSAEU.jpg?auth=a68a8561624ba3c52b887dbd3dcd9dfb4a47e1feedf5ab376827683333e40740&amp;width=1023\" type=\"image\/jpg\" media=\"(max-width: 1023px)\" \/><source srcset=\"https:\/\/tn.com.ar\/resizer\/v2\/max-verstappen-festeja-en-el-podio-foto-ap-fatima-shbair-6JJHQAILWZ5VGJTF7O6HYGSAEU.jpg?auth=a68a8561624ba3c52b887dbd3dcd9dfb4a47e1feedf5ab376827683333e40740&amp;width=1440\" type=\"image\/jpg\" \/><img loading=\"lazy\" decoding=\"async\" class=\"image content-image image_placeholder\" src=\"https:\/\/tn.com.ar\/resizer\/v2\/max-verstappen-festeja-en-el-podio-foto-ap-fatima-shbair-6JJHQAILWZ5VGJTF7O6HYGSAEU.jpg?auth=a68a8561624ba3c52b887dbd3dcd9dfb4a47e1feedf5ab376827683333e40740&amp;width=767\" alt=\"Max Verstappen festeja en el podio (Foto: AP \/Fatima Shbair)\" width=\"767\" height=\"511\" data-testid=\"loading-testid\" \/><\/picture><\/div><figcaption class=\"caption_image\" data-testid=\"figcaption-testid\">\n<div class=\"image_caption \">Max Verstappen festeja en el podio TN<\/div>\n<\/figcaption><\/figure>\n<p class=\"paragraph font__body-regular\">El argentino Franco Colapinto, en tanto, tuvo una correcta actuaci\u00f3n y, a pesar de volver a sufrir por la falta de potencia de su auto de Alpine, qued\u00f3 en el puesto 14\u00b0.<\/p>\n<p class=\"paragraph font__body-regular\">McLaren sufri\u00f3 por su muy mala estrategia de carrera tras el<b>\u00a0<\/b><i><b>safety car<\/b><\/i><b>\u00a0provocado en la vuelta 7<\/b>\u00a0con el<a title=\"https:\/\/tn.com.ar\/deportes\/automovilismo\/2025\/11\/30\/nico-hulkenberg-choco-con-pierre-gasly-y-tuvo-que-abandonar-el-gran-premio-de-qatar\/\" href=\"https:\/\/tn.com.ar\/deportes\/automovilismo\/2025\/11\/30\/nico-hulkenberg-choco-con-pierre-gasly-y-tuvo-que-abandonar-el-gran-premio-de-qatar\/\" target=\"_blank\" rel=\"noopener noreferrer\">\u00a0accidente entre Nico Hulkenberg y Pierre Gasly<\/a>. En ese momento, pr\u00e1cticamente todos los autos entraron a boxes y aprovechar para cumplir con la normativa que les imped\u00eda correr m\u00e1s de 25 vueltas con los mismos neum\u00e1ticos.<\/p>\n<p class=\"paragraph font__body-regular\">Norris y Piastri se mantuvieron en pista, algo que fue posteriormente aprovechado por Verstappen para marcar el ritmo de carrera. Otro que aprovech\u00f3 ese error de planificaci\u00f3n fue Carlos Sainz con Williams.<\/p>\n<p class=\"paragraph font__body-regular\">La \u00faltima carrera del a\u00f1o volver\u00e1 a ofrecer un escenario con muchas emociones para los fan\u00e1ticos y con tres candidatos al t\u00edtulo:<b>\u00a0Norris, que suma 408 puntos, Verstappen (396) y Piastri (392).<\/b>\u00a0Todo puede pasar.<\/p>\n<figure class=\"\" data-testid=\"figure-testid\">\n<div class=\"aspect_ratio__container\"><picture class=\"responsive-image\"><source srcset=\"https:\/\/tn.com.ar\/resizer\/v2\/los-mclaren-de-norris-y-piastri-pelean-con-verstappen-por-el-titulo-foto-reutersthaier-al-sudani-MT4MO37E53DHEB5UQUVUPU6CRI.jpg?auth=bb633936fc4f8caaea5a9c327d7e21473be72524ba7dd1ba7418214f38140d8c&amp;width=767\" type=\"image\/jpg\" media=\"(max-width: 728px)\" \/><source srcset=\"https:\/\/tn.com.ar\/resizer\/v2\/los-mclaren-de-norris-y-piastri-pelean-con-verstappen-por-el-titulo-foto-reutersthaier-al-sudani-MT4MO37E53DHEB5UQUVUPU6CRI.jpg?auth=bb633936fc4f8caaea5a9c327d7e21473be72524ba7dd1ba7418214f38140d8c&amp;width=1023\" type=\"image\/jpg\" media=\"(max-width: 1023px)\" \/><source srcset=\"https:\/\/tn.com.ar\/resizer\/v2\/los-mclaren-de-norris-y-piastri-pelean-con-verstappen-por-el-titulo-foto-reutersthaier-al-sudani-MT4MO37E53DHEB5UQUVUPU6CRI.jpg?auth=bb633936fc4f8caaea5a9c327d7e21473be72524ba7dd1ba7418214f38140d8c&amp;width=1440\" type=\"image\/jpg\" \/><img loading=\"lazy\" decoding=\"async\" class=\"image content-image image_placeholder\" src=\"https:\/\/tn.com.ar\/resizer\/v2\/los-mclaren-de-norris-y-piastri-pelean-con-verstappen-por-el-titulo-foto-reutersthaier-al-sudani-MT4MO37E53DHEB5UQUVUPU6CRI.jpg?auth=bb633936fc4f8caaea5a9c327d7e21473be72524ba7dd1ba7418214f38140d8c&amp;width=767\" alt=\"Los MCLaren de Norris y PIastri pelean con Verstappen por el t\u00edtulo (Foto: REUTERS\/Thaier Al-Sudani)\" width=\"767\" height=\"479\" data-testid=\"loading-testid\" \/><\/picture><\/div><figcaption class=\"caption_image\" data-testid=\"figcaption-testid\">\n<div class=\"image_caption \">Los MCLaren de Norris y PIastri pelean con Verstappen por el t\u00edtulo Fuente TN<\/div>\n<\/figcaption><\/figure>\n<\/div>\n<p><\/main><\/div>\n<\/div>\n","protected":false},"excerpt":{"rendered":"<p>30-10-2025 Max Verstappen gan\u00f3 el Gran Premio de Qatar y dej\u00f3 la pelea por el t\u00edtulo de la F\u00f3rmula 1 al rojo vivo El campe\u00f3n de la temporada 2025 se conocer\u00e1 la pr\u00f3xima semana en la \u00faltima carrera del a\u00f1o en Abu Dhabi. Max Verstappen gan\u00f3 el GP de Qatar (Fuente TN) Max Verstappen\u00a0gan\u00f3 el\u00a0Gran &hellip;<\/p>\n","protected":false},"author":2,"featured_media":29446,"comment_status":"open","ping_status":"open","sticky":false,"template":"","format":"standard","meta":{"footnotes":""},"categories":[2],"tags":[],"class_list":["post-29445","post","type-post","status-publish","format-standard","has-post-thumbnail","hentry","category-automovilismo"],"_links":{"self":[{"href":"https:\/\/www.sportchaco.com.ar\/index.php?rest_route=\/wp\/v2\/posts\/29445","targetHints":{"allow":["GET"]}}],"collection":[{"href":"https:\/\/www.sportchaco.com.ar\/index.php?rest_route=\/wp\/v2\/posts"}],"about":[{"href":"https:\/\/www.sportchaco.com.ar\/index.php?rest_route=\/wp\/v2\/types\/post"}],"author":[{"embeddable":true,"href":"https:\/\/www.sportchaco.com.ar\/index.php?rest_route=\/wp\/v2\/users\/2"}],"replies":[{"embeddable":true,"href":"https:\/\/www.sportchaco.com.ar\/index.php?rest_route=%2Fwp%2Fv2%2Fcomments&post=29445"}],"version-history":[{"count":1,"href":"https:\/\/www.sportchaco.com.ar\/index.php?rest_route=\/wp\/v2\/posts\/29445\/revisions"}],"predecessor-version":[{"id":29447,"href":"https:\/\/www.sportchaco.com.ar\/index.php?rest_route=\/wp\/v2\/posts\/29445\/revisions\/29447"}],"wp:featuredmedia":[{"embeddable":true,"href":"https:\/\/www.sportchaco.com.ar\/index.php?rest_route=\/wp\/v2\/media\/29446"}],"wp:attachment":[{"href":"https:\/\/www.sportchaco.com.ar\/index.php?rest_route=%2Fwp%2Fv2%2Fmedia&parent=29445"}],"wp:term":[{"taxonomy":"category","embeddable":true,"href":"https:\/\/www.sportchaco.com.ar\/index.php?rest_route=%2Fwp%2Fv2%2Fcategories&post=29445"},{"taxonomy":"post_tag","embeddable":true,"href":"https:\/\/www.sportchaco.com.ar\/index.php?rest_route=%2Fwp%2Fv2%2Ftags&post=29445"}],"curies":[{"name":"wp","href":"https:\/\/api.w.org\/{rel}","templated":true}]}}