{"id":29465,"date":"2025-11-30T23:36:58","date_gmt":"2025-12-01T02:36:58","guid":{"rendered":"https:\/\/www.sportchaco.com.ar\/?p=29465"},"modified":"2025-11-30T23:48:41","modified_gmt":"2025-12-01T02:48:41","slug":"efemerides-del-1-de-diciembre-4","status":"publish","type":"post","link":"https:\/\/www.sportchaco.com.ar\/?p=29465","title":{"rendered":"Efem\u00e9rides del 1 de diciembre"},"content":{"rendered":"<div class=\"container fullwidth-entry-title-wrapper\">\n<div class=\"container-wrapper fullwidth-entry-title\">\n<header class=\"entry-header-outer\">\n<div class=\"entry-header\">\n<h1 class=\"post-title entry-title\"><\/h1>\n<div class=\"single-post-meta post-meta clearfix\"><\/div>\n<\/div>\n<\/header>\n<\/div>\n<\/div>\n<div id=\"content\" class=\"site-content container\">\n<div id=\"main-content-row\" class=\"tie-row main-content-row\">\n<div class=\"main-content tie-col-md-8 tie-col-xs-12\" role=\"main\">\n<article id=\"the-post\" class=\"container-wrapper post-content tie-standard\">\n<div class=\"featured-area\">\n<div class=\"featured-area-inner\">\n<h5 class=\"single-featured-image\"><\/h5>\n<\/div>\n<\/div>\n<div class=\"entry-content entry clearfix\">\n<div class=\"container-wrapper fullwidth-entry-title\">\n<header class=\"entry-header-outer\">\n<div class=\"entry-header\">\n<h2 class=\"entry-sub-title\"><\/h2>\n<div class=\"single-post-meta post-meta clearfix\"><\/div>\n<\/div>\n<\/header>\n<\/div>\n<div id=\"content\" class=\"site-content container\">\n<div id=\"main-content-row\" class=\"tie-row main-content-row\">\n<div class=\"main-content tie-col-md-8 tie-col-xs-12\" role=\"main\">\n<article id=\"the-post\" class=\"container-wrapper post-content tie-standard\">\n<div class=\"featured-area-inner\"><\/div>\n<div class=\"entry-content entry clearfix\">\n<h5><strong>Estas son las efem\u00e9rides de un 1 de diciembre, del libro \u00ab100 a\u00f1os de historia del deporte en el Chaco\u00bb, del periodista Luis Dar\u00edo Molodezky<\/strong>.<\/h5>\n<h5><img loading=\"lazy\" decoding=\"async\" class=\"alignnone size-medium wp-image-29350 aligncenter\" src=\"https:\/\/www.sportchaco.com.ar\/wp-content\/uploads\/2025\/11\/Luis-Dario-11-08-2025-61-1-300x239.jpeg\" alt=\"\" width=\"300\" height=\"239\" srcset=\"https:\/\/www.sportchaco.com.ar\/wp-content\/uploads\/2025\/11\/Luis-Dario-11-08-2025-61-1-300x239.jpeg 300w, https:\/\/www.sportchaco.com.ar\/wp-content\/uploads\/2025\/11\/Luis-Dario-11-08-2025-61-1-768x612.jpeg 768w, https:\/\/www.sportchaco.com.ar\/wp-content\/uploads\/2025\/11\/Luis-Dario-11-08-2025-61-1.jpeg 805w\" sizes=\"auto, (max-width: 300px) 100vw, 300px\" \/><\/h5>\n<p>&nbsp;<\/p>\n<p><strong>1915 \/<\/strong>\u00a0Aparece en Resistencia el primer n\u00famero del diario \u00abLa Voz del Chaco\u00bb. Ejercieron el cargo de directores propietarios Guido Cartey y Juan Zoochi. Tiempo despu\u00e9s pas\u00f3 a ocupar la direcci\u00f3n definitiva el sr. Angel D\u2019Ambra.<\/p>\n<p><strong>1924\/<\/strong>\u00a0Nace el Club Sportivo de Presidencia de la Plaza, con sede en Victoria de la Plaza y 9 de Julio. Los colores de su camiseta son blanco y rojo a rayas verticales, y reinauguro su estadio en el 2015, con capacidad para 600 personas. Juega en la Liga Regional.<\/p>\n<p><strong>1951 \/<\/strong>\u00a0Fidel N\u00fa\u00f1ez, comienza la ense\u00f1anza de nataci\u00f3n en el Club de Regatas Resistencia. Vinculado a la instituci\u00f3n desde su fundaci\u00f3n, demostr\u00f3 pasi\u00f3n por este deporte. Form\u00f3 innumerables deportistas. Imparti\u00f3 ense\u00f1anza hasta poco antes de fallecer en 1961. Ense\u00f1\u00f3 a nadar a numerosos socios. Incansable, brace\u00f3 durante muchos a\u00f1os junto a cientos de aprendices, a los que con inmensa satisfacci\u00f3n contemplaba luego, cuando en vigoroso avance surcaban el r\u00edo en busca de la orilla opuesta.<\/p>\n<p><strong>1979 \/<\/strong>\u00a0Mauricio Ismael Dor\u00edn, con solo 19 a\u00f1os se consagra campe\u00f3n provincial de Ajedrez de mayores. Nacido en Mercedes, Corrientes, y radicado en nuestra provincia, tuvo entre sus rivales a destacadas figuras de la talla de Molo, C\u00e1nepa, Ca\u00f1ete, Rodr\u00edguez e incluso al legendario Julio Luna.<\/p>\n<p><strong>1985 \/<\/strong>\u00a0La posta 4\u00d7100 damas de la Federaci\u00f3n Chaque\u00f1a de Atletismo clasifica tercera en el Argentino de C\u00f3rdoba, con un tiempo de 52\u201d, con el equipo integrado por Patricia Stefanoff, Fernanda Combas, Carolina Guti\u00e9rrez y Teresa Spellmeyer. V\u00edctor S\u00e1nchez de Sportivo Zapallar fue tercero en garrocha con 3 metros; Carolina Guti\u00e9rrez tercera en 80 con vallas con 12\u201d 6\/10.<\/p>\n<p><strong>2010 \/<\/strong>\u00a0Por Ley provincial 6701 se crea el Instituto del Deporte Chaque\u00f1o, fue aprobada por unanimidad y sus promotoras fueron Bettina V\u00e1zquez y Marilyn Crist\u00f3fani, a propuesta de la Confederaci\u00f3n Chaque\u00f1a del Deporte.<\/p>\n<p><strong><em>Foto de Fidel N\u00fa\u00f1ez, Francisco Atlabe y Justiniano Denis en la decada del 50 haciendo nataci\u00f3n en aguas del R\u00edo Negro, Club Regatas.<\/em><\/strong><\/p>\n<\/div>\n<\/article>\n<\/div>\n<\/div>\n<\/div>\n<\/div>\n<\/article>\n<\/div>\n<\/div>\n<\/div>\n","protected":false},"excerpt":{"rendered":"<p>Estas son las efem\u00e9rides de un 1 de diciembre, del libro \u00ab100 a\u00f1os de historia del deporte en el Chaco\u00bb, del periodista Luis Dar\u00edo Molodezky. &nbsp; 1915 \/\u00a0Aparece en Resistencia el primer n\u00famero del diario \u00abLa Voz del Chaco\u00bb. Ejercieron el cargo de directores propietarios Guido Cartey y Juan Zoochi. Tiempo despu\u00e9s pas\u00f3 a ocupar &hellip;<\/p>\n","protected":false},"author":2,"featured_media":29466,"comment_status":"open","ping_status":"open","sticky":false,"template":"","format":"standard","meta":{"footnotes":""},"categories":[42,45],"tags":[],"class_list":["post-29465","post","type-post","status-publish","format-standard","has-post-thumbnail","hentry","category-diciembre","category-efemerides-dia-por-dia"],"_links":{"self":[{"href":"https:\/\/www.sportchaco.com.ar\/index.php?rest_route=\/wp\/v2\/posts\/29465","targetHints":{"allow":["GET"]}}],"collection":[{"href":"https:\/\/www.sportchaco.com.ar\/index.php?rest_route=\/wp\/v2\/posts"}],"about":[{"href":"https:\/\/www.sportchaco.com.ar\/index.php?rest_route=\/wp\/v2\/types\/post"}],"author":[{"embeddable":true,"href":"https:\/\/www.sportchaco.com.ar\/index.php?rest_route=\/wp\/v2\/users\/2"}],"replies":[{"embeddable":true,"href":"https:\/\/www.sportchaco.com.ar\/index.php?rest_route=%2Fwp%2Fv2%2Fcomments&post=29465"}],"version-history":[{"count":2,"href":"https:\/\/www.sportchaco.com.ar\/index.php?rest_route=\/wp\/v2\/posts\/29465\/revisions"}],"predecessor-version":[{"id":29469,"href":"https:\/\/www.sportchaco.com.ar\/index.php?rest_route=\/wp\/v2\/posts\/29465\/revisions\/29469"}],"wp:featuredmedia":[{"embeddable":true,"href":"https:\/\/www.sportchaco.com.ar\/index.php?rest_route=\/wp\/v2\/media\/29466"}],"wp:attachment":[{"href":"https:\/\/www.sportchaco.com.ar\/index.php?rest_route=%2Fwp%2Fv2%2Fmedia&parent=29465"}],"wp:term":[{"taxonomy":"category","embeddable":true,"href":"https:\/\/www.sportchaco.com.ar\/index.php?rest_route=%2Fwp%2Fv2%2Fcategories&post=29465"},{"taxonomy":"post_tag","embeddable":true,"href":"https:\/\/www.sportchaco.com.ar\/index.php?rest_route=%2Fwp%2Fv2%2Ftags&post=29465"}],"curies":[{"name":"wp","href":"https:\/\/api.w.org\/{rel}","templated":true}]}}