{"id":29470,"date":"2025-11-30T23:55:19","date_gmt":"2025-12-01T02:55:19","guid":{"rendered":"https:\/\/www.sportchaco.com.ar\/?p=29470"},"modified":"2025-12-01T00:04:43","modified_gmt":"2025-12-01T03:04:43","slug":"los-primeros-nominados-para-la-43-fiesta-del-deporte","status":"publish","type":"post","link":"https:\/\/www.sportchaco.com.ar\/?p=29470","title":{"rendered":"Los primeros nominados para la 43\u00b0 Fiesta del Deporte"},"content":{"rendered":"<div class=\"xdj266r x14z9mp xat24cr x1lziwak x1vvkbs x126k92a\"><\/div>\n<div class=\"x14z9mp xat24cr x1lziwak x1vvkbs xtlvy1s x126k92a\">\n<div dir=\"auto\">\n<p><strong>01-12-2025<\/strong><\/p>\n<p><img loading=\"lazy\" decoding=\"async\" class=\"aligncenter size-large wp-image-20099\" src=\"https:\/\/www.sportchaco.com.ar\/wp-content\/uploads\/2025\/06\/728x90-1024x127.gif\" alt=\"\" width=\"1024\" height=\"127\" srcset=\"https:\/\/www.sportchaco.com.ar\/wp-content\/uploads\/2025\/06\/728x90-1024x127.gif 1024w, https:\/\/www.sportchaco.com.ar\/wp-content\/uploads\/2025\/06\/728x90-300x37.gif 300w, https:\/\/www.sportchaco.com.ar\/wp-content\/uploads\/2025\/06\/728x90-768x95.gif 768w, https:\/\/www.sportchaco.com.ar\/wp-content\/uploads\/2025\/06\/728x90-1536x190.gif 1536w, https:\/\/www.sportchaco.com.ar\/wp-content\/uploads\/2025\/06\/728x90-2048x254.gif 2048w\" sizes=\"auto, (max-width: 1024px) 100vw, 1024px\" \/><\/p>\n<p>El C\u00edrculo de Periodistas Deportivos del Chaco defini\u00f3 los primeros nominados de cara a la 43\u00b0 edici\u00f3n de la Fiesta del Deporte a realizarse el pr\u00f3ximo viernes 19 de diciembre en el Centro de Convenciones de la Municipalidad de Resistencia.<\/p>\n<p>El inicio del tradicional evento est\u00e1 previsto para las 21:30 horas y ser\u00e1 televisado por la se\u00f1al provincial de Somos Uno.<\/p>\n<p>Los miembros de comisi\u00f3n directiva y socios vienen manteniendo reuniones a los efectos de analizar las nominaciones de las diferentes disciplinas. Restan resolver varias a\u00fan porque algunas definiciones de campeonatos se encuentran en pleno desarrollo y los resultados son determinaciones.<\/p>\n<p>En los pr\u00f3ximos d\u00edas se presentar\u00e1 oficialmente el acontecimiento en una conferencia de prensa que contar\u00e1 con la presencia de autoridades del gobierno provincial, adem\u00e1s de los miembros de comisi\u00f3n directiva que nuclea a los periodistas deportivos y socios.<\/p>\n<p>La nueva noche que vivir\u00e1 el deporte de la provincia se concreta con el auspicio del Gobierno del Chaco, Loter\u00eda Chaque\u00f1a, Instituto del Deporte, Nuevo Banco del Chaco, Municipalidad de Resistencia, Ant\u00faan Joyer\u00edas y el servicio de catering de Levraux.<\/p>\n<p><img loading=\"lazy\" decoding=\"async\" class=\"aligncenter size-large wp-image-29475\" src=\"https:\/\/www.sportchaco.com.ar\/wp-content\/uploads\/2025\/11\/lanzamiento-bala-1024x682.jpg\" alt=\"\" width=\"1024\" height=\"682\" srcset=\"https:\/\/www.sportchaco.com.ar\/wp-content\/uploads\/2025\/11\/lanzamiento-bala-1024x682.jpg 1024w, https:\/\/www.sportchaco.com.ar\/wp-content\/uploads\/2025\/11\/lanzamiento-bala-300x200.jpg 300w, https:\/\/www.sportchaco.com.ar\/wp-content\/uploads\/2025\/11\/lanzamiento-bala-768x512.jpg 768w, https:\/\/www.sportchaco.com.ar\/wp-content\/uploads\/2025\/11\/lanzamiento-bala.jpg 1280w\" sizes=\"auto, (max-width: 1024px) 100vw, 1024px\" \/><\/p>\n<p><strong>PRIMEROS NOMINADOS<\/strong><br \/>\n<strong>Ajedrez:<\/strong> Noah Zalazar<br \/>\n<strong>Atletismo:<\/strong> Thiago Acevedo<br \/>\n<strong>Boxeo:<\/strong> Carlos G\u00f3mez Remotti<br \/>\n<strong>Caza:<\/strong> Juan Gael Alegre<br \/>\n<strong>Cestoball:<\/strong> Mat\u00edas Barreto<br \/>\n<strong>Canotaje:<\/strong> Paula Flores<br \/>\n<strong>Ciclismo:<\/strong> Germ\u00e1n Trautner<br \/>\n<strong>Futsal:<\/strong> Marcos Jes\u00fas Fern\u00e1ndez<br \/>\n<strong>Fisicoculturismo:<\/strong> Mario Monfardini<br \/>\n<strong>Golf:<\/strong> Camilo Chapresto<br \/>\n<strong>Levantamiento Ol\u00edmpico de Pesas:<\/strong> Milena Ayala<br \/>\n<strong>Nataci\u00f3n:<\/strong> Thiago Romero<br \/>\n<strong>Rugby masculino:<\/strong> Ignacio Baiter<br \/>\n<strong>Rugby femenino:<\/strong> Cristal Escalante<br \/>\n<strong>Squash:<\/strong> Luca Antenucci<br \/>\n<strong>Tenis de Mesa:<\/strong> Juan Cruz Axon<br \/>\n<strong>Tiro:<\/strong> Adri\u00e1n Cristaldo<br \/>\n<strong>Triatl\u00f3n:<\/strong> Ignacio Zurlo<br \/>\n<strong>V\u00f3ley:<\/strong> Gabriel C\u00f3rdoba<\/p>\n<p><img loading=\"lazy\" decoding=\"async\" class=\"aligncenter size-full wp-image-19712\" src=\"https:\/\/www.sportchaco.com.ar\/wp-content\/uploads\/2025\/05\/250x250-1.gif\" alt=\"\" width=\"522\" height=\"521\" \/><\/p>\n<\/div>\n<\/div>\n","protected":false},"excerpt":{"rendered":"<p>01-12-2025 El C\u00edrculo de Periodistas Deportivos del Chaco defini\u00f3 los primeros nominados de cara a la 43\u00b0 edici\u00f3n de la Fiesta del Deporte a realizarse el pr\u00f3ximo viernes 19 de diciembre en el Centro de Convenciones de la Municipalidad de Resistencia. El inicio del tradicional evento est\u00e1 previsto para las 21:30 horas y ser\u00e1 televisado &hellip;<\/p>\n","protected":false},"author":2,"featured_media":29471,"comment_status":"open","ping_status":"open","sticky":false,"template":"","format":"standard","meta":{"footnotes":""},"categories":[44],"tags":[],"class_list":["post-29470","post","type-post","status-publish","format-standard","has-post-thumbnail","hentry","category-varios"],"_links":{"self":[{"href":"https:\/\/www.sportchaco.com.ar\/index.php?rest_route=\/wp\/v2\/posts\/29470","targetHints":{"allow":["GET"]}}],"collection":[{"href":"https:\/\/www.sportchaco.com.ar\/index.php?rest_route=\/wp\/v2\/posts"}],"about":[{"href":"https:\/\/www.sportchaco.com.ar\/index.php?rest_route=\/wp\/v2\/types\/post"}],"author":[{"embeddable":true,"href":"https:\/\/www.sportchaco.com.ar\/index.php?rest_route=\/wp\/v2\/users\/2"}],"replies":[{"embeddable":true,"href":"https:\/\/www.sportchaco.com.ar\/index.php?rest_route=%2Fwp%2Fv2%2Fcomments&post=29470"}],"version-history":[{"count":4,"href":"https:\/\/www.sportchaco.com.ar\/index.php?rest_route=\/wp\/v2\/posts\/29470\/revisions"}],"predecessor-version":[{"id":29476,"href":"https:\/\/www.sportchaco.com.ar\/index.php?rest_route=\/wp\/v2\/posts\/29470\/revisions\/29476"}],"wp:featuredmedia":[{"embeddable":true,"href":"https:\/\/www.sportchaco.com.ar\/index.php?rest_route=\/wp\/v2\/media\/29471"}],"wp:attachment":[{"href":"https:\/\/www.sportchaco.com.ar\/index.php?rest_route=%2Fwp%2Fv2%2Fmedia&parent=29470"}],"wp:term":[{"taxonomy":"category","embeddable":true,"href":"https:\/\/www.sportchaco.com.ar\/index.php?rest_route=%2Fwp%2Fv2%2Fcategories&post=29470"},{"taxonomy":"post_tag","embeddable":true,"href":"https:\/\/www.sportchaco.com.ar\/index.php?rest_route=%2Fwp%2Fv2%2Ftags&post=29470"}],"curies":[{"name":"wp","href":"https:\/\/api.w.org\/{rel}","templated":true}]}}