{"id":29504,"date":"2025-12-01T12:27:32","date_gmt":"2025-12-01T15:27:32","guid":{"rendered":"https:\/\/www.sportchaco.com.ar\/?p=29504"},"modified":"2025-12-01T12:27:37","modified_gmt":"2025-12-01T15:27:37","slug":"murio-carlos-esposito-ex-arbitro-argentino-que-resistio-las-amenazas-de-pablo-escobar","status":"publish","type":"post","link":"https:\/\/www.sportchaco.com.ar\/?p=29504","title":{"rendered":"Muri\u00f3 Carlos Esp\u00f3sito, ex \u00e1rbitro argentino que resisti\u00f3 las amenazas de Pablo Escobar"},"content":{"rendered":"<section class=\"news-body-hero\">\n<h1 class=\"news-hero-title\"><\/h1>\n<div class=\"news-hero-description\"><\/div>\n<div class=\"news-hero-author\">\n<div class=\"news-hero-author-name\"><\/div>\n<\/div>\n<\/section>\n<section class=\"news-body-wrapper\">\n<div class=\"news-body-content air\">\n<div class=\"galeria news-body-image\">\n<div class=\"container\">\n<div class=\"slide-wrapper\" data-slide=\"0\">\n<div class=\"slide\">\n<div><\/div>\n<div class=\"news-body-epigraph\"><\/div>\n<\/div>\n<div class=\"nav\"><\/div>\n<\/div>\n<\/div>\n<\/div>\n<article class=\"article-body first\">\n<div class=\"article-content\">\n<div class=\"news-body-paragraph\" data-twitter-link=\"\">\n<p data-start=\"179\" data-end=\"582\"><strong><span style=\"color: #000000;\"><a style=\"color: #000000;\" href=\"https:\/\/www.a24.com\/deportes\/tragedia-el-futbol-argentino-murio-el-arbitro-ivan-ojeda-n1501223\" target=\"_blank\" rel=\"follow noopener\">Muri\u00f3 Carlos \u201cCoco\u201d Esp\u00f3sito<\/a>,<\/span> uno de los \u00e1rbitros m\u00e1s destacados en la historia del f\u00fatbol argentino, que alcanz\u00f3 la c\u00faspide de su carrera al dirigir en el\u00a0Mundial de M\u00e9xico 1986, adem\u00e1s de intervenir en m\u00faltiples torneos nacionales e internacionales.<\/strong><\/p>\n<div class=\"AV628bd7584134ae5aa627e785\">\n<div id=\"aniBox\">\n<div id=\"aniplayer_AV628bd7584134ae5aa627e785-1764602646061\">\n<div id=\"aniplayer_AV628bd7584134ae5aa627e785-1764602646061gui\">\n<div id=\"av-caption\">\n<div id=\"av-close-btn-overlay\" class=\"av-pos-top-left\">\n<div id=\"av-close-btn\"><\/div>\n<\/div>\n<p>&nbsp;<\/p>\n<\/div>\n<div id=\"av-container\" class=\" av-desktop hide-controls\">\n<div id=\"av-inner\">\n<div id=\"slot\">\n<div id=\"imgpreloader\">\n<div><\/div>\n<\/div>\n<\/div>\n<\/div>\n<\/div>\n<\/div>\n<\/div>\n<\/div>\n<\/div>\n<\/div>\n<\/div>\n<\/article>\n<div class=\"news-body-read-wrapper\"><\/div>\n<article class=\"article-body\">\n<div class=\"article-content\">\n<div class=\"news-body-paragraph\" data-twitter-link=\"\">\n<p data-start=\"179\" data-end=\"582\">La noticia fue confirmada este viernes por la\u00a0<strong data-start=\"485\" data-end=\"527\">Asociaci\u00f3n Argentina de \u00c1rbitros (AAA)<\/strong>\u00a0a trav\u00e9s de un comunicado en su cuenta oficial de X: \u201cLamentamos informar el fallecimiento de Carlos \u2018Coco\u2019 Esp\u00f3sito. \u00c1rbitro mundialista (M\u00e9xico 1986), con una vasta y reconocida trayectoria nacional e internacional, Fue sin dudas un referente de nuestro arbitraje, adem\u00e1s de un<strong>\u00a0gran amigo y compa\u00f1ero\u00bb, indicaron<\/strong>.<\/p>\n<\/div>\n<\/div>\n<\/article>\n<div class=\"banner-libre\">\n<div class=\"banner-full\"><\/div>\n<\/div>\n<article class=\"article-body par-3\">\n<div class=\"article-content\">\n<div class=\"news-body-paragraph\" data-twitter-link=\"\">\n<p data-start=\"179\" data-end=\"582\">En el mismo mensaje, tambi\u00e9n se destac\u00f3: \u00abPart\u00edcipe de la fundaci\u00f3n del Campo Deportivo de nuestra Asociaci\u00f3n, su legado permanecer\u00e1 imborrable en nuestra memoria y seguir\u00e1 inspirando a las futuras generaciones. Acompa\u00f1amos a sus familiares y seres queridos en este dif\u00edcil momento\u201d.<\/p>\n<\/div>\n<\/div>\n<\/article>\n<article class=\"article-body par-4\">\n<div class=\"article-content\">\n<div class=\"news-body-paragraph\" data-twitter-link=\"\">\n<p data-start=\"1166\" data-end=\"1403\">Esp\u00f3sito tuvo una destacada carrera en el referato argentino y en el \u00e1mbito internacional. En el\u00a0<strong data-start=\"1263\" data-end=\"1289\">Mundial de M\u00e9xico 1986<\/strong>, dirigi\u00f3 dos encuentros:\u00a0<strong data-start=\"1315\" data-end=\"1337\">M\u00e9xico 2-1 B\u00e9lgica<\/strong>\u00a0en fase de grupos y\u00a0<strong data-start=\"1358\" data-end=\"1380\">Francia 2-0 Italia<\/strong>\u00a0en octavos de final.<\/p>\n<\/div>\n<\/div>\n<\/article>\n<article class=\"article-body par-5\">\n<div class=\"article-content\">\n<div class=\"news-body-paragraph\" data-twitter-link=\"\">\n<p data-start=\"1405\" data-end=\"1790\">A nivel continental, particip\u00f3 en la\u00a0<strong data-start=\"1442\" data-end=\"1463\">Copa Am\u00e9rica 1979<\/strong>, arbitrando tres partidos, incluyendo la semifinal de vuelta entre\u00a0<strong data-start=\"1531\" data-end=\"1552\">Brasil y Paraguay<\/strong>\u00a0en el\u00a0<strong data-start=\"1559\" data-end=\"1571\">Maracan\u00e1<\/strong>, que clasific\u00f3 al equipo guaran\u00ed a la final. Tambi\u00e9n estuvo presente en torneos juveniles como el\u00a0<strong data-start=\"1670\" data-end=\"1696\">Mundial Sub 20 de 1983<\/strong>\u00a0en M\u00e9xico y el\u00a0<strong data-start=\"1712\" data-end=\"1730\">Sub 17 de 1985<\/strong>\u00a0en China, as\u00ed como en varias eliminatorias sudamericanas.<\/p>\n<h2 data-start=\"1405\" data-end=\"1790\">El d\u00eda que Esp\u00f3sito fue amenazado de parte de Pablo Escobar<\/h2>\n<figure id=\"1736687-Libre-144059196_wrap\" class=\"embed_cont type_imagen\" contenteditable=\"false\">\n<div id=\"1736687-Libre-144059196_content\" class=\"embed_content\">\n<p><img loading=\"lazy\" decoding=\"async\" id=\"1736687-Libre-144059196_embed\" title=\"\" src=\"https:\/\/media.a24.com\/p\/5ed185c4cc541fe7c47cadd60b36a0c4\/adjuntos\/296\/imagenes\/009\/664\/0009664915\/1200x675\/smart\/combo-popeye-escobar.webp\" alt=\"\" width=\"1200\" height=\"675\" data-td-src-property=\"https:\/\/media.a24.com\/p\/5ed185c4cc541fe7c47cadd60b36a0c4\/adjuntos\/296\/imagenes\/009\/664\/0009664915\/1200x675\/smart\/combo-popeye-escobar.webp\" \/><\/p>\n<div class=\"zoomBTN-wrapper\">\n<div id=\"zoomBtn-1736687-Libre-144059196_embed\" class=\"zoomBTN icon-fullscreen\"><\/div>\n<\/div>\n<\/div><figcaption class=\"embed_wrapper-cont\">\n<div id=\"1736687-Libre-144059196_epigrafe\" class=\"embed_epigrafe\"><\/div>\n<div id=\"1736687-Libre-144059196_copyright\" class=\"embed_copyright\"><\/div>\n<\/figcaption><\/figure>\n<p data-start=\"1693\" data-end=\"2182\">Durante la\u00a0<strong data-start=\"1704\" data-end=\"1733\">Copa Libertadores de 1989<\/strong>,\u00a0<strong data-start=\"1735\" data-end=\"1761\">Carlos \u201cCoco\u201d Esp\u00f3sito<\/strong>\u00a0vivi\u00f3 uno de los momentos m\u00e1s tensos de su carrera.<\/p>\n<p data-start=\"1693\" data-end=\"2182\">En la semifinal entre\u00a0<strong data-start=\"1836\" data-end=\"1869\">Atl\u00e9tico Nacional de Medell\u00edn<\/strong>\u00a0y\u00a0<strong data-start=\"1872\" data-end=\"1893\">Danubio (Uruguay)<\/strong>, junto a sus asistentes\u00a0<strong data-start=\"1918\" data-end=\"1933\">Abel Gnecco<\/strong>\u00a0y\u00a0<strong data-start=\"1936\" data-end=\"1949\">Juan Bava<\/strong>,\u00a0<strong data-start=\"1951\" data-end=\"1972\">fueron amenazados<\/strong>\u00a0de muerte por el cartel de\u00a0<strong data-start=\"2000\" data-end=\"2017\">Pablo Escobar<\/strong>, que buscaba asegurar un triunfo para el equipo colombiano. El reconocido sicario\u00a0<strong data-start=\"2100\" data-end=\"2112\">\u201cPopeye\u201d<\/strong>, mano derecha del l\u00edder narco, fue el encargado de la intimidaci\u00f3n.<\/p>\n<p data-start=\"2184\" data-end=\"2538\">A pesar de la presi\u00f3n y del intento de soborno, los \u00e1rbitros se mantuvieron firmes y dirigieron el partido con normalidad, que de todos modos termin\u00f3\u00a0<strong data-start=\"2319\" data-end=\"2355\">6-0 a favor de Atl\u00e9tico Nacional<\/strong>, conjunto que finalmente se consagr\u00f3 campe\u00f3n de esa edici\u00f3n.<\/p>\n<p data-start=\"2184\" data-end=\"2538\">El episodio qued\u00f3 marcado como un ejemplo de\u00a0<strong data-start=\"2464\" data-end=\"2496\">integridad y profesionalismo<\/strong>\u00a0en la historia del arbitraje argentino.<\/p>\n<\/div>\n<\/div>\n<\/article>\n<\/div>\n<\/section>\n","protected":false},"excerpt":{"rendered":"<p>Muri\u00f3 Carlos \u201cCoco\u201d Esp\u00f3sito, uno de los \u00e1rbitros m\u00e1s destacados en la historia del f\u00fatbol argentino, que alcanz\u00f3 la c\u00faspide de su carrera al dirigir en el\u00a0Mundial de M\u00e9xico 1986, adem\u00e1s de intervenir en m\u00faltiples torneos nacionales e internacionales. &nbsp; La noticia fue confirmada este viernes por la\u00a0Asociaci\u00f3n Argentina de \u00c1rbitros (AAA)\u00a0a trav\u00e9s de un &hellip;<\/p>\n","protected":false},"author":2,"featured_media":29505,"comment_status":"open","ping_status":"open","sticky":false,"template":"","format":"standard","meta":{"footnotes":""},"categories":[44],"tags":[],"class_list":["post-29504","post","type-post","status-publish","format-standard","has-post-thumbnail","hentry","category-varios"],"_links":{"self":[{"href":"https:\/\/www.sportchaco.com.ar\/index.php?rest_route=\/wp\/v2\/posts\/29504","targetHints":{"allow":["GET"]}}],"collection":[{"href":"https:\/\/www.sportchaco.com.ar\/index.php?rest_route=\/wp\/v2\/posts"}],"about":[{"href":"https:\/\/www.sportchaco.com.ar\/index.php?rest_route=\/wp\/v2\/types\/post"}],"author":[{"embeddable":true,"href":"https:\/\/www.sportchaco.com.ar\/index.php?rest_route=\/wp\/v2\/users\/2"}],"replies":[{"embeddable":true,"href":"https:\/\/www.sportchaco.com.ar\/index.php?rest_route=%2Fwp%2Fv2%2Fcomments&post=29504"}],"version-history":[{"count":2,"href":"https:\/\/www.sportchaco.com.ar\/index.php?rest_route=\/wp\/v2\/posts\/29504\/revisions"}],"predecessor-version":[{"id":29507,"href":"https:\/\/www.sportchaco.com.ar\/index.php?rest_route=\/wp\/v2\/posts\/29504\/revisions\/29507"}],"wp:featuredmedia":[{"embeddable":true,"href":"https:\/\/www.sportchaco.com.ar\/index.php?rest_route=\/wp\/v2\/media\/29505"}],"wp:attachment":[{"href":"https:\/\/www.sportchaco.com.ar\/index.php?rest_route=%2Fwp%2Fv2%2Fmedia&parent=29504"}],"wp:term":[{"taxonomy":"category","embeddable":true,"href":"https:\/\/www.sportchaco.com.ar\/index.php?rest_route=%2Fwp%2Fv2%2Fcategories&post=29504"},{"taxonomy":"post_tag","embeddable":true,"href":"https:\/\/www.sportchaco.com.ar\/index.php?rest_route=%2Fwp%2Fv2%2Ftags&post=29504"}],"curies":[{"name":"wp","href":"https:\/\/api.w.org\/{rel}","templated":true}]}}