{"id":29576,"date":"2025-12-02T23:59:13","date_gmt":"2025-12-03T02:59:13","guid":{"rendered":"https:\/\/www.sportchaco.com.ar\/?p=29576"},"modified":"2025-12-03T01:10:57","modified_gmt":"2025-12-03T04:10:57","slug":"efemerides-del-3-de-diciembre-3","status":"publish","type":"post","link":"https:\/\/www.sportchaco.com.ar\/?p=29576","title":{"rendered":"Efemerides del 3 de diciembre"},"content":{"rendered":"<div class=\"container fullwidth-entry-title-wrapper\">\n<div class=\"container-wrapper fullwidth-entry-title\">\n<header class=\"entry-header-outer\">\n<div class=\"entry-header\">\n<h5 class=\"single-post-meta post-meta clearfix\"><\/h5>\n<\/div>\n<\/header>\n<\/div>\n<\/div>\n<div id=\"content\" class=\"site-content container\">\n<div id=\"main-content-row\" class=\"tie-row main-content-row\">\n<div class=\"main-content tie-col-md-8 tie-col-xs-12\" role=\"main\">\n<article id=\"the-post\" class=\"container-wrapper post-content tie-standard\">\n<div class=\"entry-content entry clearfix\">\n<h5><strong>Estas son las efem\u00e9rides de un 3 de diciembre, del libro \u00ab100 a\u00f1os de historia del deporte en el Chaco\u00bb, del periodista Luis Dar\u00edo Molodezky.<\/strong><\/h5>\n<p>&nbsp;<\/p>\n<p><img loading=\"lazy\" decoding=\"async\" class=\"alignnone size-medium wp-image-29567 aligncenter\" src=\"https:\/\/www.sportchaco.com.ar\/wp-content\/uploads\/2025\/12\/Luis-carita-2-300x214.jpg\" alt=\"\" width=\"300\" height=\"214\" srcset=\"https:\/\/www.sportchaco.com.ar\/wp-content\/uploads\/2025\/12\/Luis-carita-2-300x214.jpg 300w, https:\/\/www.sportchaco.com.ar\/wp-content\/uploads\/2025\/12\/Luis-carita-2.jpg 600w\" sizes=\"auto, (max-width: 300px) 100vw, 300px\" \/><\/p>\n<p>&nbsp;<\/p>\n<p><strong>1919 \/<\/strong>\u00a0Nace en Capital Federal Carlos Primo L\u00f3pez Piacentini, reconocido historiador chaque\u00f1o. Creador del<br \/>\nescudo del Chaco. Fue deportista y jug\u00f3 al b\u00e1squetbol en Villa San Mart\u00edn.<\/p>\n<p><strong>1933 \/<\/strong>\u00a0Nace en El Zapallar, el implacable goleador Norberto Pentenero. Debut\u00f3 a los 15 a\u00f1os en la primera de Sportivo y la Liga del Norte a los 16. Ciclo brillante en Sarmiento desde 1955, anotando en la temporada de 1955 19 conquistas, en el 56, 29 y la m\u00e1xima fue de 35 goles, en 1957.<\/p>\n<p><strong>1979 \/<\/strong>\u00a0Llega a Resistencia Jon Chan Kim, enviado de la Federaci\u00f3n Internacional de Taekwon Do, oportunidad en<br \/>\nque se\u00f1al\u00f3 que en el Chaco la pr\u00e1ctica de este deporte est\u00e1 entre los mejores del mundo. El maestro estuvo acompa\u00f1ado por Javier Dacak, iniciador de este deporte en la provincia.<\/p>\n<p><strong>2006 \/<\/strong>\u00a0El equipo femenino de Curne se consagra campe\u00f3n del torneo oficial que organiza la Federaci\u00f3n Chaque\u00f1a de Hockey CURNE, y estuvo integrado por Fabiana Acosta, Roc\u00edo Biscay, Mar\u00eda Colombo, Mar\u00eda Eguiaz\u00fa, Silvia Landriel, Mar\u00eda M\u00e9ndez, Florencia Meucci, Silvana Meza, Lucrecia Michel, Nadyria N\u00fa\u00f1ez Biscay, Florencia Osuna, Ludmila Palamedi, Natalia Paniagua, Nadia Pasko, Mar\u00eda Rodr\u00edguez, Milena Samudio, Nara Scarp\u00edn, Mar\u00eda Serrano, Agostina Vacca, Priscila Velazco. DT: Carlos Romero.<\/p>\n<p><strong>2006 \/<\/strong>\u00a0El joven piloto chaque\u00f1o Amado Soto, se consagra subcampe\u00f3n argentino de motociclismo de velocidad, al imponerse en las dos finales de la categor\u00eda 150 c.c. 4T.<\/p>\n<p><em>Foto de Norberto Pentenero<\/em><\/p>\n<p><img loading=\"lazy\" decoding=\"async\" class=\"attachment-jannah-image-post size-jannah-image-post wp-post-image aligncenter\" src=\"https:\/\/www.sportchaco.com.ar\/wp-content\/uploads\/2023\/12\/317878310_487333013495527_3655604011018018368_n-403x470.jpg\" alt=\"\" width=\"403\" height=\"470\" data-main-img=\"1\" \/><\/p>\n<div class=\"otQkpb\" role=\"heading\" aria-level=\"3\" data-animation-nesting=\"\" data-sfc-cp=\"\" data-processed=\"true\">Efem\u00e9rides argentinas<\/div>\n<ul class=\"KsbFXc U6u95\" data-processed=\"true\">\n<li data-hveid=\"CAMQAA\" data-processed=\"true\"><span class=\"T286Pc\" data-sfc-cp=\"\" data-processed=\"true\"><strong class=\"Yjhzub\" data-processed=\"true\">1955:<\/strong>\u00a0Nace en Ezeiza, Buenos Aires, Alberto \u00abConejo\u00bb Tarantini, reconocido defensor y campe\u00f3n del mundo con la selecci\u00f3n argentina en 1978.<\/span><\/li>\n<li data-hveid=\"CAMQAQ\" data-processed=\"true\"><span class=\"T286Pc\" data-sfc-cp=\"\" data-processed=\"true\"><strong class=\"Yjhzub\" data-processed=\"true\">1972:<\/strong>\u00a0Por la und\u00e9cima fecha del Torneo Nacional, River Plate gole\u00f3 a Independiente por 7-2 en el Monumental, en la mayor goleada del \u00abMillonario\u00bb sobre el \u00abRojo\u00bb. Los goles de River fueron obra de Carlos Morete (3), Norberto Alonso (2), Rub\u00e9n Giustozzi y V\u00edctor Marchetti.<\/span><span class=\"uJ19be notranslate\" data-wiz-uids=\"XgyACb_x,XgyACb_y,XgyACb_z\" data-processed=\"true\"><span class=\"vKEkVd\" data-animation-atomic=\"\" data-processed=\"true\">\u00a0<button class=\"rBl3me\" tabindex=\"0\" data-amic=\"true\" data-icl-uuid=\"11c9d5ca-e116-4741-bf0d-61a545025d2f\" aria-label=\"Ver v\u00ednculos relacionados\" data-wiz-attrbind=\"disabled=XgyACb_x_C5gNJc;class=XgyACb_x_UpSNec;\" data-ved=\"2ahUKEwj1ruPm7p-RAxXABbkGHaeDG_8Qye0OegQIAxAC\" data-processed=\"true\"><\/button><\/span><\/span><\/li>\n<\/ul>\n<div class=\"Fsg96\" data-sfc-cp=\"\" data-processed=\"true\"><\/div>\n<div class=\"otQkpb\" role=\"heading\" aria-level=\"3\" data-animation-nesting=\"\" data-sfc-cp=\"\" data-processed=\"true\">Efem\u00e9rides internacionales<button class=\"rBl3me\" tabindex=\"0\" data-amic=\"true\" data-icl-uuid=\"3e364bbc-128d-4d34-8bf7-ce0a7c297fd4\" aria-label=\"Ver v\u00ednculos relacionados\" data-wiz-attrbind=\"disabled=XgyACb_14_C5gNJc;class=XgyACb_14_UpSNec;\" data-ved=\"2ahUKEwj1ruPm7p-RAxXABbkGHaeDG_8Qye0OegQIBBAA\" data-processed=\"true\"><\/button><\/div>\n<ul class=\"KsbFXc U6u95\" data-processed=\"true\">\n<li data-hveid=\"CAUQAA\" data-processed=\"true\"><span class=\"T286Pc\" data-sfc-cp=\"\" data-processed=\"true\"><strong class=\"Yjhzub\" data-processed=\"true\">1953:<\/strong>\u00a0Nace el esquiador austriaco Franz Klammer, uno de los mejores en la historia de su disciplina.<\/span><\/li>\n<li data-hveid=\"CAUQAQ\" data-processed=\"true\"><span class=\"T286Pc\" data-sfc-cp=\"\" data-processed=\"true\"><strong class=\"Yjhzub\" data-processed=\"true\">1955:<\/strong>\u00a0Nace el expiloto de automovilismo estadounidense Rick Mears, con cuatro victorias en las 500 Millas de Indian\u00e1polis.<\/span><\/li>\n<li data-hveid=\"CAUQAg\" data-processed=\"true\"><span class=\"T286Pc\" data-sfc-cp=\"\" data-processed=\"true\"><strong class=\"Yjhzub\" data-processed=\"true\">2021:<\/strong>\u00a0Se celebra el D\u00eda Internacional de la Persona con Discapacidad, proclamado por la ONU en 1992 para promover los derechos y el bienestar de las personas con discapacidad.<\/span><span class=\"uJ19be notranslate\" data-wiz-uids=\"XgyACb_1h,XgyACb_1i,XgyACb_1j\" data-processed=\"true\"><span class=\"vKEkVd\" data-animation-atomic=\"\" data-processed=\"true\">\u00a0<\/span><\/span><\/li>\n<\/ul>\n<\/div>\n<\/article>\n<\/div>\n<\/div>\n<\/div>\n","protected":false},"excerpt":{"rendered":"<p>Estas son las efem\u00e9rides de un 3 de diciembre, del libro \u00ab100 a\u00f1os de historia del deporte en el Chaco\u00bb, del periodista Luis Dar\u00edo Molodezky. &nbsp; &nbsp; 1919 \/\u00a0Nace en Capital Federal Carlos Primo L\u00f3pez Piacentini, reconocido historiador chaque\u00f1o. Creador del escudo del Chaco. Fue deportista y jug\u00f3 al b\u00e1squetbol en Villa San Mart\u00edn. 1933 &hellip;<\/p>\n","protected":false},"author":2,"featured_media":29578,"comment_status":"open","ping_status":"open","sticky":false,"template":"","format":"standard","meta":{"footnotes":""},"categories":[42,45],"tags":[],"class_list":["post-29576","post","type-post","status-publish","format-standard","has-post-thumbnail","hentry","category-diciembre","category-efemerides-dia-por-dia"],"_links":{"self":[{"href":"https:\/\/www.sportchaco.com.ar\/index.php?rest_route=\/wp\/v2\/posts\/29576","targetHints":{"allow":["GET"]}}],"collection":[{"href":"https:\/\/www.sportchaco.com.ar\/index.php?rest_route=\/wp\/v2\/posts"}],"about":[{"href":"https:\/\/www.sportchaco.com.ar\/index.php?rest_route=\/wp\/v2\/types\/post"}],"author":[{"embeddable":true,"href":"https:\/\/www.sportchaco.com.ar\/index.php?rest_route=\/wp\/v2\/users\/2"}],"replies":[{"embeddable":true,"href":"https:\/\/www.sportchaco.com.ar\/index.php?rest_route=%2Fwp%2Fv2%2Fcomments&post=29576"}],"version-history":[{"count":5,"href":"https:\/\/www.sportchaco.com.ar\/index.php?rest_route=\/wp\/v2\/posts\/29576\/revisions"}],"predecessor-version":[{"id":29582,"href":"https:\/\/www.sportchaco.com.ar\/index.php?rest_route=\/wp\/v2\/posts\/29576\/revisions\/29582"}],"wp:featuredmedia":[{"embeddable":true,"href":"https:\/\/www.sportchaco.com.ar\/index.php?rest_route=\/wp\/v2\/media\/29578"}],"wp:attachment":[{"href":"https:\/\/www.sportchaco.com.ar\/index.php?rest_route=%2Fwp%2Fv2%2Fmedia&parent=29576"}],"wp:term":[{"taxonomy":"category","embeddable":true,"href":"https:\/\/www.sportchaco.com.ar\/index.php?rest_route=%2Fwp%2Fv2%2Fcategories&post=29576"},{"taxonomy":"post_tag","embeddable":true,"href":"https:\/\/www.sportchaco.com.ar\/index.php?rest_route=%2Fwp%2Fv2%2Ftags&post=29576"}],"curies":[{"name":"wp","href":"https:\/\/api.w.org\/{rel}","templated":true}]}}