{"id":29596,"date":"2025-12-03T11:20:46","date_gmt":"2025-12-03T14:20:46","guid":{"rendered":"https:\/\/www.sportchaco.com.ar\/?p=29596"},"modified":"2025-12-03T11:20:46","modified_gmt":"2025-12-03T14:20:46","slug":"villa-berthet-continua-fortaleciendo-las-actividades-deportivas-y-recreativas-en-la-comunidad","status":"publish","type":"post","link":"https:\/\/www.sportchaco.com.ar\/?p=29596","title":{"rendered":"Villa Berthet contin\u00faa fortaleciendo las actividades deportivas y recreativas en la comunidad"},"content":{"rendered":"<p>&nbsp;<\/p>\n<p>&nbsp;<\/p>\n<p><strong>Las actividades se realizan tanto en los playones municipales como en articulaci\u00f3n con instituciones educativas de todos los niveles (urbanas y rurales), iglesias y distintas organizaciones de la comunidad que solicitan acompa\u00f1amiento en jornadas recreativas, aniversarios y eventos especiales.<\/strong><\/p>\n<p><strong>\u00a0<\/strong><\/p>\n<p><strong>\u00a0<\/strong><\/p>\n<p>La Secretar\u00eda de Deportes de la Municipalidad de Villa Berthet informa que contin\u00faa desarrollando una amplia propuesta de actividades deportivas y recreativas en los distintos espacios de la localidad, con el objetivo de promover h\u00e1bitos saludables y fomentar la integraci\u00f3n comunitaria.<\/p>\n<p>&nbsp;<\/p>\n<p>Dicha Secretar\u00eda est\u00e1 conformada por el Secretario de Deportes Gustavo Silva, un Vicedirector y un equipo de 14 docentes que llevan adelante diversas disciplinas deportivas de manera totalmente gratuita.<\/p>\n<p>&nbsp;<\/p>\n<p>Las actividades se realizan tanto en los playones municipales como en articulaci\u00f3n con instituciones educativas de todos los niveles (urbanas y rurales), iglesias y distintas organizaciones de la comunidad que solicitan acompa\u00f1amiento en jornadas recreativas, aniversarios y eventos especiales.<\/p>\n<p>&nbsp;<\/p>\n<p>En el marco de la temporada estival, desde el 15 de noviembre se encuentra habilitada la Pileta Municipal, que dio inicio con un campamento junto a las tres escuelas primarias urbanas de la localidad.<\/p>\n<p><img decoding=\"async\" src=\"https:\/\/scontent.fcnq2-2.fna.fbcdn.net\/v\/t39.30808-6\/592717240_122116590597022572_8387666162204048047_n.jpg?_nc_cat=103&amp;ccb=1-7&amp;_nc_sid=127cfc&amp;_nc_ohc=CdPt1v2I0xAQ7kNvwEeKWMs&amp;_nc_oc=AdlJIRUl5BZYCS-goUwE4wNg1mitDawfPt2bKlWFVezIbmjonIBIJ2XJsdN9G186xxY&amp;_nc_zt=23&amp;_nc_ht=scontent.fcnq2-2.fna&amp;_nc_gid=HjjsOrJoJ21KcA31gyylOA&amp;oh=00_Afmk5eQobcWrhhyHmAvUFs--IAwEkPQcvQqYtnnXNArjhg&amp;oe=6936338A\" alt=\"Puede ser una imagen de nataci\u00f3n y piscina\" \/><\/p>\n<p>Actualmente, tambi\u00e9n se desarrollan jornadas recreativas con clubes, instituciones educativas y jardines de infantes, que incluyen actividades l\u00fadicas, nataci\u00f3n y espacios de convivencia.<\/p>\n<p>&nbsp;<\/p>\n<p>Asimismo, a partir de los primeros d\u00edas de enero dar\u00e1 comienzo la Escuela de Nataci\u00f3n Municipal, destinada a ni\u00f1os y ni\u00f1as a partir de los cinco a\u00f1os. Las clases se dictar\u00e1n de lunes a viernes y abordar\u00e1n los estilos crawl, espalda y pecho. Adem\u00e1s, se ofrecer\u00e1n actividades de aquagym, gimnasia acu\u00e1tica y rehabilitaci\u00f3n motriz, destinadas a personas que requieran acompa\u00f1amiento en su recuperaci\u00f3n f\u00edsica.<\/p>\n<p>&nbsp;<\/p>\n<p>La temporada finalizar\u00e1 a fines de febrero con una exhibici\u00f3n de cierre, donde se presentar\u00e1n los logros y avances alcanzados por los participantes durante el per\u00edodo de funcionamiento de la Escuela de Nataci\u00f3n.<\/p>\n<p>&nbsp;<\/p>\n<p>&nbsp;<\/p>\n<p>AGRADECIMIENTO<\/p>\n<p>Desde la Secretar\u00eda de Deportes se hace extensivo el \u00a0agradecimiento a la Municipalidad de Villa Berthet y al intendente Germ\u00e1n Honcheruk por su apoyo y dedicaci\u00f3n a la contenci\u00f3n de ni\u00f1os, adolescentes y adultos a trav\u00e9s del deporte que se desarrolla en la comunidad.<\/p>\n<p>&nbsp;<\/p>\n<p>&nbsp;<\/p>\n","protected":false},"excerpt":{"rendered":"<p>&nbsp; &nbsp; Las actividades se realizan tanto en los playones municipales como en articulaci\u00f3n con instituciones educativas de todos los niveles (urbanas y rurales), iglesias y distintas organizaciones de la comunidad que solicitan acompa\u00f1amiento en jornadas recreativas, aniversarios y eventos especiales. \u00a0 \u00a0 La Secretar\u00eda de Deportes de la Municipalidad de Villa Berthet informa que &hellip;<\/p>\n","protected":false},"author":2,"featured_media":29597,"comment_status":"open","ping_status":"open","sticky":false,"template":"","format":"standard","meta":{"footnotes":""},"categories":[65],"tags":[],"class_list":["post-29596","post","type-post","status-publish","format-standard","has-post-thumbnail","hentry","category-natacion"],"_links":{"self":[{"href":"https:\/\/www.sportchaco.com.ar\/index.php?rest_route=\/wp\/v2\/posts\/29596","targetHints":{"allow":["GET"]}}],"collection":[{"href":"https:\/\/www.sportchaco.com.ar\/index.php?rest_route=\/wp\/v2\/posts"}],"about":[{"href":"https:\/\/www.sportchaco.com.ar\/index.php?rest_route=\/wp\/v2\/types\/post"}],"author":[{"embeddable":true,"href":"https:\/\/www.sportchaco.com.ar\/index.php?rest_route=\/wp\/v2\/users\/2"}],"replies":[{"embeddable":true,"href":"https:\/\/www.sportchaco.com.ar\/index.php?rest_route=%2Fwp%2Fv2%2Fcomments&post=29596"}],"version-history":[{"count":1,"href":"https:\/\/www.sportchaco.com.ar\/index.php?rest_route=\/wp\/v2\/posts\/29596\/revisions"}],"predecessor-version":[{"id":29598,"href":"https:\/\/www.sportchaco.com.ar\/index.php?rest_route=\/wp\/v2\/posts\/29596\/revisions\/29598"}],"wp:featuredmedia":[{"embeddable":true,"href":"https:\/\/www.sportchaco.com.ar\/index.php?rest_route=\/wp\/v2\/media\/29597"}],"wp:attachment":[{"href":"https:\/\/www.sportchaco.com.ar\/index.php?rest_route=%2Fwp%2Fv2%2Fmedia&parent=29596"}],"wp:term":[{"taxonomy":"category","embeddable":true,"href":"https:\/\/www.sportchaco.com.ar\/index.php?rest_route=%2Fwp%2Fv2%2Fcategories&post=29596"},{"taxonomy":"post_tag","embeddable":true,"href":"https:\/\/www.sportchaco.com.ar\/index.php?rest_route=%2Fwp%2Fv2%2Ftags&post=29596"}],"curies":[{"name":"wp","href":"https:\/\/api.w.org\/{rel}","templated":true}]}}