{"id":29618,"date":"2025-12-03T20:21:54","date_gmt":"2025-12-03T23:21:54","guid":{"rendered":"https:\/\/www.sportchaco.com.ar\/?p=29618"},"modified":"2025-12-03T20:21:54","modified_gmt":"2025-12-03T23:21:54","slug":"dias-y-horarios-para-la-segunda-fase-del-regional-amateur","status":"publish","type":"post","link":"https:\/\/www.sportchaco.com.ar\/?p=29618","title":{"rendered":"D\u00edas y horarios para la segunda fase del Regional Amateur"},"content":{"rendered":"<p><strong>03-12-2025<\/strong><\/p>\n<p><img loading=\"lazy\" decoding=\"async\" class=\"aligncenter size-large wp-image-20099\" src=\"https:\/\/www.sportchaco.com.ar\/wp-content\/uploads\/2025\/06\/728x90-1024x127.gif\" sizes=\"auto, (max-width: 1024px) 100vw, 1024px\" srcset=\"https:\/\/www.sportchaco.com.ar\/wp-content\/uploads\/2025\/06\/728x90-1024x127.gif 1024w, https:\/\/www.sportchaco.com.ar\/wp-content\/uploads\/2025\/06\/728x90-300x37.gif 300w, https:\/\/www.sportchaco.com.ar\/wp-content\/uploads\/2025\/06\/728x90-768x95.gif 768w, https:\/\/www.sportchaco.com.ar\/wp-content\/uploads\/2025\/06\/728x90-1536x190.gif 1536w, https:\/\/www.sportchaco.com.ar\/wp-content\/uploads\/2025\/06\/728x90-2048x254.gif 2048w\" alt=\"\" width=\"1024\" height=\"127\" \/><\/p>\n<p>El Consejo Federal de AFA dio a conocer d\u00edas, horarios y \u00e1rbitros, que a partir de esta instancia, ser\u00e1n cuatro, para los cruces de la segunda ronda de la Regi\u00f3n Norte del Regional Amateur.<\/p>\n<p>El s\u00e1bado en Santa Sylvina, Comercio recibir\u00e1 a Defensores de Vilelas. Mientras que los restantes dos partidos que involucran a los equipos chaque\u00f1os no han salido en la programaci\u00f3n a la espera de resolver la situaci\u00f3n de Fontana y su partido suspendido en Vedia el fin de semana anterior.<\/p>\n<p>Misma situaci\u00f3n pas\u00f3 con los equipos de Formosa que a\u00fan deben completar la fase de grupos. Los dem\u00e1s equipos de Corrientes y Posadas jugar\u00e1n en la tarde del domingo.<\/p>\n<p><strong>REGI\u00d3N LITORAL NORTE<\/strong><br \/>\n<strong>SEGUNDA RONDA &#8211; IDA<br \/>\nS\u00e1bado 06-12<br \/>\n<\/strong>A las 17, Comercio de Santa Sylvina &#8211; Defensores de Vilelas<br \/>\n<strong>\u00c1rbitro:<\/strong> Marcelo Ojeda (Machagai). <strong>Asistentes:<\/strong> Stefani Goulart (S\u00e1enz Pe\u00f1a) y Emanuel Gallardo (S\u00e1enz Pe\u00f1a). <strong>Cuarto \u00e1rbitro:<\/strong> Rub\u00e9n Saavedra (Machagai)<\/p>\n<p><strong>Domingo 07-12<\/strong><br \/>\nA las 17, Luz y Fuerza de Puerto Iguaz\u00fa &#8211; Guaran\u00ed Antonio Franco de Posadas<br \/>\nA las 17, Gibson Brown de Posadas &#8211; Estudio Galeano de Posadas<br \/>\nA las 17:30, Rivera del Paran\u00e1 de Bella Vista &#8211; San Lorenzo de Monte Caseros<br \/>\nA las 18, Sp. Benjam\u00edn Matienzo de Goya &#8211; Mandiy\u00fa de Corrientes<\/p>\n<p><strong>A DEFINIR<\/strong><br \/>\nDefensores del Rosario o Juventud o Tablita &#8211; 8 de Diciembre de Formosa<br \/>\nUni\u00f3n de Machagai &#8211; Primero de la Zona 9 (Fontana o Policiales)<br \/>\nSegundo de la Zona 9 (Fontana o Policiales) &#8211; Cultural de Castelli<\/p>\n<p><img loading=\"lazy\" decoding=\"async\" class=\"aligncenter size-large wp-image-20149\" src=\"https:\/\/www.sportchaco.com.ar\/wp-content\/uploads\/2025\/06\/Chaco-sin-fuego-1080x1350-3-819x1024.gif\" sizes=\"auto, (max-width: 819px) 100vw, 819px\" srcset=\"https:\/\/www.sportchaco.com.ar\/wp-content\/uploads\/2025\/06\/Chaco-sin-fuego-1080x1350-3-819x1024.gif 819w, https:\/\/www.sportchaco.com.ar\/wp-content\/uploads\/2025\/06\/Chaco-sin-fuego-1080x1350-3-240x300.gif 240w, https:\/\/www.sportchaco.com.ar\/wp-content\/uploads\/2025\/06\/Chaco-sin-fuego-1080x1350-3-768x960.gif 768w, https:\/\/www.sportchaco.com.ar\/wp-content\/uploads\/2025\/06\/Chaco-sin-fuego-1080x1350-3-1229x1536.gif 1229w, https:\/\/www.sportchaco.com.ar\/wp-content\/uploads\/2025\/06\/Chaco-sin-fuego-1080x1350-3-1638x2048.gif 1638w\" alt=\"\" width=\"819\" height=\"1024\" \/><\/p>\n","protected":false},"excerpt":{"rendered":"<p>03-12-2025 El Consejo Federal de AFA dio a conocer d\u00edas, horarios y \u00e1rbitros, que a partir de esta instancia, ser\u00e1n cuatro, para los cruces de la segunda ronda de la Regi\u00f3n Norte del Regional Amateur. El s\u00e1bado en Santa Sylvina, Comercio recibir\u00e1 a Defensores de Vilelas. Mientras que los restantes dos partidos que involucran a &hellip;<\/p>\n","protected":false},"author":3,"featured_media":29622,"comment_status":"open","ping_status":"open","sticky":false,"template":"","format":"standard","meta":{"footnotes":""},"categories":[5],"tags":[],"class_list":["post-29618","post","type-post","status-publish","format-standard","has-post-thumbnail","hentry","category-futbol"],"_links":{"self":[{"href":"https:\/\/www.sportchaco.com.ar\/index.php?rest_route=\/wp\/v2\/posts\/29618","targetHints":{"allow":["GET"]}}],"collection":[{"href":"https:\/\/www.sportchaco.com.ar\/index.php?rest_route=\/wp\/v2\/posts"}],"about":[{"href":"https:\/\/www.sportchaco.com.ar\/index.php?rest_route=\/wp\/v2\/types\/post"}],"author":[{"embeddable":true,"href":"https:\/\/www.sportchaco.com.ar\/index.php?rest_route=\/wp\/v2\/users\/3"}],"replies":[{"embeddable":true,"href":"https:\/\/www.sportchaco.com.ar\/index.php?rest_route=%2Fwp%2Fv2%2Fcomments&post=29618"}],"version-history":[{"count":1,"href":"https:\/\/www.sportchaco.com.ar\/index.php?rest_route=\/wp\/v2\/posts\/29618\/revisions"}],"predecessor-version":[{"id":29623,"href":"https:\/\/www.sportchaco.com.ar\/index.php?rest_route=\/wp\/v2\/posts\/29618\/revisions\/29623"}],"wp:featuredmedia":[{"embeddable":true,"href":"https:\/\/www.sportchaco.com.ar\/index.php?rest_route=\/wp\/v2\/media\/29622"}],"wp:attachment":[{"href":"https:\/\/www.sportchaco.com.ar\/index.php?rest_route=%2Fwp%2Fv2%2Fmedia&parent=29618"}],"wp:term":[{"taxonomy":"category","embeddable":true,"href":"https:\/\/www.sportchaco.com.ar\/index.php?rest_route=%2Fwp%2Fv2%2Fcategories&post=29618"},{"taxonomy":"post_tag","embeddable":true,"href":"https:\/\/www.sportchaco.com.ar\/index.php?rest_route=%2Fwp%2Fv2%2Ftags&post=29618"}],"curies":[{"name":"wp","href":"https:\/\/api.w.org\/{rel}","templated":true}]}}