{"id":29624,"date":"2025-12-03T22:51:09","date_gmt":"2025-12-04T01:51:09","guid":{"rendered":"https:\/\/www.sportchaco.com.ar\/?p=29624"},"modified":"2025-12-03T22:51:09","modified_gmt":"2025-12-04T01:51:09","slug":"boca-campeon-del-clausura-proyeccion","status":"publish","type":"post","link":"https:\/\/www.sportchaco.com.ar\/?p=29624","title":{"rendered":"Boca campe\u00f3n del Clausura Proyecci\u00f3n"},"content":{"rendered":"<p><em><strong>Foto portada: Valentino Simoni, hijo del\u00a0 excjugador de Villa San Mart\u00edn de b\u00e1squetbol Patricio Simoni y nieto del abogado Simoni, jugador de golf. HIzo uno de los goles de Boca en la final del Proyeccion.<\/strong><\/em><\/p>\n<p>&nbsp;<\/p>\n<div class=\"sc-808a5b4d-0 fiDTki normal-header false normal-header false\">\n<div class=\"sc-808a5b4d-0 fiDTki shared-header shared-header\">\n<div class=\"mt \">\n<h1 class=\"storyTitle \">Boca campe\u00f3n de la Reserva: en una final inolvidable, se impuso en la definici\u00f3n por penales ante Gimnasia y se qued\u00f3 con el Torneo Proyecci\u00f3n. En los 90 minutos y los treinta de alargue, igualaron dos a dos. En los pneales el xaneise se impuso 4 a 1.<\/h1>\n<p>&nbsp;<\/p>\n<ul>\n<li>Fue 4-1 en la tanda de penales y se qued\u00f3 con el t\u00edtulo.<\/li>\n<li>El partido en el Florencio Sola termin\u00f3 1-1 en los 90 y 2-2 tras el alargue.<\/li>\n<li>La final podr\u00e1 repetirse en el Torneo Clausura de Primera Divisi\u00f3n.<\/li>\n<\/ul>\n<\/div>\n<div class=\"image-container \"><picture><source srcset=\"https:\/\/www.clarin.com\/img\/2025\/12\/03\/7M2HFKn6O_1256x620__1.jpg\" media=\"(min-width: 975px)\" \/><img loading=\"lazy\" decoding=\"async\" src=\"https:\/\/www.clarin.com\/img\/2025\/12\/03\/7M2HFKn6O_360x240__1.jpg\" alt=\"Boca campe\u00f3n de la Reserva: en una final inolvidable, se impuso en la definici\u00f3n por penales ante Gimnasia y se qued\u00f3 con el Torneo Proyecci\u00f3n\" width=\"360\" height=\"620\" data-nimg=\"1\" \/><\/picture><button class=\"open-image\" aria-label=\"Open Image\"><\/button><\/div>\n<div class=\"image-container \"><strong><span class=\"epigraphe\">Mateo Mend\u00eda levanta el trofeo y Boca se consagra campe\u00f3n del torneo de Reserva. (Fernando De la Orden)<\/span><\/strong><\/div>\n<\/div>\n<\/div>\n<section class=\"sc-46e3ecc3-1 fMFjWA\">\n<article id=\"storyBody\" class=\"sc-46e3ecc3-2 cfXsMv\">\n<section class=\"sc-46e3ecc3-3 eNZxqX dataStory dataStory\">\n<div class=\"list-authors \">\n<div class=\"sc-4e7e5c5d-0 hgTTFo list-authors  speakable-author\"><\/div>\n<\/div>\n<div class=\"place-social-mobile\">\n<div class=\"sc-21d6e8b1-0 iyySuN SocialMedia SocialMedia\"><\/div>\n<\/div>\n<\/section>\n<div class=\"StoryTextContainer vsmcontent\">\n<div id=\"containerUalter\" class=\"trinity-skip-it\">\n<div class=\"ualter_content\">\n<section class=\"accordion\">\n<div class=\"tab\">\n<div class=\"tab__content\">\n<div class=\"sintesis\">\n<div class=\"sintesis-header\">\n<h4><\/h4>\n<\/div>\n<div class=\"sintesis-content\">\n<div class=\"slider-wrapper\"><button id=\"slide-arrow-next\" class=\"slide-arrow\">\u203a<\/button><\/p>\n<ul id=\"slides-container\" class=\"slides-container\">\n<li class=\"slide\"><img decoding=\"async\" src=\"https:\/\/www.clarin.com\/img\/2025\/12\/03\/jdH_K5_eW_600x600__1.jpg\" alt=\"Los jugadores de Boca celebran el t\u00edtulo en el Florencio Sola. (Fernando De la Orden)\" \/>\n<p class=\"img-epigraph\">\n<\/li>\n<li class=\"slide\">\n<p class=\"img-epigraph\">\n<\/li>\n<\/ul>\n<\/div>\n<\/div>\n<div class=\"sintesis-footer\">\n<div class=\"manos\">\n<div class=\"gracias\"><\/div>\n<\/div>\n<\/div>\n<div id=\"modules\" class=\"otros\"><\/div>\n<\/div>\n<div class=\"expandable-rectangle\">\n<div class=\"clickable\">\n<h4 class=\"sub-title\"><\/h4>\n<\/div>\n<div class=\"cron-container content\">\n<div class=\"cron-card\">\n<div class=\"clickable cron-container\">\n<p class=\"hecho-container underline\">\n<\/div>\n<div class=\"contexto\">\n<p>&nbsp;<\/p>\n<\/div>\n<\/div>\n<div class=\"cron-card\">\n<div class=\"clickable cron-container\">\n<p class=\"hecho-container underline\">\n<\/div>\n<div class=\"contexto\">\n<p>&nbsp;<\/p>\n<\/div>\n<\/div>\n<div class=\"cron-card\">\n<div class=\"clickable cron-container\">\n<p class=\"hecho-container underline\">\n<\/div>\n<div class=\"contexto\">\n<p>&nbsp;<\/p>\n<\/div>\n<\/div>\n<div class=\"cron-card\">\n<div class=\"clickable cron-container\">\n<p class=\"hecho-container underline\">\n<\/div>\n<div class=\"contexto\">\n<p>&nbsp;<\/p>\n<\/div>\n<\/div>\n<div class=\"cron-card\">\n<div class=\"clickable cron-container\">\n<p class=\"hecho-container underline\">\n<\/div>\n<div class=\"contexto\">\n<p>&nbsp;<\/p>\n<\/div>\n<\/div>\n<div class=\"cron-card\">\n<div class=\"clickable cron-container\">\n<p class=\"hecho-container underline\">\n<\/div>\n<div class=\"contexto\">\n<p>&nbsp;<\/p>\n<\/div>\n<\/div>\n<div class=\"cron-card\">\n<div class=\"clickable cron-container\">\n<p class=\"hecho-container underline\">\n<\/div>\n<div class=\"contexto\">\n<p>&nbsp;<\/p>\n<\/div>\n<\/div>\n<div class=\"cron-card\">\n<div class=\"clickable cron-container\">\n<p class=\"hecho-container underline\">\n<\/div>\n<div class=\"contexto\">\n<p>&nbsp;<\/p>\n<\/div>\n<\/div>\n<div class=\"cron-card\">\n<div class=\"clickable cron-container\">\n<p class=\"hecho-container underline\">\n<\/div>\n<div class=\"contexto\">\n<p>&nbsp;<\/p>\n<\/div>\n<\/div>\n<div class=\"cron-card\">\n<div class=\"clickable cron-container\">\n<p class=\"hecho-container underline\">\n<\/div>\n<div class=\"contexto\">\n<p>&nbsp;<\/p>\n<\/div>\n<\/div>\n<div class=\"modulo-footer\">\n<div class=\"validar\">\n<div class=\"manos\">\n<div class=\"gracias\"><\/div>\n<\/div>\n<\/div>\n<div class=\"cerrar_clickable\"><\/div>\n<\/div>\n<\/div>\n<\/div>\n<div class=\"expandable-rectangle\">\n<div class=\"clickable\">\n<h4 class=\"sub-title\"><\/h4>\n<\/div>\n<div class=\"textual-container content\">\n<div class=\"textual-card\">\n<p class=\"cont-autor\">\n<\/div>\n<div class=\"textual-card\">\n<p class=\"cont-autor\">\n<\/div>\n<div class=\"textual-card\">\n<p class=\"cont-autor\">\n<\/div>\n<div class=\"textual-card\">\n<p class=\"cont-autor\">\n<\/div>\n<div class=\"modulo-footer\">\n<div class=\"validar\">\n<div class=\"manos\">\n<div class=\"gracias\"><\/div>\n<\/div>\n<\/div>\n<div class=\"cerrar_clickable\"><\/div>\n<\/div>\n<\/div>\n<\/div>\n<div class=\"expandable-rectangle\">\n<div class=\"clickable\">\n<h4 class=\"sub-title\"><\/h4>\n<\/div>\n<div id=\"module_numeros\" class=\"numbers-container content\">\n<div class=\"cat-table\"><\/div>\n<table class=\"num-table\">\n<tbody>\n<tr>\n<td><\/td>\n<td><\/td>\n<\/tr>\n<tr>\n<td><\/td>\n<td><\/td>\n<\/tr>\n<tr>\n<td><\/td>\n<td><\/td>\n<\/tr>\n<tr>\n<td><\/td>\n<td><\/td>\n<\/tr>\n<tr>\n<td><\/td>\n<td><\/td>\n<\/tr>\n<\/tbody>\n<\/table>\n<div class=\"cat-table\"><\/div>\n<table class=\"num-table\">\n<tbody>\n<tr>\n<td><\/td>\n<td><\/td>\n<\/tr>\n<tr>\n<td><\/td>\n<td><\/td>\n<\/tr>\n<tr>\n<td><\/td>\n<td><\/td>\n<\/tr>\n<tr>\n<td><\/td>\n<td><\/td>\n<\/tr>\n<tr>\n<td><\/td>\n<td><\/td>\n<\/tr>\n<\/tbody>\n<\/table>\n<div class=\"cat-table\"><\/div>\n<table class=\"num-table\">\n<tbody>\n<tr>\n<td><\/td>\n<td><\/td>\n<\/tr>\n<tr>\n<td><\/td>\n<td><\/td>\n<\/tr>\n<tr>\n<td><\/td>\n<td><\/td>\n<\/tr>\n<tr>\n<td><\/td>\n<td><\/td>\n<\/tr>\n<tr>\n<td><\/td>\n<td><\/td>\n<\/tr>\n<tr>\n<td><\/td>\n<td><\/td>\n<\/tr>\n<tr>\n<td><\/td>\n<td><\/td>\n<\/tr>\n<tr>\n<td><\/td>\n<td><\/td>\n<\/tr>\n<\/tbody>\n<\/table>\n<div class=\"modulo-footer\">\n<div class=\"validar\">\n<div class=\"manos\">\n<div class=\"gracias\"><\/div>\n<\/div>\n<\/div>\n<div class=\"download\"><\/div>\n<div class=\"cerrar_clickable\"><\/div>\n<\/div>\n<\/div>\n<\/div>\n<div class=\"expandable-rectangle\">\n<div class=\"clickable\">\n<h4 class=\"sub-title\"><\/h4>\n<\/div>\n<div class=\"pregs-container content\">\n<div class=\"preg-card preg-line\">\n<div class=\"preg-container\">\n<p class=\"preg\">\n<\/div>\n<p class=\"resp\">\n<\/div>\n<div class=\"preg-card preg-line\">\n<div class=\"preg-container\">\n<p class=\"preg\">\n<\/div>\n<p class=\"resp\">\n<\/div>\n<div class=\"preg-card preg-line\">\n<div class=\"preg-container\">\n<p class=\"preg\">\n<\/div>\n<p class=\"resp\">\n<\/div>\n<div class=\"preg-card preg-line\">\n<div class=\"preg-container\">\n<p class=\"preg\">\n<\/div>\n<p class=\"resp\">\n<\/div>\n<div class=\"preg-card preg-line\">\n<div class=\"preg-container\">\n<p class=\"preg\">\n<\/div>\n<p class=\"resp\">\n<\/div>\n<div class=\"preg-card preg-line\">\n<div class=\"preg-container\">\n<p class=\"preg\">\n<\/div>\n<p class=\"resp\">\n<\/div>\n<div class=\"preg-card preg-line\">\n<div class=\"preg-container\">\n<p class=\"preg\">\n<\/div>\n<p class=\"resp\">\n<\/div>\n<div class=\"preg-card preg-line\">\n<div class=\"preg-container\">\n<p class=\"preg\">\n<\/div>\n<p class=\"resp\">\n<\/div>\n<div class=\"preg-card preg-line\">\n<div class=\"preg-container\">\n<p><iframe loading=\"lazy\" title=\"EL XENEZE GAN\u00d3 POR PENALES Y GRIT\u00d3 CAMPE\u00d3N DEL TORNO PROYECCI\u00d3N | Boca 2-2 Gimnasia | RESUMEN\" width=\"500\" height=\"281\" src=\"https:\/\/www.youtube.com\/embed\/Czy13MeUxa0?feature=oembed\" frameborder=\"0\" allow=\"accelerometer; autoplay; clipboard-write; encrypted-media; gyroscope; picture-in-picture; web-share\" referrerpolicy=\"strict-origin-when-cross-origin\" allowfullscreen><\/iframe><\/p>\n<\/div>\n<p class=\"resp\">\n<\/div>\n<div class=\"preg-card preg-last\">\n<div class=\"preg-container\">\n<p class=\"preg\">\n<\/div>\n<p class=\"resp\">\n<\/div>\n<div class=\"modulo-footer\">\n<div class=\"validar\">\n<div class=\"manos\">\n<div class=\"gracias\"><\/div>\n<\/div>\n<\/div>\n<div class=\"cerrar_clickable\"><\/div>\n<\/div>\n<\/div>\n<\/div>\n<div id=\"tries\" class=\"expandable-rectangle\">\n<div class=\"clickable\">\n<h4 class=\"sub-title\"><\/h4>\n<\/div>\n<div class=\"glo-container content\">\n<div class=\"cat-table\"><\/div>\n<table class=\"num-table\">\n<tbody>\n<tr>\n<td><\/td>\n<td><\/td>\n<\/tr>\n<tr>\n<td><\/td>\n<td><\/td>\n<\/tr>\n<tr>\n<td><\/td>\n<td><\/td>\n<\/tr>\n<tr>\n<td><\/td>\n<td><\/td>\n<\/tr>\n<tr>\n<td><\/td>\n<td><\/td>\n<\/tr>\n<tr>\n<td><\/td>\n<td><\/td>\n<\/tr>\n<tr>\n<td><\/td>\n<td><\/td>\n<\/tr>\n<tr>\n<td><\/td>\n<td><\/td>\n<\/tr>\n<\/tbody>\n<\/table>\n<div class=\"cat-table\"><\/div>\n<table class=\"num-table\">\n<tbody>\n<tr>\n<td><\/td>\n<td><\/td>\n<\/tr>\n<tr>\n<td><\/td>\n<td><\/td>\n<\/tr>\n<tr>\n<td><\/td>\n<td><\/td>\n<\/tr>\n<tr>\n<td><\/td>\n<td><\/td>\n<\/tr>\n<\/tbody>\n<\/table>\n<div class=\"cat-table\"><\/div>\n<table class=\"num-table\">\n<tbody>\n<tr>\n<td><\/td>\n<td><\/td>\n<\/tr>\n<tr>\n<td><\/td>\n<td><\/td>\n<\/tr>\n<\/tbody>\n<\/table>\n<div class=\"modulo-footer\">\n<div class=\"validar\">\n<div class=\"manos\">\n<div class=\"gracias\"><\/div>\n<\/div>\n<\/div>\n<div class=\"download\"><\/div>\n<div class=\"cerrar_clickable\"><\/div>\n<\/div>\n<\/div>\n<\/div>\n<div class=\"footer\">\n<div class=\"disclaimer\"><\/div>\n<div class=\"rrss\">\n<ul>\n<li class=\"rrss_x\"><\/li>\n<li class=\"rrss_ig\"><\/li>\n<\/ul>\n<ul class=\"copyright_container\">\n<li><\/li>\n<li><\/li>\n<\/ul>\n<\/div>\n<\/div>\n<\/div>\n<\/div>\n<\/section>\n<\/div>\n<\/div>\n<div id=\"cuerpo\">\n<div id=\"element-body-0\" class=\"sc-45461e9c-0 eqiBeF container-text text-embed \">\n<p><strong>Boca Juniors<\/strong>\u00a0se qued\u00f3 con el t\u00edtulo del\u00a0<strong>Torneo Proyecci\u00f3n<\/strong>, el campeonato de Reserva. Y volvi\u00f3 a ser campe\u00f3n por primera vez desde 2022 y son 29 en toda la historia, siendo el m\u00e1ximo ganador de la categor\u00eda. El equipo de\u00a0<strong>Mariano Herr\u00f3n se impuso por 4-1 en la definici\u00f3n por penales ante Gimnasia La Plata<\/strong>\u00a0en el Florencio Sola y ahora jugar\u00e1 ante V\u00e9lez -ganador del torneo en el primer semestre- el Trofeo de Campeones para conocer al \u00abs\u00faper campe\u00f3n\u00bb de la temporada.<\/p>\n<\/div>\n<div id=\"element-body-1\" class=\"sc-45461e9c-0 eqiBeF container-text text-embed \">\n<p>La final, que podr\u00eda repetirse en el\u00a0<strong>Torneo Clausura de Primera Divisi\u00f3n<\/strong>\u00a0ya que Boca -enfrentar\u00e1 a Racing- y Gimnasia -chocar\u00e1 con Estudiantes- est\u00e1n en las semifinales y podr\u00edan encontrarse en el partido decisivo en Santiago del Estero.<\/p>\n<\/div>\n<div id=\"element-body-2\" class=\"sc-45461e9c-0 eqiBeF container-text text-embed \">\n<p>Ante la atenta mirada de\u00a0<strong>Juan Rom\u00e1n Riquelme<\/strong>, el presidente del club, que estuvo en el estadio (tambi\u00e9n estuvo Claudio \u00dabeda), Boca arranc\u00f3 mal la final ante el Gimnasia de\u00a0<strong>Ricardo Kuzemka<\/strong>\u00a0que logr\u00f3 ponerse 1-0 con una definici\u00f3n de zurda de\u00a0<strong>Santino L\u00f3pez<\/strong>, a los 11 minutos.<\/p>\n<\/div>\n<div id=\"element-body-3\" class=\"sc-106e49c0-0 dcVumd freeHtml-embed undefined\"><iframe loading=\"lazy\" title=\"YouTube video player\" src=\"https:\/\/www.youtube.com\/embed\/Czy13MeUxa0?si=H13hIQAew9GKHZfO\" width=\"560\" height=\"315\" frameborder=\"0\" allowfullscreen=\"allowfullscreen\" data-mce-fragment=\"1\"><\/iframe><\/div>\n<div id=\"element-body-4\" class=\"sc-45461e9c-0 eqiBeF container-text text-embed \">\n<p>Pero en el complemento, tras un tr\u00e1mite muy parejo, Boca alcanz\u00f3 el empate. Fue tras el ingreso de\u00a0<strong>Leonel Flores<\/strong>, que le cambi\u00f3 el aire al ataque. Una definici\u00f3n suya que tap\u00f3 Julian Kadijevic deriv\u00f3 en los pies de\u00a0<strong>Valentino Simoni<\/strong>\u00a0que igual\u00f3 con un remate violento. Pero la chapa no se movi\u00f3 del 1-1 en los 90 y se tuvieron que jugar dos tiempos de 15 minutos de alargue.<\/p>\n<\/div>\n<div id=\"element-body-5\" class=\"sc-98b114a2-0 bkqiHH image-embed  image-embed \"><picture class=\"sc-98b114a2-1 jRUlDm\"><source srcset=\"https:\/\/www.clarin.com\/img\/2025\/12\/03\/yrmYtDdTl_720x0__1.jpg\" media=\"(min-width: 975px)\" \/><img loading=\"lazy\" decoding=\"async\" src=\"https:\/\/www.clarin.com\/img\/2025\/12\/03\/yrmYtDdTl_720x0__1.jpg\" alt=\"Riquelme, el presidente de Boca, en el Florencio Sola. (Fer De la Orden)\" width=\"720\" height=\"480\" data-nimg=\"1\" \/><\/picture><span class=\"epigraphe\">Riquelme, el presidente de Boca, en el Florencio Sola. (Fer De la Orden)<\/span><\/div>\n<div id=\"element-body-6\" class=\"sc-45461e9c-0 eqiBeF container-text text-embed \">\n<p>En el primero, Boca dio vuelta el marcador con el gol de Flores, que empuj\u00f3 un centro desde la derecha de Lautaro Bianco, que hab\u00eda realizado una gran jugada personal. Pero en el segundo tiempo del suplementario, Leonel Troncoso clav\u00f3 un golazo desde afuera del \u00e1rea para el 2-2 y llevar el partido a los penales.<\/p>\n<\/div>\n<div id=\"element-body-7\" class=\"sc-45461e9c-0 eqiBeF container-text text-embed \">\n<p>En la definici\u00f3n, acert\u00f3 Mateo Mend\u00eda el primero para Boca y Cortazzo el suyo para el Lobo. Aument\u00f3, Mendieta; Troncoso elev\u00f3 el suyo por encima del travesa\u00f1o; Flores puso el 3-1; Zappulla le dio al poste y Facundo\u00a0<em>Jagger<\/em>\u00a0Herrera le dio el triunfo y el t\u00edtulo a Boca.<\/p>\n<\/div>\n<div id=\"element-body-8\" class=\"sc-106e49c0-0 dcVumd freeHtml-embed undefined\">\n<div class=\"twitter-tweet twitter-tweet-rendered\"><iframe id=\"twitter-widget-0\" class=\"\" title=\"X Post\" src=\"https:\/\/platform.twitter.com\/embed\/Tweet.html?dnt=false&amp;embedId=twitter-widget-0&amp;features=eyJ0ZndfdGltZWxpbmVfbGlzdCI6eyJidWNrZXQiOltdLCJ2ZXJzaW9uIjpudWxsfSwidGZ3X2ZvbGxvd2VyX2NvdW50X3N1bnNldCI6eyJidWNrZXQiOnRydWUsInZlcnNpb24iOm51bGx9LCJ0ZndfdHdlZXRfZWRpdF9iYWNrZW5kIjp7ImJ1Y2tldCI6Im9uIiwidmVyc2lvbiI6bnVsbH0sInRmd19yZWZzcmNfc2Vzc2lvbiI6eyJidWNrZXQiOiJvbiIsInZlcnNpb24iOm51bGx9LCJ0ZndfZm9zbnJfc29mdF9pbnRlcnZlbnRpb25zX2VuYWJsZWQiOnsiYnVja2V0Ijoib24iLCJ2ZXJzaW9uIjpudWxsfSwidGZ3X21peGVkX21lZGlhXzE1ODk3Ijp7ImJ1Y2tldCI6InRyZWF0bWVudCIsInZlcnNpb24iOm51bGx9LCJ0ZndfZXhwZXJpbWVudHNfY29va2llX2V4cGlyYXRpb24iOnsiYnVja2V0IjoxMjA5NjAwLCJ2ZXJzaW9uIjpudWxsfSwidGZ3X3Nob3dfYmlyZHdhdGNoX3Bpdm90c19lbmFibGVkIjp7ImJ1Y2tldCI6Im9uIiwidmVyc2lvbiI6bnVsbH0sInRmd19kdXBsaWNhdGVfc2NyaWJlc190b19zZXR0aW5ncyI6eyJidWNrZXQiOiJvbiIsInZlcnNpb24iOm51bGx9LCJ0ZndfdXNlX3Byb2ZpbGVfaW1hZ2Vfc2hhcGVfZW5hYmxlZCI6eyJidWNrZXQiOiJvbiIsInZlcnNpb24iOm51bGx9LCJ0ZndfdmlkZW9faGxzX2R5bmFtaWNfbWFuaWZlc3RzXzE1MDgyIjp7ImJ1Y2tldCI6InRydWVfYml0cmF0ZSIsInZlcnNpb24iOm51bGx9LCJ0ZndfbGVnYWN5X3RpbWVsaW5lX3N1bnNldCI6eyJidWNrZXQiOnRydWUsInZlcnNpb24iOm51bGx9LCJ0ZndfdHdlZXRfZWRpdF9mcm9udGVuZCI6eyJidWNrZXQiOiJvbiIsInZlcnNpb24iOm51bGx9fQ%3D%3D&amp;frame=false&amp;hideCard=false&amp;hideThread=false&amp;id=1996389202401829292&amp;lang=es&amp;origin=https%3A%2F%2Fwww.clarin.com%2Fdeportes%2Fboca-campeon-reserva-final-inolvidable-impuso-definicion-penales-gimnasia-quedo-torneo-proyeccion_0_zqJTepQPMh.html&amp;sessionId=fb466b20199d633548b85db29f97a9dff7d57be0&amp;theme=light&amp;widgetsVersion=2615f7e52b7e0%3A1702314776716&amp;width=550px\" frameborder=\"0\" scrolling=\"no\" allowfullscreen=\"allowfullscreen\" data-tweet-id=\"1996389202401829292\" data-mce-fragment=\"1\"><\/iframe><\/div>\n<\/div>\n<div id=\"element-body-9\" class=\"sc-45461e9c-0 eqiBeF container-text text-embed \">\n<p>Este 2025, Boca qued\u00f3 como el mejor club en la tabla anual de todas las divisiones juveniles de los torneos de AFA. En total, el Xeneize sum\u00f3 409 unidades totalizadas a lo largo de las 31 fechas que dur\u00f3 cada competencia: 68 en la Cuarta (termin\u00f3 segundo de Belgrano), 57 en la Quinta (sexto de Rosario Central), 68 en la Sexta (tercero de Argentinos), 78 en la S\u00e9ptima (campe\u00f3n, un punto por encima de River), 71 en la Octava (cuarto de River) y 67 en la Novena, en la que fue tercero de su archirrival. Y ahora se consagr\u00f3 campe\u00f3n del torneo de Reserva.<\/p>\n<\/div>\n<\/div>\n<\/div>\n<\/article>\n<\/section>\n<p>&nbsp;<\/p>\n<p><img decoding=\"async\" src=\"https:\/\/www.clarin.com\/img\/2025\/12\/03\/7M2HFKn6O_340x340__1.jpg\" alt=\"Mateo Mend\u00eda levanta el trofeo y Boca se consagra campe\u00f3n del torneo de Reserva. (Fernando De la Orden)\" \/><img decoding=\"async\" src=\"https:\/\/www.sportchaco.com.ar\/wp-content\/uploads\/2025\/12\/Proyeccion-2.jpg\" \/><\/p>\n<p>&nbsp;<\/p>\n<p><iframe loading=\"lazy\" title=\"EL XENEZE GAN\u00d3 POR PENALES Y GRIT\u00d3 CAMPE\u00d3N DEL TORNO PROYECCI\u00d3N | Boca 2-2 Gimnasia | RESUMEN\" width=\"500\" height=\"281\" src=\"https:\/\/www.youtube.com\/embed\/Czy13MeUxa0?feature=oembed\" frameborder=\"0\" allow=\"accelerometer; autoplay; clipboard-write; encrypted-media; gyroscope; picture-in-picture; web-share\" referrerpolicy=\"strict-origin-when-cross-origin\" allowfullscreen><\/iframe><\/p>\n","protected":false},"excerpt":{"rendered":"<p>Foto portada: Valentino Simoni, hijo del\u00a0 excjugador de Villa San Mart\u00edn de b\u00e1squetbol Patricio Simoni y nieto del abogado Simoni, jugador de golf. HIzo uno de los goles de Boca en la final del Proyeccion. &nbsp; Boca campe\u00f3n de la Reserva: en una final inolvidable, se impuso en la definici\u00f3n por penales ante Gimnasia y &hellip;<\/p>\n","protected":false},"author":2,"featured_media":29626,"comment_status":"open","ping_status":"open","sticky":false,"template":"","format":"standard","meta":{"footnotes":""},"categories":[47],"tags":[],"class_list":["post-29624","post","type-post","status-publish","format-standard","has-post-thumbnail","hentry","category-nacionales"],"_links":{"self":[{"href":"https:\/\/www.sportchaco.com.ar\/index.php?rest_route=\/wp\/v2\/posts\/29624","targetHints":{"allow":["GET"]}}],"collection":[{"href":"https:\/\/www.sportchaco.com.ar\/index.php?rest_route=\/wp\/v2\/posts"}],"about":[{"href":"https:\/\/www.sportchaco.com.ar\/index.php?rest_route=\/wp\/v2\/types\/post"}],"author":[{"embeddable":true,"href":"https:\/\/www.sportchaco.com.ar\/index.php?rest_route=\/wp\/v2\/users\/2"}],"replies":[{"embeddable":true,"href":"https:\/\/www.sportchaco.com.ar\/index.php?rest_route=%2Fwp%2Fv2%2Fcomments&post=29624"}],"version-history":[{"count":1,"href":"https:\/\/www.sportchaco.com.ar\/index.php?rest_route=\/wp\/v2\/posts\/29624\/revisions"}],"predecessor-version":[{"id":29627,"href":"https:\/\/www.sportchaco.com.ar\/index.php?rest_route=\/wp\/v2\/posts\/29624\/revisions\/29627"}],"wp:featuredmedia":[{"embeddable":true,"href":"https:\/\/www.sportchaco.com.ar\/index.php?rest_route=\/wp\/v2\/media\/29626"}],"wp:attachment":[{"href":"https:\/\/www.sportchaco.com.ar\/index.php?rest_route=%2Fwp%2Fv2%2Fmedia&parent=29624"}],"wp:term":[{"taxonomy":"category","embeddable":true,"href":"https:\/\/www.sportchaco.com.ar\/index.php?rest_route=%2Fwp%2Fv2%2Fcategories&post=29624"},{"taxonomy":"post_tag","embeddable":true,"href":"https:\/\/www.sportchaco.com.ar\/index.php?rest_route=%2Fwp%2Fv2%2Ftags&post=29624"}],"curies":[{"name":"wp","href":"https:\/\/api.w.org\/{rel}","templated":true}]}}