{"id":29645,"date":"2025-12-04T09:56:29","date_gmt":"2025-12-04T12:56:29","guid":{"rendered":"https:\/\/www.sportchaco.com.ar\/?p=29645"},"modified":"2025-12-04T18:09:47","modified_gmt":"2025-12-04T21:09:47","slug":"centenario-la-liga-chaquena-recibira-un-predio-para-sus-canchas-en-el-aeropuerto","status":"publish","type":"post","link":"https:\/\/www.sportchaco.com.ar\/?p=29645","title":{"rendered":"La Liga Chaque\u00f1a recibir\u00e1 un predio para sus canchas en el Aeropuerto"},"content":{"rendered":"<p><strong>04-12-2025<\/strong><\/p>\n<p><img loading=\"lazy\" decoding=\"async\" class=\"aligncenter size-large wp-image-19109\" src=\"https:\/\/www.sportchaco.com.ar\/wp-content\/uploads\/2025\/05\/720x90-1024x128.gif\" alt=\"\" width=\"1024\" height=\"128\" srcset=\"https:\/\/www.sportchaco.com.ar\/wp-content\/uploads\/2025\/05\/720x90-1024x128.gif 1024w, https:\/\/www.sportchaco.com.ar\/wp-content\/uploads\/2025\/05\/720x90-300x38.gif 300w, https:\/\/www.sportchaco.com.ar\/wp-content\/uploads\/2025\/05\/720x90-768x96.gif 768w, https:\/\/www.sportchaco.com.ar\/wp-content\/uploads\/2025\/05\/720x90-1536x192.gif 1536w, https:\/\/www.sportchaco.com.ar\/wp-content\/uploads\/2025\/05\/720x90-2048x257.gif 2048w\" sizes=\"auto, (max-width: 1024px) 100vw, 1024px\" \/><\/p>\n<p>En el marco del Centenario de la Liga Chaque\u00f1a de F\u00fatbol, este jueves se estar\u00e1 realizando un acto en casa de gobierno, donde la entidad recibir\u00e1 un predio en el Aeropuerto Internacional de Resistencia, detr\u00e1s de las canchas de la Liga y Asociaci\u00f3n de Vetearnos, donde construir\u00e1 las canchas para divisiones inferiores.<\/p>\n<p>Tambi\u00e9n por la noche, en el Micro Estadio de For Ever de Calle 14 y Arturo Illlia, se realizar\u00e1 la cena aniversario con la presencia del gobernador y otros funcionarios, autoridades de la AFA y el Consejo Federal, clubes afiliados e invitados especiales a partir de las 21 horas.<\/p>\n<p><img decoding=\"async\" src=\"https:\/\/scontent.fcnq2-2.fna.fbcdn.net\/v\/t39.30808-6\/593443074_122116791177022572_7371378849085982668_n.jpg?_nc_cat=104&amp;ccb=1-7&amp;_nc_sid=127cfc&amp;_nc_ohc=bCX0hyrTJlkQ7kNvwG3I3pQ&amp;_nc_oc=Adl_Oqo9tvaNYHFZHdgBVkUKBFwHkWKoAUNC9eBNm4i352kZJ5QNF8F5tkQ4Qx6dKA8&amp;_nc_zt=23&amp;_nc_ht=scontent.fcnq2-2.fna&amp;_nc_gid=PVW5b8nwILOZKRoWqbtp6Q&amp;oh=00_Afl7Dzrc6Mc4wiS8WfqZFU4kEZHJjZjw_7rflv7nU0cb1g&amp;oe=69377033\" alt=\"Puede ser una imagen de texto\" \/><\/p>\n<p>El espacio cuenta con tres canchas de f\u00fatbol con arcos, donde el Ecoequipo de la Subsecretar\u00eda de Desarrollo Territorial realiz\u00f3 trabajos de mantenimiento. A partir de ahora, los diferentes clubes de la provincia podr\u00e1n utilizar el lugar para entrenamientos, competencias y actividades deportivas y recreativas.<\/p>\n<p>Por su parte, el presidente de la Liga Chaque\u00f1a de F\u00fatbol, Ra\u00fal Mosqueda, agradeci\u00f3 al Gobierno provincial por la concreci\u00f3n de este logro hist\u00f3rico. \u201cEste terreno es el resultado de 100 a\u00f1os de trabajo y espera. Ahora nos queda seguir creciendo junto al Estado y al sector privado, para que los chicos puedan disfrutar de un hermoso predio\u201d, concluy\u00f3.<\/p>\n<p><img loading=\"lazy\" decoding=\"async\" class=\"aligncenter size-large wp-image-16732\" src=\"https:\/\/www.sportchaco.com.ar\/wp-content\/uploads\/2025\/02\/gob-viviendas-819x1024.jpg\" alt=\"\" width=\"819\" height=\"1024\" srcset=\"https:\/\/www.sportchaco.com.ar\/wp-content\/uploads\/2025\/02\/gob-viviendas-819x1024.jpg 819w, https:\/\/www.sportchaco.com.ar\/wp-content\/uploads\/2025\/02\/gob-viviendas-240x300.jpg 240w, https:\/\/www.sportchaco.com.ar\/wp-content\/uploads\/2025\/02\/gob-viviendas-768x960.jpg 768w, https:\/\/www.sportchaco.com.ar\/wp-content\/uploads\/2025\/02\/gob-viviendas-1229x1536.jpg 1229w, https:\/\/www.sportchaco.com.ar\/wp-content\/uploads\/2025\/02\/gob-viviendas.jpg 1440w\" sizes=\"auto, (max-width: 819px) 100vw, 819px\" \/><\/p>\n","protected":false},"excerpt":{"rendered":"<p>04-12-2025 En el marco del Centenario de la Liga Chaque\u00f1a de F\u00fatbol, este jueves se estar\u00e1 realizando un acto en casa de gobierno, donde la entidad recibir\u00e1 un predio en el Aeropuerto Internacional de Resistencia, detr\u00e1s de las canchas de la Liga y Asociaci\u00f3n de Vetearnos, donde construir\u00e1 las canchas para divisiones inferiores. Tambi\u00e9n por &hellip;<\/p>\n","protected":false},"author":2,"featured_media":29646,"comment_status":"open","ping_status":"open","sticky":false,"template":"","format":"standard","meta":{"footnotes":""},"categories":[5],"tags":[],"class_list":["post-29645","post","type-post","status-publish","format-standard","has-post-thumbnail","hentry","category-futbol"],"_links":{"self":[{"href":"https:\/\/www.sportchaco.com.ar\/index.php?rest_route=\/wp\/v2\/posts\/29645","targetHints":{"allow":["GET"]}}],"collection":[{"href":"https:\/\/www.sportchaco.com.ar\/index.php?rest_route=\/wp\/v2\/posts"}],"about":[{"href":"https:\/\/www.sportchaco.com.ar\/index.php?rest_route=\/wp\/v2\/types\/post"}],"author":[{"embeddable":true,"href":"https:\/\/www.sportchaco.com.ar\/index.php?rest_route=\/wp\/v2\/users\/2"}],"replies":[{"embeddable":true,"href":"https:\/\/www.sportchaco.com.ar\/index.php?rest_route=%2Fwp%2Fv2%2Fcomments&post=29645"}],"version-history":[{"count":4,"href":"https:\/\/www.sportchaco.com.ar\/index.php?rest_route=\/wp\/v2\/posts\/29645\/revisions"}],"predecessor-version":[{"id":29694,"href":"https:\/\/www.sportchaco.com.ar\/index.php?rest_route=\/wp\/v2\/posts\/29645\/revisions\/29694"}],"wp:featuredmedia":[{"embeddable":true,"href":"https:\/\/www.sportchaco.com.ar\/index.php?rest_route=\/wp\/v2\/media\/29646"}],"wp:attachment":[{"href":"https:\/\/www.sportchaco.com.ar\/index.php?rest_route=%2Fwp%2Fv2%2Fmedia&parent=29645"}],"wp:term":[{"taxonomy":"category","embeddable":true,"href":"https:\/\/www.sportchaco.com.ar\/index.php?rest_route=%2Fwp%2Fv2%2Fcategories&post=29645"},{"taxonomy":"post_tag","embeddable":true,"href":"https:\/\/www.sportchaco.com.ar\/index.php?rest_route=%2Fwp%2Fv2%2Ftags&post=29645"}],"curies":[{"name":"wp","href":"https:\/\/api.w.org\/{rel}","templated":true}]}}