{"id":29648,"date":"2025-12-04T23:51:40","date_gmt":"2025-12-05T02:51:40","guid":{"rendered":"https:\/\/www.sportchaco.com.ar\/?p=29648"},"modified":"2025-12-05T01:11:15","modified_gmt":"2025-12-05T04:11:15","slug":"la-liga-chaquena-de-futbol-a-un-siglo-de-historia-100-anos-forjando-la-pasion-del-gran-resistencia","status":"publish","type":"post","link":"https:\/\/www.sportchaco.com.ar\/?p=29648","title":{"rendered":"La Liga Chaque\u00f1a de F\u00fatbol, a un siglo de historia: 100 a\u00f1os forjando la pasi\u00f3n del Gran Resistencia"},"content":{"rendered":"<h5><\/h5>\n<h5>Este <strong>viernes 5 de <img loading=\"lazy\" decoding=\"async\" class=\"alignnone size-medium wp-image-29720\" src=\"https:\/\/www.sportchaco.com.ar\/wp-content\/uploads\/2025\/12\/IMG_20251205_000952767_HDR-300x225.jpg\" alt=\"\" width=\"300\" height=\"225\" srcset=\"https:\/\/www.sportchaco.com.ar\/wp-content\/uploads\/2025\/12\/IMG_20251205_000952767_HDR-300x225.jpg 300w, https:\/\/www.sportchaco.com.ar\/wp-content\/uploads\/2025\/12\/IMG_20251205_000952767_HDR-1024x768.jpg 1024w, https:\/\/www.sportchaco.com.ar\/wp-content\/uploads\/2025\/12\/IMG_20251205_000952767_HDR-768x576.jpg 768w, https:\/\/www.sportchaco.com.ar\/wp-content\/uploads\/2025\/12\/IMG_20251205_000952767_HDR-1536x1152.jpg 1536w, https:\/\/www.sportchaco.com.ar\/wp-content\/uploads\/2025\/12\/IMG_20251205_000952767_HDR-2048x1536.jpg 2048w\" sizes=\"auto, (max-width: 300px) 100vw, 300px\" \/> <img loading=\"lazy\" decoding=\"async\" class=\"alignnone size-medium wp-image-29721\" src=\"https:\/\/www.sportchaco.com.ar\/wp-content\/uploads\/2025\/12\/IMG_20251205_000835147_HDR-300x224.jpg\" alt=\"\" width=\"300\" height=\"224\" srcset=\"https:\/\/www.sportchaco.com.ar\/wp-content\/uploads\/2025\/12\/IMG_20251205_000835147_HDR-300x224.jpg 300w, https:\/\/www.sportchaco.com.ar\/wp-content\/uploads\/2025\/12\/IMG_20251205_000835147_HDR-1024x766.jpg 1024w, https:\/\/www.sportchaco.com.ar\/wp-content\/uploads\/2025\/12\/IMG_20251205_000835147_HDR-768x575.jpg 768w, https:\/\/www.sportchaco.com.ar\/wp-content\/uploads\/2025\/12\/IMG_20251205_000835147_HDR-1536x1149.jpg 1536w, https:\/\/www.sportchaco.com.ar\/wp-content\/uploads\/2025\/12\/IMG_20251205_000835147_HDR-2048x1532.jpg 2048w\" sizes=\"auto, (max-width: 300px) 100vw, 300px\" \/><\/strong><\/h5>\n<h5 style=\"padding-left: 40px;\"><strong>diciembre de 2025<\/strong> no ser\u00e1 una fecha m\u00e1s para el deporte chaque\u00f1o. Se cumplen <strong>100 a\u00f1os de la fundaci\u00f3n de la hist\u00f3rica Liga Chaque\u00f1a de F\u00fatbol<\/strong>, aut\u00e9ntica instituci\u00f3n madre del f\u00fatbol del Gran Resistencia y una de las m\u00e1s prestigiosas del interior del pa\u00eds.<\/h5>\n<ol>\n<li><\/li>\n<\/ol>\n<p>&nbsp;<\/p>\n<p><img loading=\"lazy\" decoding=\"async\" class=\"alignnone size-medium wp-image-29651\" src=\"https:\/\/www.sportchaco.com.ar\/wp-content\/uploads\/2025\/12\/Remo-pIEROTTI-230x300.jpg\" alt=\"\" width=\"230\" height=\"300\" srcset=\"https:\/\/www.sportchaco.com.ar\/wp-content\/uploads\/2025\/12\/Remo-pIEROTTI-230x300.jpg 230w, https:\/\/www.sportchaco.com.ar\/wp-content\/uploads\/2025\/12\/Remo-pIEROTTI-786x1024.jpg 786w, https:\/\/www.sportchaco.com.ar\/wp-content\/uploads\/2025\/12\/Remo-pIEROTTI-768x1001.jpg 768w, https:\/\/www.sportchaco.com.ar\/wp-content\/uploads\/2025\/12\/Remo-pIEROTTI-1179x1536.jpg 1179w, https:\/\/www.sportchaco.com.ar\/wp-content\/uploads\/2025\/12\/Remo-pIEROTTI-1572x2048.jpg 1572w, https:\/\/www.sportchaco.com.ar\/wp-content\/uploads\/2025\/12\/Remo-pIEROTTI-scaled.jpg 1965w\" sizes=\"auto, (max-width: 230px) 100vw, 230px\" \/>\u00a0 <img loading=\"lazy\" decoding=\"async\" class=\"alignnone size-medium wp-image-29660\" src=\"https:\/\/www.sportchaco.com.ar\/wp-content\/uploads\/2025\/12\/DSCN9459-225x300.jpg\" alt=\"\" width=\"225\" height=\"300\" srcset=\"https:\/\/www.sportchaco.com.ar\/wp-content\/uploads\/2025\/12\/DSCN9459-225x300.jpg 225w, https:\/\/www.sportchaco.com.ar\/wp-content\/uploads\/2025\/12\/DSCN9459-768x1024.jpg 768w, https:\/\/www.sportchaco.com.ar\/wp-content\/uploads\/2025\/12\/DSCN9459-1152x1536.jpg 1152w, https:\/\/www.sportchaco.com.ar\/wp-content\/uploads\/2025\/12\/DSCN9459-1536x2048.jpg 1536w, https:\/\/www.sportchaco.com.ar\/wp-content\/uploads\/2025\/12\/DSCN9459-scaled.jpg 1920w\" sizes=\"auto, (max-width: 225px) 100vw, 225px\" \/><\/p>\n<p><strong>Remo Pierotti<\/strong><\/p>\n<p>&nbsp;<\/p>\n<p><img loading=\"lazy\" decoding=\"async\" class=\"alignnone size-medium wp-image-29653\" src=\"https:\/\/www.sportchaco.com.ar\/wp-content\/uploads\/2025\/12\/Americo-Mazaferro-225x300.jpg\" alt=\"\" width=\"225\" height=\"300\" srcset=\"https:\/\/www.sportchaco.com.ar\/wp-content\/uploads\/2025\/12\/Americo-Mazaferro-225x300.jpg 225w, https:\/\/www.sportchaco.com.ar\/wp-content\/uploads\/2025\/12\/Americo-Mazaferro-768x1024.jpg 768w, https:\/\/www.sportchaco.com.ar\/wp-content\/uploads\/2025\/12\/Americo-Mazaferro-1152x1536.jpg 1152w, https:\/\/www.sportchaco.com.ar\/wp-content\/uploads\/2025\/12\/Americo-Mazaferro-1536x2048.jpg 1536w, https:\/\/www.sportchaco.com.ar\/wp-content\/uploads\/2025\/12\/Americo-Mazaferro-scaled.jpg 1920w\" sizes=\"auto, (max-width: 225px) 100vw, 225px\" \/><\/p>\n<p><strong>Am\u00e9rico Mazzaferro<\/strong><\/p>\n<p>&nbsp;<\/p>\n<p>&nbsp;<\/p>\n<p><img loading=\"lazy\" decoding=\"async\" class=\"alignnone size-medium wp-image-29664\" src=\"https:\/\/www.sportchaco.com.ar\/wp-content\/uploads\/2025\/12\/Enrique-Sohulile-225x300.jpg\" alt=\"\" width=\"225\" height=\"300\" srcset=\"https:\/\/www.sportchaco.com.ar\/wp-content\/uploads\/2025\/12\/Enrique-Sohulile-225x300.jpg 225w, https:\/\/www.sportchaco.com.ar\/wp-content\/uploads\/2025\/12\/Enrique-Sohulile-768x1024.jpg 768w, https:\/\/www.sportchaco.com.ar\/wp-content\/uploads\/2025\/12\/Enrique-Sohulile-1152x1536.jpg 1152w, https:\/\/www.sportchaco.com.ar\/wp-content\/uploads\/2025\/12\/Enrique-Sohulile-1536x2048.jpg 1536w, https:\/\/www.sportchaco.com.ar\/wp-content\/uploads\/2025\/12\/Enrique-Sohulile-scaled.jpg 1920w\" sizes=\"auto, (max-width: 225px) 100vw, 225px\" \/><\/p>\n<p><strong>Enrique Souhil\u00e9<\/strong><\/p>\n<p><img loading=\"lazy\" decoding=\"async\" class=\"alignnone size-medium wp-image-29657\" src=\"https:\/\/www.sportchaco.com.ar\/wp-content\/uploads\/2025\/12\/Carlos-Bernardi-225x300.jpg\" alt=\"\" width=\"225\" height=\"300\" srcset=\"https:\/\/www.sportchaco.com.ar\/wp-content\/uploads\/2025\/12\/Carlos-Bernardi-225x300.jpg 225w, https:\/\/www.sportchaco.com.ar\/wp-content\/uploads\/2025\/12\/Carlos-Bernardi-768x1024.jpg 768w, https:\/\/www.sportchaco.com.ar\/wp-content\/uploads\/2025\/12\/Carlos-Bernardi-1152x1536.jpg 1152w, https:\/\/www.sportchaco.com.ar\/wp-content\/uploads\/2025\/12\/Carlos-Bernardi-1536x2048.jpg 1536w, https:\/\/www.sportchaco.com.ar\/wp-content\/uploads\/2025\/12\/Carlos-Bernardi-scaled.jpg 1920w\" sizes=\"auto, (max-width: 225px) 100vw, 225px\" \/><\/p>\n<p><strong>Carlos Bernardi<\/strong><\/p>\n<p><img loading=\"lazy\" decoding=\"async\" class=\"alignnone size-medium wp-image-29666\" src=\"https:\/\/www.sportchaco.com.ar\/wp-content\/uploads\/2025\/12\/Hector-Basilio-Silva-208x300.jpg\" alt=\"\" width=\"208\" height=\"300\" srcset=\"https:\/\/www.sportchaco.com.ar\/wp-content\/uploads\/2025\/12\/Hector-Basilio-Silva-208x300.jpg 208w, https:\/\/www.sportchaco.com.ar\/wp-content\/uploads\/2025\/12\/Hector-Basilio-Silva-711x1024.jpg 711w, https:\/\/www.sportchaco.com.ar\/wp-content\/uploads\/2025\/12\/Hector-Basilio-Silva-768x1106.jpg 768w, https:\/\/www.sportchaco.com.ar\/wp-content\/uploads\/2025\/12\/Hector-Basilio-Silva-1066x1536.jpg 1066w, https:\/\/www.sportchaco.com.ar\/wp-content\/uploads\/2025\/12\/Hector-Basilio-Silva-1422x2048.jpg 1422w, https:\/\/www.sportchaco.com.ar\/wp-content\/uploads\/2025\/12\/Hector-Basilio-Silva-scaled.jpg 1777w\" sizes=\"auto, (max-width: 208px) 100vw, 208px\" \/><\/p>\n<p><strong>H\u00e9ctor Silva<\/strong><\/p>\n<p><img loading=\"lazy\" decoding=\"async\" class=\"alignnone size-medium wp-image-29659\" src=\"https:\/\/www.sportchaco.com.ar\/wp-content\/uploads\/2025\/12\/Cesar-Acuna-1-242x300.jpg\" alt=\"\" width=\"242\" height=\"300\" srcset=\"https:\/\/www.sportchaco.com.ar\/wp-content\/uploads\/2025\/12\/Cesar-Acuna-1-242x300.jpg 242w, https:\/\/www.sportchaco.com.ar\/wp-content\/uploads\/2025\/12\/Cesar-Acuna-1-825x1024.jpg 825w, https:\/\/www.sportchaco.com.ar\/wp-content\/uploads\/2025\/12\/Cesar-Acuna-1-768x954.jpg 768w, https:\/\/www.sportchaco.com.ar\/wp-content\/uploads\/2025\/12\/Cesar-Acuna-1-1237x1536.jpg 1237w, https:\/\/www.sportchaco.com.ar\/wp-content\/uploads\/2025\/12\/Cesar-Acuna-1-1649x2048.jpg 1649w\" sizes=\"auto, (max-width: 242px) 100vw, 242px\" \/><\/p>\n<p><strong>C\u00e9sar Acu\u00f1a<\/strong><\/p>\n<p>&nbsp;<\/p>\n<p><img loading=\"lazy\" decoding=\"async\" class=\"alignnone size-medium wp-image-29667\" src=\"https:\/\/www.sportchaco.com.ar\/wp-content\/uploads\/2025\/12\/Hector-David-Toledo-225x300.jpg\" alt=\"\" width=\"225\" height=\"300\" srcset=\"https:\/\/www.sportchaco.com.ar\/wp-content\/uploads\/2025\/12\/Hector-David-Toledo-225x300.jpg 225w, https:\/\/www.sportchaco.com.ar\/wp-content\/uploads\/2025\/12\/Hector-David-Toledo-768x1024.jpg 768w, https:\/\/www.sportchaco.com.ar\/wp-content\/uploads\/2025\/12\/Hector-David-Toledo-1152x1536.jpg 1152w, https:\/\/www.sportchaco.com.ar\/wp-content\/uploads\/2025\/12\/Hector-David-Toledo-1536x2048.jpg 1536w, https:\/\/www.sportchaco.com.ar\/wp-content\/uploads\/2025\/12\/Hector-David-Toledo-scaled.jpg 1920w\" sizes=\"auto, (max-width: 225px) 100vw, 225px\" \/><\/p>\n<p><em><strong>Hector David Toledo<\/strong><\/em><\/p>\n<p>&nbsp;<\/p>\n<p><img loading=\"lazy\" decoding=\"async\" class=\"alignnone size-medium wp-image-29668\" src=\"https:\/\/www.sportchaco.com.ar\/wp-content\/uploads\/2025\/12\/Julio-F.-Romero-207x300.jpg\" alt=\"\" width=\"207\" height=\"300\" srcset=\"https:\/\/www.sportchaco.com.ar\/wp-content\/uploads\/2025\/12\/Julio-F.-Romero-207x300.jpg 207w, https:\/\/www.sportchaco.com.ar\/wp-content\/uploads\/2025\/12\/Julio-F.-Romero-706x1024.jpg 706w, https:\/\/www.sportchaco.com.ar\/wp-content\/uploads\/2025\/12\/Julio-F.-Romero-768x1114.jpg 768w, https:\/\/www.sportchaco.com.ar\/wp-content\/uploads\/2025\/12\/Julio-F.-Romero-1059x1536.jpg 1059w, https:\/\/www.sportchaco.com.ar\/wp-content\/uploads\/2025\/12\/Julio-F.-Romero-1412x2048.jpg 1412w, https:\/\/www.sportchaco.com.ar\/wp-content\/uploads\/2025\/12\/Julio-F.-Romero-scaled.jpg 1765w\" sizes=\"auto, (max-width: 207px) 100vw, 207px\" \/><\/p>\n<p><em><strong>Julio Romero<\/strong><\/em><\/p>\n<p>&nbsp;<\/p>\n<p><img loading=\"lazy\" decoding=\"async\" class=\"alignnone size-medium wp-image-29669\" src=\"https:\/\/www.sportchaco.com.ar\/wp-content\/uploads\/2025\/12\/Luis-de-las-Casas-225x300.jpg\" alt=\"\" width=\"225\" height=\"300\" srcset=\"https:\/\/www.sportchaco.com.ar\/wp-content\/uploads\/2025\/12\/Luis-de-las-Casas-225x300.jpg 225w, https:\/\/www.sportchaco.com.ar\/wp-content\/uploads\/2025\/12\/Luis-de-las-Casas-768x1024.jpg 768w, https:\/\/www.sportchaco.com.ar\/wp-content\/uploads\/2025\/12\/Luis-de-las-Casas-1152x1536.jpg 1152w, https:\/\/www.sportchaco.com.ar\/wp-content\/uploads\/2025\/12\/Luis-de-las-Casas-1536x2048.jpg 1536w, https:\/\/www.sportchaco.com.ar\/wp-content\/uploads\/2025\/12\/Luis-de-las-Casas-scaled.jpg 1920w\" sizes=\"auto, (max-width: 225px) 100vw, 225px\" \/><\/p>\n<p><em><strong>Luis de la Casas<\/strong><\/em><\/p>\n<p>&nbsp;<\/p>\n<p><img loading=\"lazy\" decoding=\"async\" class=\"alignnone wp-image-29670\" src=\"https:\/\/www.sportchaco.com.ar\/wp-content\/uploads\/2025\/12\/Mario-Gustavo-Chapo-Bortagaray-225x300.jpg\" alt=\"\" width=\"281\" height=\"375\" srcset=\"https:\/\/www.sportchaco.com.ar\/wp-content\/uploads\/2025\/12\/Mario-Gustavo-Chapo-Bortagaray-225x300.jpg 225w, https:\/\/www.sportchaco.com.ar\/wp-content\/uploads\/2025\/12\/Mario-Gustavo-Chapo-Bortagaray-768x1024.jpg 768w, https:\/\/www.sportchaco.com.ar\/wp-content\/uploads\/2025\/12\/Mario-Gustavo-Chapo-Bortagaray-1152x1536.jpg 1152w, https:\/\/www.sportchaco.com.ar\/wp-content\/uploads\/2025\/12\/Mario-Gustavo-Chapo-Bortagaray-1536x2048.jpg 1536w, https:\/\/www.sportchaco.com.ar\/wp-content\/uploads\/2025\/12\/Mario-Gustavo-Chapo-Bortagaray-scaled.jpg 1920w\" sizes=\"auto, (max-width: 281px) 100vw, 281px\" \/><\/p>\n<p><em><strong>Chapo Bortagaray<\/strong><\/em><\/p>\n<p>&nbsp;<\/p>\n<p>&nbsp;<\/p>\n<p>Si bien durante muchos a\u00f1os se tom\u00f3 como fecha fundacional el <strong>5 de diciembre de 1925<\/strong>, datos hist\u00f3ricos m\u00e1s precisos establecen que la creaci\u00f3n de la que por entonces se llamaba <strong>Liga de Foot Ball<\/strong> se produjo el <strong>5 de diciembre de 1924<\/strong>, motivo por el cual este 2025 marca de manera fehaciente su <strong>Centenario<\/strong>.<\/p>\n<p>Un reconocimiento que ya hab\u00eda tenido eco institucional a\u00f1os atr\u00e1s: en ocasi\u00f3n del <strong>97\u00b0 aniversario<\/strong>, el entonces diputado nacional V\u00edctor Zimmermann present\u00f3 en el Congreso de la Naci\u00f3n un proyecto declarando de inter\u00e9s la conmemoraci\u00f3n, un esp\u00edritu de homenaje que hoy se renueva con mayor fuerza al cumplirse los cien a\u00f1os de vida.<\/p>\n<p><strong>Una instituci\u00f3n madre del f\u00fatbol chaque\u00f1o<\/strong><\/p>\n<p>La Liga Chaque\u00f1a de F\u00fatbol es una de las ligas regionales m\u00e1s importantes de la Argentina. Con sede en Resistencia, nuclea a los clubes del Gran Resistencia, integra la Federaci\u00f3n Chaque\u00f1a de F\u00fatbol y cuenta con representaci\u00f3n directa ante la Asociaci\u00f3n del F\u00fatbol Argentino.<\/p>\n<p>Desde 2004, adem\u00e1s, la Federaci\u00f3n organiza el <strong>Torneo Federativo<\/strong>, competencia que re\u00fane a los mejores equipos de toda la provincia y que tiene a la Liga Chaque\u00f1a como uno de sus pilares fundamentales.<\/p>\n<p><img loading=\"lazy\" decoding=\"async\" class=\"alignnone size-medium wp-image-29680\" src=\"https:\/\/www.sportchaco.com.ar\/wp-content\/uploads\/2025\/12\/Liga-Chaquena-Angel-Gigli-Cesar-Acula-Luis-Mazzaferro-300x194.jpg\" alt=\"\" width=\"300\" height=\"194\" srcset=\"https:\/\/www.sportchaco.com.ar\/wp-content\/uploads\/2025\/12\/Liga-Chaquena-Angel-Gigli-Cesar-Acula-Luis-Mazzaferro-300x194.jpg 300w, https:\/\/www.sportchaco.com.ar\/wp-content\/uploads\/2025\/12\/Liga-Chaquena-Angel-Gigli-Cesar-Acula-Luis-Mazzaferro-1024x661.jpg 1024w, https:\/\/www.sportchaco.com.ar\/wp-content\/uploads\/2025\/12\/Liga-Chaquena-Angel-Gigli-Cesar-Acula-Luis-Mazzaferro-768x496.jpg 768w, https:\/\/www.sportchaco.com.ar\/wp-content\/uploads\/2025\/12\/Liga-Chaquena-Angel-Gigli-Cesar-Acula-Luis-Mazzaferro-1536x992.jpg 1536w, https:\/\/www.sportchaco.com.ar\/wp-content\/uploads\/2025\/12\/Liga-Chaquena-Angel-Gigli-Cesar-Acula-Luis-Mazzaferro.jpg 1879w\" sizes=\"auto, (max-width: 300px) 100vw, 300px\" \/><\/p>\n<p><em><strong>Angel Gigli, Molodezky, C\u00e9sar Acu\u00f1a y Am\u00e9rico Mazzaferro<\/strong><\/em><\/p>\n<h5><strong>Entre tragedias, cenizas y resurgimientos<\/strong><\/h5>\n<p>La historia de la Liga no estuvo exenta de momentos dolorosos. Uno de los episodios m\u00e1s tristes fue el <strong>incendio que destruy\u00f3 su primera sede<\/strong>, llev\u00e1ndose consigo archivos, documentos y registros fundamentales. Aquellas llamas explican por qu\u00e9 hoy existen <strong>vac\u00edos hist\u00f3ricos<\/strong> en los per\u00edodos entre <strong>1925-1929<\/strong> y <strong>1937-1945<\/strong>, de los cuales no quedaron datos oficiales sobre autoridades ni gestiones.<\/p>\n<p>Sin embargo, fiel a su esp\u00edritu, la Liga supo <strong>ponerse de pie una y otra vez<\/strong>, consolid\u00e1ndose como eje organizador del f\u00fatbol regional y acompa\u00f1ando el crecimiento institucional de sus clubes afiliados.<\/p>\n<p><img loading=\"lazy\" decoding=\"async\" class=\"alignnone size-medium wp-image-29679\" src=\"https:\/\/www.sportchaco.com.ar\/wp-content\/uploads\/2025\/12\/Liga-Ch-con-Gigli-Archenti-Mazzaferro-Mosqueda-y-Solis-300x172.jpg\" alt=\"\" width=\"300\" height=\"172\" srcset=\"https:\/\/www.sportchaco.com.ar\/wp-content\/uploads\/2025\/12\/Liga-Ch-con-Gigli-Archenti-Mazzaferro-Mosqueda-y-Solis-300x172.jpg 300w, https:\/\/www.sportchaco.com.ar\/wp-content\/uploads\/2025\/12\/Liga-Ch-con-Gigli-Archenti-Mazzaferro-Mosqueda-y-Solis.jpg 551w\" sizes=\"auto, (max-width: 300px) 100vw, 300px\" \/><\/p>\n<p><em><strong>Angel Gigli, Jorge Archenti, Am\u00e9rico Mazzafe3rro, Ra\u00fal Mosqueda y Migeu Amgel Sol\u00eds<\/strong><\/em><\/p>\n<p><strong>Protagonistas en la escena nacional<\/strong><\/p>\n<p>Varias instituciones surgidas del seno de la Liga dejaron huella en los torneos nacionales. El m\u00e1ximo orgullo hist\u00f3rico lo protagoniz\u00f3 Chaco For Ever, que logr\u00f3 el ascenso al <strong>ex Nacional \u201cB\u201d en la temporada 1988\/89<\/strong> y disput\u00f3 la <strong>Primera Divisi\u00f3n del f\u00fatbol argentino<\/strong>, hecho in\u00e9dito para la regi\u00f3n.<\/p>\n<p>Tambi\u00e9n se destacaron en distintas \u00e9pocas clubes como Don Orione y Sarmiento, adem\u00e1s de Resistencia Central, Villa Alvear y Fontana, que participaron en los viejos Torneos Argentinos \u201cA\u201d y \u201cB\u201d, hoy denominados <strong>Federal \u201cA\u201d<\/strong> y <strong>Regional Amateur<\/strong>.<\/p>\n<p><strong>Un logro inolvidable: la Copa Beccar Varela<\/strong><\/p>\n<p>Uno de los m\u00e1ximos hitos deportivos de la Liga fue la <strong>conquista de la Copa Beccar Varela en 1968<\/strong>, cuando la selecci\u00f3n liguista se impuso en un cuadrangular hist\u00f3rico frente a sus pares de <strong>Tucum\u00e1n, Santa Fe y Mendoza<\/strong>, consagrando al f\u00fatbol chaque\u00f1o en el escenario nacional.<\/p>\n<p>&nbsp;<\/p>\n<p><strong>Los clubes que forjaron una historia centenaria<\/strong><\/p>\n<p>A lo largo de su siglo de vida, decenas de instituciones dieron forma a la Liga. Entre las m\u00e1s tradicionales y vigentes se destacan:<\/p>\n<ul>\n<li>Sarmiento de Resistencia (1910)<\/li>\n<li>Chaco For Ever (1913)<\/li>\n<li>Resistencia Central (1918)<\/li>\n<li>Central Norte Argentino (1926)<\/li>\n<li>Independiente Tirol (1928)<\/li>\n<li>Estudiantes de Resistencia (1932)<\/li>\n<li>San Mart\u00edn de Margarita Bel\u00e9n (1932)<\/li>\n<li>Regional de Resistencia (1933)<\/li>\n<li>Fontana (1940)<\/li>\n<li>Villa Alvear (1941)<\/li>\n<li>San Fernando (1943)<\/li>\n<\/ul>\n<p>A ellos se suman clubes hist\u00f3ricos y m\u00e1s recientes como V\u00e9lez S\u00e1rsfield de Resistencia, Deportivo Barranqueras, Uni\u00f3n de Villa Perrando, Defensores de Vilelas, Bancarios, Argentino del Norte, Deportivo Policial, CUNE, YPF General Mosconi, Deportivo Itat\u00ed, Insssep, Chaco Por Siempre, Centauro FC, Deportivo Luj\u00e1n, G\u00fciraldes, entre muchos otros que siguen ampliando el mapa futbolero del \u00e1rea metropolitana.<\/p>\n<p><img loading=\"lazy\" decoding=\"async\" class=\"alignnone size-medium wp-image-29675 aligncenter\" src=\"https:\/\/www.sportchaco.com.ar\/wp-content\/uploads\/2025\/12\/DSCN9480-300x225.jpg\" alt=\"\" width=\"300\" height=\"225\" srcset=\"https:\/\/www.sportchaco.com.ar\/wp-content\/uploads\/2025\/12\/DSCN9480-300x225.jpg 300w, https:\/\/www.sportchaco.com.ar\/wp-content\/uploads\/2025\/12\/DSCN9480-1024x768.jpg 1024w, https:\/\/www.sportchaco.com.ar\/wp-content\/uploads\/2025\/12\/DSCN9480-768x576.jpg 768w, https:\/\/www.sportchaco.com.ar\/wp-content\/uploads\/2025\/12\/DSCN9480-1536x1152.jpg 1536w, https:\/\/www.sportchaco.com.ar\/wp-content\/uploads\/2025\/12\/DSCN9480-2048x1536.jpg 2048w\" sizes=\"auto, (max-width: 300px) 100vw, 300px\" \/><\/p>\n<p><strong>Los presidentes que dejaron huella<\/strong><\/p>\n<p>A lo largo de su historia, la Liga fue conducida por dirigentes que dejaron su impronta.\u00a0Cada uno, desde su tiempo y contexto, aport\u00f3 a la continuidad institucional de una Liga que nunca dej\u00f3 de rodar la pelota.<\/p>\n<p><img loading=\"lazy\" decoding=\"async\" class=\"alignnone size-medium wp-image-29674\" src=\"https:\/\/www.sportchaco.com.ar\/wp-content\/uploads\/2025\/12\/DSCN9508-300x225.jpg\" alt=\"\" width=\"300\" height=\"225\" srcset=\"https:\/\/www.sportchaco.com.ar\/wp-content\/uploads\/2025\/12\/DSCN9508-300x225.jpg 300w, https:\/\/www.sportchaco.com.ar\/wp-content\/uploads\/2025\/12\/DSCN9508-1024x768.jpg 1024w, https:\/\/www.sportchaco.com.ar\/wp-content\/uploads\/2025\/12\/DSCN9508-768x576.jpg 768w, https:\/\/www.sportchaco.com.ar\/wp-content\/uploads\/2025\/12\/DSCN9508-1536x1152.jpg 1536w, https:\/\/www.sportchaco.com.ar\/wp-content\/uploads\/2025\/12\/DSCN9508-2048x1536.jpg 2048w\" sizes=\"auto, (max-width: 300px) 100vw, 300px\" \/><\/p>\n<p><strong>El crecimiento del f\u00fatbol femenino<\/strong><\/p>\n<p>Desde <strong>2002<\/strong>, la Liga Chaque\u00f1a incorpor\u00f3 oficialmente los <strong>torneos de Primera Divisi\u00f3n Femenina<\/strong>, marcando un punto de inflexi\u00f3n en la historia deportiva local. Tras una primera etapa hasta 2007, una pausa entre 2008 y 2014, los cert\u00e1menes se disputan <strong>ininterrumpidamente desde 2015<\/strong>, con la \u00fanica excepci\u00f3n del a\u00f1o 2020 por la pandemia de Covid-19.<\/p>\n<p>Hoy, el f\u00fatbol femenino es uno de los motores de crecimiento de la Liga.<\/p>\n<p>&nbsp;<\/p>\n<p><img loading=\"lazy\" decoding=\"async\" class=\"alignnone size-medium wp-image-29671\" src=\"https:\/\/www.sportchaco.com.ar\/wp-content\/uploads\/2025\/12\/Miguel-Angel-Solis-300x278.jpg\" alt=\"\" width=\"300\" height=\"278\" srcset=\"https:\/\/www.sportchaco.com.ar\/wp-content\/uploads\/2025\/12\/Miguel-Angel-Solis-300x278.jpg 300w, https:\/\/www.sportchaco.com.ar\/wp-content\/uploads\/2025\/12\/Miguel-Angel-Solis-1024x950.jpg 1024w, https:\/\/www.sportchaco.com.ar\/wp-content\/uploads\/2025\/12\/Miguel-Angel-Solis-768x713.jpg 768w, https:\/\/www.sportchaco.com.ar\/wp-content\/uploads\/2025\/12\/Miguel-Angel-Solis-1536x1425.jpg 1536w, https:\/\/www.sportchaco.com.ar\/wp-content\/uploads\/2025\/12\/Miguel-Angel-Solis.jpg 1828w\" sizes=\"auto, (max-width: 300px) 100vw, 300px\" \/><\/p>\n<p><em><strong>Miguel Angel Sol\u00eds<\/strong><\/em><\/p>\n<p>&nbsp;<\/p>\n<p><img loading=\"lazy\" decoding=\"async\" class=\"alignnone size-medium wp-image-29672\" src=\"https:\/\/www.sportchaco.com.ar\/wp-content\/uploads\/2025\/12\/Miguel-Roffe-225x300.jpg\" alt=\"\" width=\"225\" height=\"300\" srcset=\"https:\/\/www.sportchaco.com.ar\/wp-content\/uploads\/2025\/12\/Miguel-Roffe-225x300.jpg 225w, https:\/\/www.sportchaco.com.ar\/wp-content\/uploads\/2025\/12\/Miguel-Roffe-768x1024.jpg 768w, https:\/\/www.sportchaco.com.ar\/wp-content\/uploads\/2025\/12\/Miguel-Roffe-1152x1536.jpg 1152w, https:\/\/www.sportchaco.com.ar\/wp-content\/uploads\/2025\/12\/Miguel-Roffe-1536x2048.jpg 1536w, https:\/\/www.sportchaco.com.ar\/wp-content\/uploads\/2025\/12\/Miguel-Roffe-scaled.jpg 1920w\" sizes=\"auto, (max-width: 225px) 100vw, 225px\" \/><\/p>\n<p><em><strong>Rub\u00e9n Roff\u00e9<\/strong><\/em><\/p>\n<p>&nbsp;<\/p>\n<p><img loading=\"lazy\" decoding=\"async\" class=\"alignnone size-medium wp-image-29656\" src=\"https:\/\/www.sportchaco.com.ar\/wp-content\/uploads\/2025\/12\/Angel-Gigli-225x300.jpg\" alt=\"\" width=\"225\" height=\"300\" srcset=\"https:\/\/www.sportchaco.com.ar\/wp-content\/uploads\/2025\/12\/Angel-Gigli-225x300.jpg 225w, https:\/\/www.sportchaco.com.ar\/wp-content\/uploads\/2025\/12\/Angel-Gigli-768x1024.jpg 768w, https:\/\/www.sportchaco.com.ar\/wp-content\/uploads\/2025\/12\/Angel-Gigli-1152x1536.jpg 1152w, https:\/\/www.sportchaco.com.ar\/wp-content\/uploads\/2025\/12\/Angel-Gigli-1536x2048.jpg 1536w, https:\/\/www.sportchaco.com.ar\/wp-content\/uploads\/2025\/12\/Angel-Gigli-scaled.jpg 1920w\" sizes=\"auto, (max-width: 225px) 100vw, 225px\" \/><\/p>\n<p><em><strong>Angel Gigli<\/strong><\/em><\/p>\n<p><strong>Cien a\u00f1os despu\u00e9s, la pelota sigue rodando<\/strong><\/p>\n<p>A un siglo exacto de su nacimiento, la Liga Chaque\u00f1a de F\u00fatbol sigue siendo lo que siempre fue: <strong>cuna de talentos, sost\u00e9n de barrios, escenario de ilusiones y formadora de generaciones enteras de futbolistas, dirigentes, \u00e1rbitros y periodistas<\/strong>.<\/p>\n<p>Desde sus primeras canchas de tierra hasta los estadios modernos de hoy, desde los viejos torneos amateurs hasta las competencias federales, la Liga se mantiene como <strong>una de las m\u00e1s relevantes del interior del pa\u00eds<\/strong>.<\/p>\n<p>Este <strong>5 de diciembre de 2025<\/strong>, el f\u00fatbol del Chaco no solo celebra un aniversario: <strong>celebra 100 a\u00f1os de identidad, pertenencia y pasi\u00f3n popular<\/strong>.<\/p>\n<p>&nbsp;<\/p>\n<p><img loading=\"lazy\" decoding=\"async\" class=\"alignnone wp-image-29673\" src=\"https:\/\/www.sportchaco.com.ar\/wp-content\/uploads\/2025\/12\/Luis-carita-287x300.jpg\" alt=\"\" width=\"83\" height=\"87\" srcset=\"https:\/\/www.sportchaco.com.ar\/wp-content\/uploads\/2025\/12\/Luis-carita-287x300.jpg 287w, https:\/\/www.sportchaco.com.ar\/wp-content\/uploads\/2025\/12\/Luis-carita.jpg 430w\" sizes=\"auto, (max-width: 83px) 100vw, 83px\" \/> <strong>Produccion de Luis Dar\u00edo Molodezky<\/strong><\/p>\n","protected":false},"excerpt":{"rendered":"<p>Este viernes 5 de diciembre de 2025 no ser\u00e1 una fecha m\u00e1s para el deporte chaque\u00f1o. Se cumplen 100 a\u00f1os de la fundaci\u00f3n de la hist\u00f3rica Liga Chaque\u00f1a de F\u00fatbol, aut\u00e9ntica instituci\u00f3n madre del f\u00fatbol del Gran Resistencia y una de las m\u00e1s prestigiosas del interior del pa\u00eds. &nbsp; \u00a0 Remo Pierotti &nbsp; Am\u00e9rico Mazzaferro &hellip;<\/p>\n","protected":false},"author":2,"featured_media":29649,"comment_status":"open","ping_status":"open","sticky":false,"template":"","format":"standard","meta":{"footnotes":""},"categories":[5,78],"tags":[],"class_list":["post-29648","post","type-post","status-publish","format-standard","has-post-thumbnail","hentry","category-futbol","category-historias"],"_links":{"self":[{"href":"https:\/\/www.sportchaco.com.ar\/index.php?rest_route=\/wp\/v2\/posts\/29648","targetHints":{"allow":["GET"]}}],"collection":[{"href":"https:\/\/www.sportchaco.com.ar\/index.php?rest_route=\/wp\/v2\/posts"}],"about":[{"href":"https:\/\/www.sportchaco.com.ar\/index.php?rest_route=\/wp\/v2\/types\/post"}],"author":[{"embeddable":true,"href":"https:\/\/www.sportchaco.com.ar\/index.php?rest_route=\/wp\/v2\/users\/2"}],"replies":[{"embeddable":true,"href":"https:\/\/www.sportchaco.com.ar\/index.php?rest_route=%2Fwp%2Fv2%2Fcomments&post=29648"}],"version-history":[{"count":6,"href":"https:\/\/www.sportchaco.com.ar\/index.php?rest_route=\/wp\/v2\/posts\/29648\/revisions"}],"predecessor-version":[{"id":29722,"href":"https:\/\/www.sportchaco.com.ar\/index.php?rest_route=\/wp\/v2\/posts\/29648\/revisions\/29722"}],"wp:featuredmedia":[{"embeddable":true,"href":"https:\/\/www.sportchaco.com.ar\/index.php?rest_route=\/wp\/v2\/media\/29649"}],"wp:attachment":[{"href":"https:\/\/www.sportchaco.com.ar\/index.php?rest_route=%2Fwp%2Fv2%2Fmedia&parent=29648"}],"wp:term":[{"taxonomy":"category","embeddable":true,"href":"https:\/\/www.sportchaco.com.ar\/index.php?rest_route=%2Fwp%2Fv2%2Fcategories&post=29648"},{"taxonomy":"post_tag","embeddable":true,"href":"https:\/\/www.sportchaco.com.ar\/index.php?rest_route=%2Fwp%2Fv2%2Ftags&post=29648"}],"curies":[{"name":"wp","href":"https:\/\/api.w.org\/{rel}","templated":true}]}}