{"id":29705,"date":"2025-12-04T20:26:17","date_gmt":"2025-12-04T23:26:17","guid":{"rendered":"https:\/\/www.sportchaco.com.ar\/?p=29705"},"modified":"2025-12-05T10:25:39","modified_gmt":"2025-12-05T13:25:39","slug":"la-liga-chaquena-recibio-el-predio-cedido-por-el-gobiernoen-el-aeropuerto","status":"publish","type":"post","link":"https:\/\/www.sportchaco.com.ar\/?p=29705","title":{"rendered":"La Liga Chaque\u00f1a recibi\u00f3 el predio cedido por el gobierno en el Aeropuerto"},"content":{"rendered":"<article class=\"text-token-text-primary w-full focus:outline-none [--shadow-height:45px] has-data-writing-block:pointer-events-none has-data-writing-block:-mt-(--shadow-height) has-data-writing-block:pt-(--shadow-height) [&amp;:has([data-writing-block])&gt;*]:pointer-events-auto [content-visibility:auto] supports-[content-visibility:auto]:[contain-intrinsic-size:auto_100lvh] scroll-mt-[calc(var(--header-height)+min(200px,max(70px,20svh)))]\" dir=\"auto\" tabindex=\"-1\" data-turn-id=\"96af1c04-4fb1-4f48-afa8-65cdbe458bd6\" data-testid=\"conversation-turn-2\" data-scroll-anchor=\"true\" data-turn=\"assistant\">\n<div class=\"text-base my-auto mx-auto pb-10 [--thread-content-margin:--spacing(4)] thread-sm:[--thread-content-margin:--spacing(6)] thread-lg:[--thread-content-margin:--spacing(16)] px-(--thread-content-margin)\">\n<div class=\"[--thread-content-max-width:40rem] thread-lg:[--thread-content-max-width:48rem] mx-auto max-w-(--thread-content-max-width) flex-1 group\/turn-messages focus-visible:outline-hidden relative flex w-full min-w-0 flex-col agent-turn\" tabindex=\"-1\">\n<div class=\"flex max-w-full flex-col grow\">\n<div class=\"min-h-8 text-message relative flex w-full flex-col items-end gap-2 text-start break-words whitespace-normal [.text-message+&amp;]:mt-1\" dir=\"auto\" data-message-author-role=\"assistant\" data-message-id=\"48c77667-8bf9-4c1c-9197-4477b3fe7fdd\" data-message-model-slug=\"gpt-5-1\">\n<div class=\"flex w-full flex-col gap-1 empty:hidden first:pt-[1px]\">\n<div class=\"markdown prose dark:prose-invert w-full break-words light markdown-new-styling\">\n<h5 data-start=\"94\" data-end=\"472\">En el marco de los festejos por los <strong data-start=\"130\" data-end=\"164\">100 a\u00f1os de vida institucional<\/strong>, la <span class=\"hover:entity-accent entity-underline inline cursor-pointer align-baseline\"><span class=\"whitespace-normal\">Liga Chaque\u00f1a de F\u00fatbol<\/span><\/span> vivi\u00f3 este jueves una jornada que ya qued\u00f3 inscripta en su rica historia: la inauguraci\u00f3n del nuevo <strong data-start=\"307\" data-end=\"338\">Predio Deportivo Aeropuerto<\/strong>, un anhelo largamente esperado que finalmente se convirti\u00f3 en realidad tras un siglo de crecimiento, esfuerzo y pasi\u00f3n por el f\u00fatbol.<\/h5>\n<p data-start=\"474\" data-end=\"897\">El acto fue encabezado por el gobernador <span class=\"hover:entity-accent entity-underline inline cursor-pointer align-baseline\"><span class=\"whitespace-normal\">Leandro Zdero<\/span><\/span>, quien destac\u00f3 el valor simb\u00f3lico de la obra:<br data-start=\"598\" data-end=\"601\" \/>\u201c<strong data-start=\"602\" data-end=\"808\">Son 100 a\u00f1os de espera, de lucha y de mucho trabajo por parte de la Liga Chaque\u00f1a. Para nosotros es un honor cumplirles el sue\u00f1o de contar con un lugar propio para desarrollar sus actividades deportivas<\/strong>\u201d, expres\u00f3 ante dirigentes, funcionarios, deportistas y referentes del f\u00fatbol provincial.<\/p>\n<p data-start=\"899\" data-end=\"1425\">El mandatario estuvo acompa\u00f1ado por el presidente liguista <span class=\"hover:entity-accent entity-underline inline cursor-pointer align-baseline\"><span class=\"whitespace-normal\">Ra\u00fal Mosqueda<\/span><\/span>, la secretaria general de la Gobernaci\u00f3n <span class=\"hover:entity-accent entity-underline inline cursor-pointer align-baseline\"><span class=\"whitespace-normal\">Carolina Meiri\u00f1o<\/span><\/span>, el titular del <span class=\"hover:entity-accent entity-underline inline cursor-pointer align-baseline\"><span class=\"whitespace-normal\">Instituto del Deporte Chaque\u00f1o<\/span><\/span>, <span class=\"hover:entity-accent entity-underline inline cursor-pointer align-baseline\"><span class=\"whitespace-normal\">Fabio V\u00e1zquez<\/span><\/span>, y el presidente de <span class=\"hover:entity-accent entity-underline inline cursor-pointer align-baseline\"><span class=\"whitespace-normal\">Loter\u00eda Chaque\u00f1a<\/span><\/span>, <span class=\"hover:entity-accent entity-underline inline cursor-pointer align-baseline\"><span class=\"whitespace-normal\">Lucas Apud<\/span><\/span>. Adem\u00e1s, se anunci\u00f3 que durante la ceremonia central por el centenario se firmar\u00e1 formalmente el <strong data-start=\"1362\" data-end=\"1407\">convenio de entrega definitiva del predio<\/strong> a la instituci\u00f3n.<\/p>\n<h3 data-start=\"1427\" data-end=\"1477\">Un espacio propio para el presente y el futuro<\/h3>\n<p data-start=\"1479\" data-end=\"1815\">El predio, ubicado en el \u00e1rea de influencia del <span class=\"hover:entity-accent entity-underline inline cursor-pointer align-baseline\"><span class=\"whitespace-normal\">Aeropuerto Internacional de Resistencia<\/span><\/span>, forma parte del polo deportivo que se proyecta para la zona. Cuenta actualmente con <strong data-start=\"1650\" data-end=\"1686\">tres canchas de f\u00fatbol con arcos<\/strong>, ya acondicionadas tras los trabajos de mantenimiento realizados por el Ecoequipo de la Subsecretar\u00eda de Desarrollo Territorial.<\/p>\n<p data-start=\"1817\" data-end=\"2052\">A partir de ahora, <strong data-start=\"1836\" data-end=\"1867\">clubes de toda la provincia<\/strong> podr\u00e1n utilizar este espacio para <strong data-start=\"1902\" data-end=\"1991\">entrenamientos, partidos oficiales, competencias formativas y actividades recreativas<\/strong>, dando respuesta a una demanda hist\u00f3rica de infraestructura.<\/p>\n<p data-start=\"2054\" data-end=\"2476\">Durante su mensaje, Zdero record\u00f3 que las gestiones comenzaron a principios de este a\u00f1o y subray\u00f3 el valor colectivo del proyecto:<br data-start=\"2184\" data-end=\"2187\" \/>\u201c<strong data-start=\"2188\" data-end=\"2316\">Cada \u00e1rbol, cada ladrillo y cada granito de arena que se sume ser\u00e1 parte de la historia de esfuerzo y crecimiento de la Liga<\/strong>\u201d, afirm\u00f3. Tambi\u00e9n adelant\u00f3 que se continuar\u00e1 trabajando en <strong data-start=\"2376\" data-end=\"2430\">el cerramiento perimetral, sanitarios y vestuarios<\/strong>, para dejar el predio en \u00f3ptimas condiciones.<\/p>\n<p data-start=\"2478\" data-end=\"2762\">Por su parte, Fabio V\u00e1zquez remarc\u00f3 que la entrega del predio representa \u201c<strong data-start=\"2552\" data-end=\"2614\">el cumplimiento de un compromiso asumido por el gobernador<\/strong>\u201d y sostuvo que esta nueva infraestructura ser\u00e1 clave para <strong data-start=\"2673\" data-end=\"2717\">descomprimir la alta demanda de partidos<\/strong>, especialmente en las divisiones formativas.<\/p>\n<p data-start=\"2478\" data-end=\"2762\"><img loading=\"lazy\" decoding=\"async\" class=\"alignnone size-medium wp-image-29707\" src=\"https:\/\/www.sportchaco.com.ar\/wp-content\/uploads\/2025\/12\/ARBOLITO-225x300.jpg\" alt=\"\" width=\"225\" height=\"300\" srcset=\"https:\/\/www.sportchaco.com.ar\/wp-content\/uploads\/2025\/12\/ARBOLITO-225x300.jpg 225w, https:\/\/www.sportchaco.com.ar\/wp-content\/uploads\/2025\/12\/ARBOLITO-768x1024.jpg 768w, https:\/\/www.sportchaco.com.ar\/wp-content\/uploads\/2025\/12\/ARBOLITO.jpg 1080w\" sizes=\"auto, (max-width: 225px) 100vw, 225px\" \/>\u00a0 \u00a0 \u00a0 \u00a0 \u00a0 \u00a0 \u00a0 \u00a0 \u00a0 \u00a0 \u00a0 \u00a0 \u00a0 \u00a0 \u00a0 \u00a0 \u00a0 \u00a0 \u00a0 \u00a0<img loading=\"lazy\" decoding=\"async\" class=\"alignnone size-medium wp-image-29708\" src=\"https:\/\/www.sportchaco.com.ar\/wp-content\/uploads\/2025\/12\/ARCOS-300x200.jpg\" alt=\"\" width=\"300\" height=\"200\" srcset=\"https:\/\/www.sportchaco.com.ar\/wp-content\/uploads\/2025\/12\/ARCOS-300x200.jpg 300w, https:\/\/www.sportchaco.com.ar\/wp-content\/uploads\/2025\/12\/ARCOS-1024x683.jpg 1024w, https:\/\/www.sportchaco.com.ar\/wp-content\/uploads\/2025\/12\/ARCOS-768x512.jpg 768w, https:\/\/www.sportchaco.com.ar\/wp-content\/uploads\/2025\/12\/ARCOS.jpg 1080w\" sizes=\"auto, (max-width: 300px) 100vw, 300px\" \/><\/p>\n<h3 data-start=\"2764\" data-end=\"2805\">Un regalo hist\u00f3rico para los 100 a\u00f1os<\/h3>\n<p data-start=\"2807\" data-end=\"3138\">El centenario encuentra a la Liga Chaque\u00f1a en un momento de profunda significaci\u00f3n institucional. Tras <strong data-start=\"2910\" data-end=\"3038\">100 a\u00f1os de torneos, clubes fundadores, barrios movilizados por el f\u00fatbol y generaciones de dirigentes, t\u00e9cnicos y jugadores<\/strong>, el nuevo predio propio simboliza <strong data-start=\"3073\" data-end=\"3098\">un antes y un despu\u00e9s<\/strong> en la historia del balompi\u00e9 provincial.<\/p>\n<p data-start=\"3140\" data-end=\"3413\" data-is-last-node=\"\" data-is-only-node=\"\">No es solo una obra: es <strong data-start=\"3164\" data-end=\"3266\">una reparaci\u00f3n hist\u00f3rica, un acto de justicia deportiva y un legado para las pr\u00f3ximas generaciones<\/strong>. En su centenario, la Liga no solo celebra su glorioso pasado, sino que empieza a escribir, con bases s\u00f3lidas, el futuro que durante d\u00e9cadas so\u00f1\u00f3.<\/p>\n<p data-start=\"3140\" data-end=\"3413\" data-is-last-node=\"\" data-is-only-node=\"\"><em><strong>Foto portada de l gobernador Zdero con el presidente de la Liga Mosqueda y le presidente del IPDCh V\u00e1zquez<\/strong><\/em><\/p>\n<p data-start=\"3140\" data-end=\"3413\" data-is-last-node=\"\" data-is-only-node=\"\">\n<\/div>\n<\/div>\n<\/div>\n<\/div>\n<div class=\"z-0 flex min-h-[46px] justify-start\"><img decoding=\"async\" src=\"https:\/\/scontent.fcnq2-2.fna.fbcdn.net\/v\/t51.82787-15\/590420701_18439318798103295_2568026611701792943_n.webp?stp=dst-jpg_tt6&amp;_nc_cat=103&amp;ccb=1-7&amp;_nc_sid=127cfc&amp;_nc_eui2=AeG3rkd3yzvvkJP7b4eA0fbUiOA_F2gce1uI4D8XaBx7W1xL9HLzJ1xZTIWzMQz9bK4&amp;_nc_ohc=tsXffnnE-yMQ7kNvwF3sY-1&amp;_nc_oc=AdkVfftssQRn20GIyJwp1DlshjaQgjzcH51LHDoRp4UegKx6OjXUQ8y6Dbdqe0yEzTY&amp;_nc_zt=23&amp;_nc_ht=scontent.fcnq2-2.fna&amp;_nc_gid=Yg-p93uUQa6fmv-P6Jik0Q&amp;oh=00_AfkQ5QXTqPBuyNpkClu1K8SbMCmGE2P6xYlwjDgk4juhgA&amp;oe=6937F9A1\" alt=\"Puede ser una imagen de golf y texto\" \/><\/div>\n<div class=\"mt-3 w-full empty:hidden\">\n<div class=\"text-center\"><\/div>\n<\/div>\n<\/div>\n<\/div>\n<\/article>\n<div class=\"pointer-events-none h-px w-px\" aria-hidden=\"true\" data-edge=\"true\"><\/div>\n","protected":false},"excerpt":{"rendered":"<p>En el marco de los festejos por los 100 a\u00f1os de vida institucional, la Liga Chaque\u00f1a de F\u00fatbol vivi\u00f3 este jueves una jornada que ya qued\u00f3 inscripta en su rica historia: la inauguraci\u00f3n del nuevo Predio Deportivo Aeropuerto, un anhelo largamente esperado que finalmente se convirti\u00f3 en realidad tras un siglo de crecimiento, esfuerzo y &hellip;<\/p>\n","protected":false},"author":2,"featured_media":29706,"comment_status":"open","ping_status":"open","sticky":false,"template":"","format":"standard","meta":{"footnotes":""},"categories":[72],"tags":[],"class_list":["post-29705","post","type-post","status-publish","format-standard","has-post-thumbnail","hentry","category-futbol-puro"],"_links":{"self":[{"href":"https:\/\/www.sportchaco.com.ar\/index.php?rest_route=\/wp\/v2\/posts\/29705","targetHints":{"allow":["GET"]}}],"collection":[{"href":"https:\/\/www.sportchaco.com.ar\/index.php?rest_route=\/wp\/v2\/posts"}],"about":[{"href":"https:\/\/www.sportchaco.com.ar\/index.php?rest_route=\/wp\/v2\/types\/post"}],"author":[{"embeddable":true,"href":"https:\/\/www.sportchaco.com.ar\/index.php?rest_route=\/wp\/v2\/users\/2"}],"replies":[{"embeddable":true,"href":"https:\/\/www.sportchaco.com.ar\/index.php?rest_route=%2Fwp%2Fv2%2Fcomments&post=29705"}],"version-history":[{"count":4,"href":"https:\/\/www.sportchaco.com.ar\/index.php?rest_route=\/wp\/v2\/posts\/29705\/revisions"}],"predecessor-version":[{"id":29724,"href":"https:\/\/www.sportchaco.com.ar\/index.php?rest_route=\/wp\/v2\/posts\/29705\/revisions\/29724"}],"wp:featuredmedia":[{"embeddable":true,"href":"https:\/\/www.sportchaco.com.ar\/index.php?rest_route=\/wp\/v2\/media\/29706"}],"wp:attachment":[{"href":"https:\/\/www.sportchaco.com.ar\/index.php?rest_route=%2Fwp%2Fv2%2Fmedia&parent=29705"}],"wp:term":[{"taxonomy":"category","embeddable":true,"href":"https:\/\/www.sportchaco.com.ar\/index.php?rest_route=%2Fwp%2Fv2%2Fcategories&post=29705"},{"taxonomy":"post_tag","embeddable":true,"href":"https:\/\/www.sportchaco.com.ar\/index.php?rest_route=%2Fwp%2Fv2%2Ftags&post=29705"}],"curies":[{"name":"wp","href":"https:\/\/api.w.org\/{rel}","templated":true}]}}