{"id":29728,"date":"2025-12-05T11:04:28","date_gmt":"2025-12-05T14:04:28","guid":{"rendered":"https:\/\/www.sportchaco.com.ar\/?p=29728"},"modified":"2025-12-05T12:08:00","modified_gmt":"2025-12-05T15:08:00","slug":"un-siglo-de-futbol-recibido-con-fuegos-artificalews","status":"publish","type":"post","link":"https:\/\/www.sportchaco.com.ar\/?p=29728","title":{"rendered":"Un siglo de f\u00fatbol recibido con fuegos artificiales"},"content":{"rendered":"<h5 data-start=\"0\" data-end=\"92\"><\/h5>\n<h5 data-start=\"94\" data-end=\"635\"><\/h5>\n<p data-start=\"637\" data-end=\"948\">Lejos del tono protocolar, la jornada tuvo clima de festejo y reencuentro. El mandatario provincial se sum\u00f3 a los homenajes a una instituci\u00f3n que \u2014desde 1925\u2014 molde\u00f3 generaciones de futbolistas, forj\u00f3 rivalidades barriales memorables y sostuvo, incluso en \u00e9pocas dif\u00edciles, la pasi\u00f3n por el deporte m\u00e1s popular.<\/p>\n<p data-start=\"637\" data-end=\"948\"><img loading=\"lazy\" decoding=\"async\" class=\"aligncenter\" src=\"https:\/\/scontent.fcnq2-1.fna.fbcdn.net\/v\/t51.82787-15\/590408359_18439420015103295_4723469343803499021_n.webp?stp=dst-jpg_tt6&amp;_nc_cat=105&amp;ccb=1-7&amp;_nc_sid=127cfc&amp;_nc_eui2=AeFOvWOZR2481k1rcDgVlTSWZb1swh_BWMplvWzCH8FYym-4WEgSkVbHPAq0XzYIVrA&amp;_nc_ohc=sPcmiZDsptIQ7kNvwEoqdd5&amp;_nc_oc=Adnf8huZCsD2EBG580On54Ld49XpFpfTTXH0FQObNoq31h_R9ck-NtMB2JfmGJgM87M&amp;_nc_zt=23&amp;_nc_ht=scontent.fcnq2-1.fna&amp;_nc_gid=uesSQlsH-_ksoOj3HbVQvQ&amp;oh=00_AfmMC4OAY77PA4wau2jWm8EbtAI8slofnDYXpxB7Yonayw&amp;oe=6938AC7C\" alt=\"Puede ser una imagen de fuegos artificiales\" width=\"528\" height=\"352\" \/><\/p>\n<h3 data-start=\"950\" data-end=\"992\">\u201cCien a\u00f1os despu\u00e9s, un sue\u00f1o cumplido\u201d<\/h3>\n<p data-start=\"994\" data-end=\"1589\">En su discurso, Zdero hizo hincapi\u00e9 en un mensaje que atraves\u00f3 toda la celebraci\u00f3n: la concreci\u00f3n del <strong data-start=\"1096\" data-end=\"1127\">Predio Deportivo Aeropuerto<\/strong>, el esperado espacio propio para la Liga Chaque\u00f1a.<br data-start=\"1178\" data-end=\"1181\" \/>\u201c<strong data-start=\"1182\" data-end=\"1298\">Pasaron 100 a\u00f1os y para nosotros era fundamental cumplir ese gran anhelo de tener un lugar propio para el f\u00fatbol<\/strong>\u201d, expres\u00f3, en un tono que mezcl\u00f3 reconocimiento hist\u00f3rico y reivindicaci\u00f3n de gesti\u00f3n. Tambi\u00e9n valor\u00f3 la tarea de los clubes en la formaci\u00f3n de ni\u00f1as, ni\u00f1os y j\u00f3venes:<br data-start=\"1466\" data-end=\"1469\" \/>\u201c<strong data-start=\"1470\" data-end=\"1579\">El deporte es recuperaci\u00f3n de valores, contenci\u00f3n y futuro. Y los clubes son parte esencial de ese camino<\/strong>\u201d, agreg\u00f3.<\/p>\n<p data-start=\"1591\" data-end=\"1913\">Lo acompa\u00f1aban el presidente del Instituto del Deporte Chaque\u00f1o, Fabio V\u00e1zquez; el titular de la Liga, Ra\u00fal Mosqueda; la secretaria general de la Gobernaci\u00f3n, Carolina Meiri\u00f1o, y el presidente de Loter\u00eda Chaque\u00f1a, Lucas Apud. Una foto amplia de dirigencia y pol\u00edtica que ratific\u00f3 el peso institucional de la conmemoraci\u00f3n.<\/p>\n<p data-start=\"1591\" data-end=\"1913\"><img decoding=\"async\" src=\"https:\/\/scontent.fcnq2-1.fna.fbcdn.net\/v\/t51.82787-15\/590412067_18439419976103295_9017585157850511877_n.webp?stp=dst-jpg_tt6&amp;_nc_cat=105&amp;ccb=1-7&amp;_nc_sid=127cfc&amp;_nc_eui2=AeHcVrS_LIMndfVV0r41On1xOCKAVLg6_ac4IoBUuDr9p5DBNfRj01atSm4bpLJX7xI&amp;_nc_ohc=QGaglXUGQUkQ7kNvwF4mkTh&amp;_nc_oc=AdmMFtzd-pG0iVhGOzLh8JMMKnYVEh0SNavoGw6J1F-hJv6c0HB161XPa1RQ2LjRDb8&amp;_nc_zt=23&amp;_nc_ht=scontent.fcnq2-1.fna&amp;_nc_gid=v-KBDSu8z2uN29H9W0Kc2g&amp;oh=00_AfkNeel5LNdKv14rJAl_kPFVseP5siW0jyKwFV3iR3G0mQ&amp;oe=6938A5EE\" alt=\"Puede ser una imagen de baloncesto y texto\" \/><\/p>\n<h3 data-start=\"1915\" data-end=\"1954\">Una Liga que atraviesa generaciones<\/h3>\n<p data-start=\"1956\" data-end=\"2258\">Fundada el <strong data-start=\"1967\" data-end=\"1993\">5 de diciembre de 1925<\/strong>, la Liga Chaque\u00f1a comenz\u00f3 como un peque\u00f1o consejo de dirigentes y hoy agrupa a numerosos clubes de Resistencia y alrededores. Desde su sede hist\u00f3rica de Brown 227, fue consolidando un espacio de competencia que model\u00f3 la identidad deportiva de la capital chaque\u00f1a.<\/p>\n<p data-start=\"2260\" data-end=\"2637\">A lo largo de un siglo, vio surgir a instituciones populares, acompa\u00f1\u00f3 el crecimiento de los barrios y fue escenario de innumerables cl\u00e1sicos, ascensos, descensos y campa\u00f1as que forman parte del patrimonio afectivo de miles de hinchas. Integra la Federaci\u00f3n Chaque\u00f1a de F\u00fatbol y, desde 2004, participa del Torneo Federativo, que abre puertas a competencias de alcance nacional.<\/p>\n<p data-start=\"2260\" data-end=\"2637\"><img decoding=\"async\" src=\"https:\/\/scontent.fcnq2-2.fna.fbcdn.net\/v\/t51.82787-15\/590420396_18439419931103295_8493958520488189730_n.webp?stp=dst-jpg_tt6&amp;_nc_cat=104&amp;ccb=1-7&amp;_nc_sid=127cfc&amp;_nc_eui2=AeH3AsQwBEAIlRxvjOg_-JkiCtGIV7XfWssK0YhXtd9ay70AvBbdotzOyrD49bqCjJU&amp;_nc_ohc=4eLK-h3u71cQ7kNvwEHfA4X&amp;_nc_oc=Adm7ahQzotGAgBlL5HVg_v0YQug8vkCa7uY9ucrUp2Scj2JSuvh4v7-zCgMzRZuFegc&amp;_nc_zt=23&amp;_nc_ht=scontent.fcnq2-2.fna&amp;_nc_gid=ETjhkMIsc5EKhLhk_UVwrA&amp;oh=00_AflGqphMJMFcq31PzW-Nwy_u0_auZxM-xPc3I3IDCEO9tw&amp;oe=6938CE86\" alt=\"Puede ser una imagen de mesa, multitud y texto\" \/><\/p>\n<h3 data-start=\"2639\" data-end=\"2680\">Un centenario que mira hacia adelante<\/h3>\n<p data-start=\"2682\" data-end=\"3039\">El festejo no fue solo una evocaci\u00f3n de glorias pasadas. La entrega del predio en comodato \u2014y las obras que se prometen completar\u2014 le otorgan a la Liga una infraestructura clave para su funcionamiento y proyecci\u00f3n. En un contexto donde los clubes multiplican esfuerzos para sostener sus actividades, disponer de canchas y un espacio de gesti\u00f3n se vuelve central.<\/p>\n<p data-start=\"3041\" data-end=\"3325\" data-is-last-node=\"\" data-is-only-node=\"\">As\u00ed, el centenario no se limit\u00f3 a una mirada nost\u00e1lgica. Fue tambi\u00e9n un gesto de futuro: la reafirmaci\u00f3n de que el f\u00fatbol chaque\u00f1o sigue siendo motor social, cultural y comunitario. Y que, cien a\u00f1os despu\u00e9s de aquel 1925 fundacional, la Liga Chaque\u00f1a todav\u00eda tiene mucho por escribir.<\/p>\n<p data-start=\"3041\" data-end=\"3325\" data-is-last-node=\"\" data-is-only-node=\"\"><img loading=\"lazy\" decoding=\"async\" class=\"\" src=\"https:\/\/scontent.fcnq2-1.fna.fbcdn.net\/v\/t51.82787-15\/588521231_18439419913103295_19256640127650840_n.webp?stp=dst-jpg_tt6&amp;_nc_cat=105&amp;ccb=1-7&amp;_nc_sid=127cfc&amp;_nc_eui2=AeGkMlZpkrlI2uQIf8EUFdAP5gdgN8YhehnmB2A3xiF6GSYsWcEnENPReUXdQFRPX8w&amp;_nc_ohc=RKOd5Id4BuQQ7kNvwHFrvnI&amp;_nc_oc=AdlOovEg-WDnVuCUXHGVT8_4WG_aCbMy7vqoVZAVxt0gOP3C43KOre5DHyDUZJMJbrM&amp;_nc_zt=23&amp;_nc_ht=scontent.fcnq2-1.fna&amp;_nc_gid=_rmM_1imu4rCtYqFNpNWpg&amp;oh=00_Aflw35z69Ys--yG5IuxGBzb7Op5TmKLcObgxfQT1eldp9Q&amp;oe=69389C93\" alt=\"Puede ser una imagen de una o varias personas y texto\" width=\"404\" height=\"269\" \/> <img loading=\"lazy\" decoding=\"async\" class=\"\" src=\"https:\/\/scontent.fcnq2-1.fna.fbcdn.net\/v\/t51.82787-15\/590410907_18439420042103295_4854446976159044156_n.webp?stp=dst-jpg_tt6&amp;_nc_cat=100&amp;ccb=1-7&amp;_nc_sid=127cfc&amp;_nc_eui2=AeG3Fx3kpytH1gwNRcPIZP58OOulqrhljlA466WquGWOUJ9C5eN3nGb9UrvnEx7XY4M&amp;_nc_ohc=q6PUEpNrg4QQ7kNvwEk2mHl&amp;_nc_oc=AdlojzXL8HvqkWkK0qxWxT0hPwC_IKJMGFU8qQIhAyb2-X3AIvDPWvawNGJbQmaiqXE&amp;_nc_zt=23&amp;_nc_ht=scontent.fcnq2-1.fna&amp;_nc_gid=g-YPVwwtJOM1wMFt17YNzQ&amp;oh=00_Afm2QBs4gbPvHMcgbBY6BOGBYapTnKKv5A-8ScSXgyVwmQ&amp;oe=6938B93C\" alt=\"Puede ser una imagen de f\u00fatbol, f\u00fatbol americano y texto que dice &quot;L.CH.F. A\u00f1os 5 \u0906\u092f' \u039a\u0391PA NYG bierno del CHAC C \u179a\u17d2\u17c1 10 OR&quot;\" width=\"389\" height=\"259\" \/><\/p>\n","protected":false},"excerpt":{"rendered":"<p>Lejos del tono protocolar, la jornada tuvo clima de festejo y reencuentro. El mandatario provincial se sum\u00f3 a los homenajes a una instituci\u00f3n que \u2014desde 1925\u2014 molde\u00f3 generaciones de futbolistas, forj\u00f3 rivalidades barriales memorables y sostuvo, incluso en \u00e9pocas dif\u00edciles, la pasi\u00f3n por el deporte m\u00e1s popular. \u201cCien a\u00f1os despu\u00e9s, un sue\u00f1o cumplido\u201d En su &hellip;<\/p>\n","protected":false},"author":2,"featured_media":29729,"comment_status":"open","ping_status":"open","sticky":false,"template":"","format":"standard","meta":{"footnotes":""},"categories":[72,78],"tags":[],"class_list":["post-29728","post","type-post","status-publish","format-standard","has-post-thumbnail","hentry","category-futbol-puro","category-historias"],"_links":{"self":[{"href":"https:\/\/www.sportchaco.com.ar\/index.php?rest_route=\/wp\/v2\/posts\/29728","targetHints":{"allow":["GET"]}}],"collection":[{"href":"https:\/\/www.sportchaco.com.ar\/index.php?rest_route=\/wp\/v2\/posts"}],"about":[{"href":"https:\/\/www.sportchaco.com.ar\/index.php?rest_route=\/wp\/v2\/types\/post"}],"author":[{"embeddable":true,"href":"https:\/\/www.sportchaco.com.ar\/index.php?rest_route=\/wp\/v2\/users\/2"}],"replies":[{"embeddable":true,"href":"https:\/\/www.sportchaco.com.ar\/index.php?rest_route=%2Fwp%2Fv2%2Fcomments&post=29728"}],"version-history":[{"count":2,"href":"https:\/\/www.sportchaco.com.ar\/index.php?rest_route=\/wp\/v2\/posts\/29728\/revisions"}],"predecessor-version":[{"id":29739,"href":"https:\/\/www.sportchaco.com.ar\/index.php?rest_route=\/wp\/v2\/posts\/29728\/revisions\/29739"}],"wp:featuredmedia":[{"embeddable":true,"href":"https:\/\/www.sportchaco.com.ar\/index.php?rest_route=\/wp\/v2\/media\/29729"}],"wp:attachment":[{"href":"https:\/\/www.sportchaco.com.ar\/index.php?rest_route=%2Fwp%2Fv2%2Fmedia&parent=29728"}],"wp:term":[{"taxonomy":"category","embeddable":true,"href":"https:\/\/www.sportchaco.com.ar\/index.php?rest_route=%2Fwp%2Fv2%2Fcategories&post=29728"},{"taxonomy":"post_tag","embeddable":true,"href":"https:\/\/www.sportchaco.com.ar\/index.php?rest_route=%2Fwp%2Fv2%2Ftags&post=29728"}],"curies":[{"name":"wp","href":"https:\/\/api.w.org\/{rel}","templated":true}]}}