{"id":2976,"date":"2023-11-17T23:12:01","date_gmt":"2023-11-18T02:12:01","guid":{"rendered":"https:\/\/www.sportchaco.com.ar\/?p=2976"},"modified":"2023-11-17T23:12:01","modified_gmt":"2023-11-18T02:12:01","slug":"vinicius-se-suma-a-la-lista-de-lesionados-en-brasil","status":"publish","type":"post","link":"https:\/\/www.sportchaco.com.ar\/?p=2976","title":{"rendered":"Vin\u00edcius se suma a la lista de lesionados en Brasil"},"content":{"rendered":"<h1 class=\"\"><\/h1>\n<p>El delantero brasile\u00f1o dej\u00f3 la concentraci\u00f3n de la\u00a0<em>Canarinha<\/em>\u00a0a ra\u00edz de su molestia en el muslo, viajar\u00e1 a Madrid para evaluarse y se perder\u00eda el cl\u00e1sico ante la\u00a0<em>Albiceleste.<\/em><\/p>\n<div>\n<div id=\"carouselExampleControls\" class=\"carousel slide\" data-ride=\"carousel\">\n<div class=\"carousel-inner\">\n<div class=\"carousel-item active\"><img decoding=\"async\" class=\"d-block w-100\" src=\"http:\/\/agenciafoco.com.ar\/media\/cache\/quality\/uploads\/noticias\/6557baf521554304014063.png\" \/><\/div>\n<\/div>\n<\/div>\n<p>&nbsp;<\/p>\n<p>&nbsp;<\/p>\n<\/div>\n<p>&nbsp;<\/p>\n<div class=\"sharethis-inline-share-buttons pb-3\"><\/div>\n<p>La remontada de Colombia ante Brasil por 2-1, no s\u00f3lo cay\u00f3 p\u00e9simo en la Verdeamarelha por la posici\u00f3n en la que se coloc\u00f3 en la tabla de las Eliminatorias Sudamericanas, sino tambi\u00e9n por la lesi\u00f3n muscular que sufri\u00f3 Vin\u00edcius Jr. en el primer tiempo, por la cual tuvo que salir reemplazado y se puso en duda su presencia en el pr\u00f3ximo partido del martes, ante la Selecci\u00f3n Argentina. Adem\u00e1s, este mediod\u00eda se confirm\u00f3 que el atacante del Real Madrid abandon\u00f3 la concentraci\u00f3n del plantel carioca para viajar a la capital de Espa\u00f1a y ser evaluado all\u00ed.<\/p>\n<p>\u00abCreo que es la misma lesi\u00f3n de la \u00faltima vez\u00bb, lament\u00f3 el delantero brasile\u00f1o ante la prensa, una vez terminado el encuentro en Barranquilla. Sin embargo, el futbolista merengue se mostr\u00f3 con confianza de cara al Supercl\u00e1sico de Sudam\u00e9rica, pese a las advertencias, y expres\u00f3: \u00abTratar\u00e9 de jugar contra Argentina pero el cuerpo m\u00e9dico me dijo que va a ser dif\u00edcil\u00bb. Lo cierto es que Vini vuelva a padecer una nueva lesi\u00f3n, debido a que la \u00faltima no fue hace tanto tiempo.<\/p>\n<p>Aquella vez, a la cual se refiri\u00f3 el ex Flamengo fue la rotura de fibras en el b\u00edceps femoral de la pierna derecha que sufri\u00f3 el 25 de agosto y por el que estuvo un mes de baja. Los estudios de esta ma\u00f1ana arrojaron que el joven de 23 a\u00f1os sufri\u00f3 una lesi\u00f3n muscular en el muslo izquierdo y viajar\u00e1 por la noche a Madrid para comenzar un tratamiento. Desde Brasil mantienen la esperanza que dicha lesi\u00f3n sea un poco menos grave que la anterior.<\/p>\n<p>A pesar de que no se pudo observar el momento de la lesi\u00f3n, Vin\u00edcius se resinti\u00f3 del golpe, pidi\u00f3 el cambio y tuvo que salir reemplazado antes de la media hora de juego por Jo\u00e3o Pedro. Una vez finalizado el primer tiempo, el jugador carioca, clave en la asistencia del gol de Martinelli, se retir\u00f3 hacia el vestuario rengueando con hielo en su pierna adolorida.<\/p>\n<p><strong>La lista de lesionados en Brasil a la que se sum\u00f3 Vin\u00edcius:<\/strong><\/p>\n<p>Ederson (trauma en el pie izquierdo),<\/p>\n<p>Neymar (rotura del ligamento cruzado anterior y del menisco),<\/p>\n<p>Casemiro (lesi\u00f3n en los isquiotibiales),<\/p>\n<p>Danilo (lesi\u00f3n de bajo grado en el b\u00edceps femoral del muslo izquierdo)<\/p>\n<p>Richarlison (lesi\u00f3n en la pelvis).<\/p>\n<p>Vin\u00edcius (lesi\u00f3n muscular en el muslo izquierdo)<\/p>\n<p><em>Fuente: TyCSports<\/em><\/p>\n<p>&nbsp;<\/p>\n<p><strong>Foto de Vinicius que se retira lesionado del partido ante Colombia<\/strong><\/p>\n","protected":false},"excerpt":{"rendered":"<p>El delantero brasile\u00f1o dej\u00f3 la concentraci\u00f3n de la\u00a0Canarinha\u00a0a ra\u00edz de su molestia en el muslo, viajar\u00e1 a Madrid para evaluarse y se perder\u00eda el cl\u00e1sico ante la\u00a0Albiceleste. &nbsp; &nbsp; &nbsp; La remontada de Colombia ante Brasil por 2-1, no s\u00f3lo cay\u00f3 p\u00e9simo en la Verdeamarelha por la posici\u00f3n en la que se coloc\u00f3 en la &hellip;<\/p>\n","protected":false},"author":2,"featured_media":2977,"comment_status":"open","ping_status":"open","sticky":false,"template":"","format":"standard","meta":{"footnotes":""},"categories":[6],"tags":[],"class_list":["post-2976","post","type-post","status-publish","format-standard","has-post-thumbnail","hentry","category-internacionales"],"_links":{"self":[{"href":"https:\/\/www.sportchaco.com.ar\/index.php?rest_route=\/wp\/v2\/posts\/2976","targetHints":{"allow":["GET"]}}],"collection":[{"href":"https:\/\/www.sportchaco.com.ar\/index.php?rest_route=\/wp\/v2\/posts"}],"about":[{"href":"https:\/\/www.sportchaco.com.ar\/index.php?rest_route=\/wp\/v2\/types\/post"}],"author":[{"embeddable":true,"href":"https:\/\/www.sportchaco.com.ar\/index.php?rest_route=\/wp\/v2\/users\/2"}],"replies":[{"embeddable":true,"href":"https:\/\/www.sportchaco.com.ar\/index.php?rest_route=%2Fwp%2Fv2%2Fcomments&post=2976"}],"version-history":[{"count":1,"href":"https:\/\/www.sportchaco.com.ar\/index.php?rest_route=\/wp\/v2\/posts\/2976\/revisions"}],"predecessor-version":[{"id":2978,"href":"https:\/\/www.sportchaco.com.ar\/index.php?rest_route=\/wp\/v2\/posts\/2976\/revisions\/2978"}],"wp:featuredmedia":[{"embeddable":true,"href":"https:\/\/www.sportchaco.com.ar\/index.php?rest_route=\/wp\/v2\/media\/2977"}],"wp:attachment":[{"href":"https:\/\/www.sportchaco.com.ar\/index.php?rest_route=%2Fwp%2Fv2%2Fmedia&parent=2976"}],"wp:term":[{"taxonomy":"category","embeddable":true,"href":"https:\/\/www.sportchaco.com.ar\/index.php?rest_route=%2Fwp%2Fv2%2Fcategories&post=2976"},{"taxonomy":"post_tag","embeddable":true,"href":"https:\/\/www.sportchaco.com.ar\/index.php?rest_route=%2Fwp%2Fv2%2Ftags&post=2976"}],"curies":[{"name":"wp","href":"https:\/\/api.w.org\/{rel}","templated":true}]}}